{"id":166,"date":"2023-07-07T08:29:52","date_gmt":"2023-07-07T08:29:52","guid":{"rendered":"https:\/\/neshio.de\/?p=166"},"modified":"2023-07-08T04:30:02","modified_gmt":"2023-07-08T04:30:02","slug":"vitamin-a-mangel-symptome","status":"publish","type":"post","link":"https:\/\/neshio.de\/sv\/symptom-pa-brist-pa-vitamin-a\/","title":{"rendered":"6 symptom som kan vara ett tecken p\u00e5 brist p\u00e5 vitamin A"},"content":{"rendered":"<h2 class=\"wp-block-heading\">Varf\u00f6r vitamin A?<\/h2>\n\n\n\n<p>N\u00e4r det g\u00e4ller att h\u00e5lla sig frisk och se till att v\u00e5ra kroppar fungerar optimalt \u00e4r A-vitamin mycket viktigt. Vitamin A hj\u00e4lper oss med synen, immunsystemet, reproduktionen och \u00e4mnesoms\u00e4ttningen, samt hj\u00e4rtats, lungornas, njurarnas och hj\u00e4rnans funktion. Men det \u00e4r inte allt: A-vitamin har ocks\u00e5 antioxidativa egenskaper som kan skydda cellerna fr\u00e5n skador orsakade av fria radikaler.<\/p>\n\n\n\n<p>A-vitamin finns i m\u00e5nga olika livsmedel, t.ex. lax, spenat och andra bladgr\u00f6nsaker, mj\u00f6lk, ost, \u00e4ggulor, in\u00e4lvsmat, n\u00f6tlever, broccoli, pumpa, mor\u00f6tter, cantaloup, mango och aprikoser. Dessutom \u00e4r vissa frukostflingor berikade med vitamin A.<\/p>\n\n\n\n<p>Vuxna kvinnor b\u00f6r konsumera cirka 700 mikrogram (mcg) vitamin A per dag, medan rekommendationen f\u00f6r m\u00e4n \u00e4r n\u00e4rmare 900 mikrogram (mcg) per dag. Bristen p\u00e5 A-vitamin \u00e4r s\u00e4rskilt h\u00f6g i utvecklingsl\u00e4nder. Personer med problem att sm\u00e4lta fettl\u00f6sliga vitaminer kan l\u00f6pa st\u00f6rre risk att drabbas av A-vitaminbrist.<\/p>\n\n\n\n<h2 class=\"wp-block-heading\">Beredningar av vitamin A<\/h2>\n\n\n\n<p>\u00c4r du os\u00e4ker p\u00e5 om du beh\u00f6ver ta kosttillskott med A-vitamin? En tillr\u00e4cklig m\u00e4ngd A-vitamin kan intas enbart via maten. Eftersom A-vitamin inte b\u00f6r \u00f6verdoseras rekommenderas dock inte kosttillskott. F\u00f6r mycket A-vitamin kan vara skadligt, men vissa m\u00e4nniskor kan beh\u00f6va A-vitamintillskott. Personer som lider av undern\u00e4ring, bukspottk\u00f6rtelsjukdom, inflammatorisk sjukdom eller m\u00e4ssling har dock sannolikt nytta av A-vitamintillskott.<\/p>\n\n\n\n<p>Om du tar f\u00f6r mycket A-vitamin i form av kosttillskott kan du uppleva illam\u00e5ende, kr\u00e4kningar, dimsyn och yrsel. P\u00e5 l\u00e5ng sikt kan f\u00f6r mycket A-vitamin leda till symtom som hudirritation, led- och benv\u00e4rk, fosterskador, benf\u00f6rtunning, leverskador med mera.<\/p>\n\n\n\n<p>Om du \u00e4r orolig f\u00f6r att du kan ha brist p\u00e5 vitamin A, be din l\u00e4kare om ett blodprov f\u00f6r att fastst\u00e4lla dina retinol- eller betakarotenniv\u00e5er. Kroppen reglerar A-vitaminniv\u00e5erna eftersom detta n\u00e4rings\u00e4mne lagras i levern. N\u00e4r levern \u00e4r utarmad \u00e4r A-vitaminniv\u00e5n l\u00e5g.<\/p>\n\n\n\n<p>\u00c4ven om brist p\u00e5 A-vitamin \u00e4r ganska ovanligt finns det n\u00e5gra symtom som kan tyda p\u00e5 att du inte f\u00e5r i dig tillr\u00e4ckligt av vitaminet.<\/p>\n\n\n\n<h2 class=\"wp-block-heading\">Symptom p\u00e5 brist p\u00e5 vitamin A<\/h2>\n\n\n\n<h3 class=\"wp-block-heading\">1 Torra \u00f6gon<\/h3>\n\n\n\n<p>Torra \u00f6gon kan vara ett av de f\u00f6rsta tecknen p\u00e5 A-vitaminbrist. V\u00e5ra \u00f6gon \u00e4r t\u00e4ckta av ett lager v\u00e4tska som kallas t\u00e5rfilm, som skyddar och sm\u00f6rjer \u00f6gonen samtidigt som den h\u00e5ller \u00f6gats yta klar.<\/p>\n\n\n\n<p>En frisk och regelbunden t\u00e5rfilm \u00e4r n\u00f6dv\u00e4ndig f\u00f6r att vi ska kunna se klart. N\u00e4r ljus tr\u00e4ffar hornhinnan och t\u00e5rfilmen \u00e4r oregelbunden sprids ljuset. Om t\u00e5rfilmen inte \u00e4r av god kvalitet kan symtom p\u00e5 torra \u00f6gon uppst\u00e5. Ett av de f\u00f6rsta tecknen p\u00e5 A-vitaminbrist \u00e4r de s\u00e5 kallade Bitot-fl\u00e4ckarna, vita skumaktiga skador p\u00e5 hornhinnan.<\/p>\n\n\n\n<h3 class=\"wp-block-heading\">2 Nattblindhet<\/h3>\n\n\n\n<p>Nattblindhet \u00e4r ett annat tidigt tecken p\u00e5 A-vitaminbrist. Vitamin A \u00e4r en viktig komponent i rhodopsin, ett protein som absorberar ljus i n\u00e4thinnan. Rhodopsin \u00e4r \"stavdelen\" av \"stavar och tappar\" och \u00e4r avg\u00f6rande f\u00f6r m\u00f6rkerseendet.<\/p>\n\n\n\n<h3 class=\"wp-block-heading\">3 Problem med s\u00e5rl\u00e4kning<\/h3>\n\n\n\n<p>A-vitamin \u00e4r en viktig komponent f\u00f6r god s\u00e5rl\u00e4kning. En anledning till detta \u00e4r att A-vitamin d\u00e4mpar kroppens inflammatoriska reaktion och kan hj\u00e4lpa till att kontrollera \u00f6verdriven inflammation. Utan tillr\u00e4ckligt med A-vitamin kan kroppen inte l\u00e4ka ordentligt.<\/p>\n\n\n\n<h3 class=\"wp-block-heading\">4 \u00d6kning av infektioner i br\u00f6st, hals och luftv\u00e4gar.<\/h3>\n\n\n\n<p>A-vitaminbrist kan f\u00f6rknippas med hals-, luftv\u00e4gs- och br\u00f6stinfektioner. Ta dock inte tillskott av A-vitamin enbart av den anledningen - det beh\u00f6vs mer forskning p\u00e5 omr\u00e5det, och tillskott kan ha ganska allvarliga biverkningar om du inte har brist p\u00e5 n\u00e5got.<\/p>\n\n\n\n<p>Vitamin A anses ha en skyddande effekt mot \u00f6verdriven inflammation i samband med invasiva patogener som f\u00f6rkylningar och infektioner. Vitamin A kan bidra till skyddet genom att modulera inflammation.<\/p>\n\n\n\n<h3 class=\"wp-block-heading\">5 Torr hud<\/h3>\n\n\n\n<p>A-vitaminbrist \u00e4r absolut inte den enda orsaken till torr hud, eksem och andra hudproblem, men det kan spela en roll. N\u00e4r man tittar p\u00e5 ingredienser i hudv\u00e5rdsprodukter \u00e4r retinol en ganska vanlig term. Det visar sig att retinol h\u00e4rr\u00f6r fr\u00e5n A-vitamin och har m\u00e5nga f\u00f6rdelar f\u00f6r huden, som att minska rynkor, j\u00e4mna ut hudens struktur och mycket mer. Om man f\u00f6rst\u00e5r detta samband \u00e4r det logiskt att brist p\u00e5 A-vitamin kan spela en roll vid hudproblem.<\/p>\n\n\n\n<p>Huden inneh\u00e5ller retinoidreceptorer och en tillr\u00e4cklig tillf\u00f6rsel av A-vitamin hj\u00e4lper till att bilda nya hudceller, minska inflammation och f\u00f6rhindra torrhet. En otillr\u00e4cklig tillf\u00f6rsel av detta vitamin kan d\u00e4rf\u00f6r leda till torr hud.<\/p>\n\n\n\n<h3 class=\"wp-block-heading\">6 Problem med fertilitet<\/h3>\n\n\n\n<p>Djurstudier har visat att brist p\u00e5 vitamin A kan vara f\u00f6rknippat med infertilitet. Vi vet att A-vitamin spelar en roll i ett antal reproduktionsprocesser, men det beh\u00f6vs mer forskning p\u00e5 detta omr\u00e5de f\u00f6r att ta reda p\u00e5 om A-vitaminbrist \u00e4r kopplat till fertilitetsproblem hos b\u00e5de m\u00e4n och kvinnor.<\/p>","protected":false},"excerpt":{"rendered":"<p>Warum Vitamin A? Wenn es darum geht, gesund zu bleiben und daf\u00fcr zu sorgen, dass unser K\u00f6rper optimal funktioniert, ist [&hellip;]<\/p>\n","protected":false},"author":2,"featured_media":174,"comment_status":"closed","ping_status":"open","sticky":false,"template":"","format":"standard","meta":{"_acf_changed":false,"_uag_custom_page_level_css":"","site-sidebar-layout":"default","site-content-layout":"","ast-site-content-layout":"default","site-content-style":"default","site-sidebar-style":"default","ast-global-header-display":"","ast-banner-title-visibility":"","ast-main-header-display":"","ast-hfb-above-header-display":"","ast-hfb-below-header-display":"","ast-hfb-mobile-header-display":"","site-post-title":"","ast-breadcrumbs-content":"","ast-featured-img":"","footer-sml-layout":"","ast-disable-related-posts":"","theme-transparent-header-meta":"","adv-header-id-meta":"","stick-header-meta":"","header-above-stick-meta":"","header-main-stick-meta":"","header-below-stick-meta":"","astra-migrate-meta-layouts":"default","ast-page-background-enabled":"default","ast-page-background-meta":{"desktop":{"background-color":"","background-image":"","background-repeat":"repeat","background-position":"center center","background-size":"auto","background-attachment":"scroll","background-type":"","background-media":"","overlay-type":"","overlay-color":"","overlay-opacity":"","overlay-gradient":""},"tablet":{"background-color":"","background-image":"","background-repeat":"repeat","background-position":"center center","background-size":"auto","background-attachment":"scroll","background-type":"","background-media":"","overlay-type":"","overlay-color":"","overlay-opacity":"","overlay-gradient":""},"mobile":{"background-color":"","background-image":"","background-repeat":"repeat","background-position":"center center","background-size":"auto","background-attachment":"scroll","background-type":"","background-media":"","overlay-type":"","overlay-color":"","overlay-opacity":"","overlay-gradient":""}},"ast-content-background-meta":{"desktop":{"background-color":"var(--ast-global-color-5)","background-image":"","background-repeat":"repeat","background-position":"center center","background-size":"auto","background-attachment":"scroll","background-type":"","background-media":"","overlay-type":"","overlay-color":"","overlay-opacity":"","overlay-gradient":""},"tablet":{"background-color":"var(--ast-global-color-5)","background-image":"","background-repeat":"repeat","background-position":"center center","background-size":"auto","background-attachment":"scroll","background-type":"","background-media":"","overlay-type":"","overlay-color":"","overlay-opacity":"","overlay-gradient":""},"mobile":{"background-color":"var(--ast-global-color-5)","background-image":"","background-repeat":"repeat","background-position":"center center","background-size":"auto","background-attachment":"scroll","background-type":"","background-media":"","overlay-type":"","overlay-color":"","overlay-opacity":"","overlay-gradient":""}},"footnotes":""},"categories":[17,16],"tags":[],"class_list":["post-166","post","type-post","status-publish","format-standard","has-post-thumbnail","hentry","category-ernaehrung","category-gesundheit"],"acf":[],"yoast_head":"<!-- This site is optimized with the Yoast SEO Premium plugin v20.12 (Yoast SEO v27.4) - https:\/\/yoast.com\/product\/yoast-seo-premium-wordpress\/ -->\n<title>Vitamin A Mangel Symptome: 6 Anzeichen und was tun?<\/title>\n<meta name=\"description\" content=\"Was f\u00fcr Symptome hat man bei Vitamin A Mangel? Um daf\u00fcr zu sorgen, dass unser K\u00f6rper optimal funktioniert ist Vitamin A wichtig.\" \/>\n<meta name=\"robots\" content=\"index, follow, max-snippet:-1, max-image-preview:large, max-video-preview:-1\" \/>\n<link rel=\"canonical\" href=\"https:\/\/neshio.de\/sv\/symptom-pa-brist-pa-vitamin-a\/\" \/>\n<meta property=\"og:locale\" content=\"sv_SE\" \/>\n<meta property=\"og:type\" content=\"article\" \/>\n<meta property=\"og:title\" content=\"6 Symptome, die ein Zeichen f\u00fcr einen Vitamin-A-Mangel sein k\u00f6nnen\" \/>\n<meta property=\"og:description\" content=\"Was f\u00fcr Symptome hat man bei Vitamin A Mangel? Um daf\u00fcr zu sorgen, dass unser K\u00f6rper optimal funktioniert ist Vitamin A wichtig.\" \/>\n<meta property=\"og:url\" content=\"https:\/\/neshio.de\/sv\/symptom-pa-brist-pa-vitamin-a\/\" \/>\n<meta property=\"og:site_name\" content=\"NESHIO\" \/>\n<meta property=\"article:publisher\" content=\"https:\/\/www.facebook.com\/Neshio.Official\" \/>\n<meta property=\"article:published_time\" content=\"2023-07-07T08:29:52+00:00\" \/>\n<meta property=\"article:modified_time\" content=\"2023-07-08T04:30:02+00:00\" \/>\n<meta property=\"og:image\" content=\"https:\/\/neshio.de\/wp-content\/uploads\/2021\/11\/vitamin-a-mangel-symptome.jpg\" \/>\n\t<meta property=\"og:image:width\" content=\"900\" \/>\n\t<meta property=\"og:image:height\" content=\"671\" \/>\n\t<meta property=\"og:image:type\" content=\"image\/jpeg\" \/>\n<meta name=\"author\" content=\"Sophie Anderson\" \/>\n<meta name=\"twitter:card\" content=\"summary_large_image\" \/>\n<meta name=\"twitter:label1\" content=\"Skriven av\" \/>\n\t<meta name=\"twitter:data1\" content=\"Sophie Anderson\" \/>\n\t<meta name=\"twitter:label2\" content=\"Ber\u00e4knad l\u00e4stid\" \/>\n\t<meta name=\"twitter:data2\" content=\"5 minuter\" \/>\n<script type=\"application\/ld+json\" class=\"yoast-schema-graph\">{\"@context\":\"https:\\\/\\\/schema.org\",\"@graph\":[{\"@type\":\"Article\",\"@id\":\"https:\\\/\\\/neshio.de\\\/vitamin-a-mangel-symptome\\\/#article\",\"isPartOf\":{\"@id\":\"https:\\\/\\\/neshio.de\\\/vitamin-a-mangel-symptome\\\/\"},\"author\":{\"name\":\"Sophie Anderson\",\"@id\":\"https:\\\/\\\/neshio.de\\\/#\\\/schema\\\/person\\\/b200f62173b05950188360ca99c9035a\"},\"headline\":\"6 Symptome, die ein Zeichen f\u00fcr einen Vitamin-A-Mangel sein k\u00f6nnen\",\"datePublished\":\"2023-07-07T08:29:52+00:00\",\"dateModified\":\"2023-07-08T04:30:02+00:00\",\"mainEntityOfPage\":{\"@id\":\"https:\\\/\\\/neshio.de\\\/vitamin-a-mangel-symptome\\\/\"},\"wordCount\":891,\"publisher\":{\"@id\":\"https:\\\/\\\/neshio.de\\\/#organization\"},\"image\":{\"@id\":\"https:\\\/\\\/neshio.de\\\/vitamin-a-mangel-symptome\\\/#primaryimage\"},\"thumbnailUrl\":\"https:\\\/\\\/neshio.de\\\/wp-content\\\/uploads\\\/2021\\\/11\\\/vitamin-a-mangel-symptome.jpg\",\"articleSection\":[\"Ern\u00e4hrung\",\"Gesundheit\"],\"inLanguage\":\"sv-SE\"},{\"@type\":\"WebPage\",\"@id\":\"https:\\\/\\\/neshio.de\\\/vitamin-a-mangel-symptome\\\/\",\"url\":\"https:\\\/\\\/neshio.de\\\/vitamin-a-mangel-symptome\\\/\",\"name\":\"Vitamin A Mangel Symptome: 6 Anzeichen und was tun?\",\"isPartOf\":{\"@id\":\"https:\\\/\\\/neshio.de\\\/#website\"},\"primaryImageOfPage\":{\"@id\":\"https:\\\/\\\/neshio.de\\\/vitamin-a-mangel-symptome\\\/#primaryimage\"},\"image\":{\"@id\":\"https:\\\/\\\/neshio.de\\\/vitamin-a-mangel-symptome\\\/#primaryimage\"},\"thumbnailUrl\":\"https:\\\/\\\/neshio.de\\\/wp-content\\\/uploads\\\/2021\\\/11\\\/vitamin-a-mangel-symptome.jpg\",\"datePublished\":\"2023-07-07T08:29:52+00:00\",\"dateModified\":\"2023-07-08T04:30:02+00:00\",\"description\":\"Was f\u00fcr Symptome hat man bei Vitamin A Mangel? Um daf\u00fcr zu sorgen, dass unser K\u00f6rper optimal funktioniert ist Vitamin A wichtig.\",\"breadcrumb\":{\"@id\":\"https:\\\/\\\/neshio.de\\\/vitamin-a-mangel-symptome\\\/#breadcrumb\"},\"inLanguage\":\"sv-SE\",\"potentialAction\":[{\"@type\":\"ReadAction\",\"target\":[\"https:\\\/\\\/neshio.de\\\/vitamin-a-mangel-symptome\\\/\"]}]},{\"@type\":\"ImageObject\",\"inLanguage\":\"sv-SE\",\"@id\":\"https:\\\/\\\/neshio.de\\\/vitamin-a-mangel-symptome\\\/#primaryimage\",\"url\":\"https:\\\/\\\/neshio.de\\\/wp-content\\\/uploads\\\/2021\\\/11\\\/vitamin-a-mangel-symptome.jpg\",\"contentUrl\":\"https:\\\/\\\/neshio.de\\\/wp-content\\\/uploads\\\/2021\\\/11\\\/vitamin-a-mangel-symptome.jpg\",\"width\":900,\"height\":671,\"caption\":\"vitamin-a-mangel-symptome\"},{\"@type\":\"BreadcrumbList\",\"@id\":\"https:\\\/\\\/neshio.de\\\/vitamin-a-mangel-symptome\\\/#breadcrumb\",\"itemListElement\":[{\"@type\":\"ListItem\",\"position\":1,\"name\":\"NESHIO\",\"item\":\"https:\\\/\\\/neshio.de\\\/\"},{\"@type\":\"ListItem\",\"position\":2,\"name\":\"Gesundheit\",\"item\":\"https:\\\/\\\/neshio.de\\\/gesundheit\\\/\"},{\"@type\":\"ListItem\",\"position\":3,\"name\":\"6 Symptome, die ein Zeichen f\u00fcr einen Vitamin-A-Mangel sein k\u00f6nnen\"}]},{\"@type\":\"WebSite\",\"@id\":\"https:\\\/\\\/neshio.de\\\/#website\",\"url\":\"https:\\\/\\\/neshio.de\\\/\",\"name\":\"NESHIO\",\"description\":\"Beauty und Gesundheit\",\"publisher\":{\"@id\":\"https:\\\/\\\/neshio.de\\\/#organization\"},\"potentialAction\":[{\"@type\":\"SearchAction\",\"target\":{\"@type\":\"EntryPoint\",\"urlTemplate\":\"https:\\\/\\\/neshio.de\\\/?s={search_term_string}\"},\"query-input\":{\"@type\":\"PropertyValueSpecification\",\"valueRequired\":true,\"valueName\":\"search_term_string\"}}],\"inLanguage\":\"sv-SE\"},{\"@type\":\"Organization\",\"@id\":\"https:\\\/\\\/neshio.de\\\/#organization\",\"name\":\"NESHIO\",\"url\":\"https:\\\/\\\/neshio.de\\\/\",\"logo\":{\"@type\":\"ImageObject\",\"inLanguage\":\"sv-SE\",\"@id\":\"https:\\\/\\\/neshio.de\\\/#\\\/schema\\\/logo\\\/image\\\/\",\"url\":\"https:\\\/\\\/neshio.de\\\/wp-content\\\/uploads\\\/2021\\\/04\\\/Neshio-Logo.png\",\"contentUrl\":\"https:\\\/\\\/neshio.de\\\/wp-content\\\/uploads\\\/2021\\\/04\\\/Neshio-Logo.png\",\"width\":247,\"height\":46,\"caption\":\"NESHIO\"},\"image\":{\"@id\":\"https:\\\/\\\/neshio.de\\\/#\\\/schema\\\/logo\\\/image\\\/\"},\"sameAs\":[\"https:\\\/\\\/www.facebook.com\\\/Neshio.Official\",\"https:\\\/\\\/www.instagram.com\\\/neshio_official\\\/\"]},{\"@type\":\"Person\",\"@id\":\"https:\\\/\\\/neshio.de\\\/#\\\/schema\\\/person\\\/b200f62173b05950188360ca99c9035a\",\"name\":\"Sophie Anderson\",\"image\":{\"@type\":\"ImageObject\",\"inLanguage\":\"sv-SE\",\"@id\":\"https:\\\/\\\/secure.gravatar.com\\\/avatar\\\/0642c44d71b5ff914134d4fae0229a1526b62082433e6a2715882bcac0479812?s=96&d=mm&r=g\",\"url\":\"https:\\\/\\\/secure.gravatar.com\\\/avatar\\\/0642c44d71b5ff914134d4fae0229a1526b62082433e6a2715882bcac0479812?s=96&d=mm&r=g\",\"contentUrl\":\"https:\\\/\\\/secure.gravatar.com\\\/avatar\\\/0642c44d71b5ff914134d4fae0229a1526b62082433e6a2715882bcac0479812?s=96&d=mm&r=g\",\"caption\":\"Sophie Anderson\"}}]}<\/script>\n<!-- \/ Yoast SEO Premium plugin. -->","yoast_head_json":{"title":"Symptom p\u00e5 A-vitaminbrist: 6 tecken och vad ska man g\u00f6ra?","description":"Vilka \u00e4r symtomen p\u00e5 brist p\u00e5 vitamin A? A-vitamin \u00e4r viktigt f\u00f6r att v\u00e5r kropp ska fungera optimalt.","robots":{"index":"index","follow":"follow","max-snippet":"max-snippet:-1","max-image-preview":"max-image-preview:large","max-video-preview":"max-video-preview:-1"},"canonical":"https:\/\/neshio.de\/sv\/symptom-pa-brist-pa-vitamin-a\/","og_locale":"sv_SE","og_type":"article","og_title":"6 Symptome, die ein Zeichen f\u00fcr einen Vitamin-A-Mangel sein k\u00f6nnen","og_description":"Was f\u00fcr Symptome hat man bei Vitamin A Mangel? Um daf\u00fcr zu sorgen, dass unser K\u00f6rper optimal funktioniert ist Vitamin A wichtig.","og_url":"https:\/\/neshio.de\/sv\/symptom-pa-brist-pa-vitamin-a\/","og_site_name":"NESHIO","article_publisher":"https:\/\/www.facebook.com\/Neshio.Official","article_published_time":"2023-07-07T08:29:52+00:00","article_modified_time":"2023-07-08T04:30:02+00:00","og_image":[{"width":900,"height":671,"url":"https:\/\/neshio.de\/wp-content\/uploads\/2021\/11\/vitamin-a-mangel-symptome.jpg","type":"image\/jpeg"}],"author":"Sophie Anderson","twitter_card":"summary_large_image","twitter_misc":{"Skriven av":"Sophie Anderson","Ber\u00e4knad l\u00e4stid":"5 minuter"},"schema":{"@context":"https:\/\/schema.org","@graph":[{"@type":"Article","@id":"https:\/\/neshio.de\/vitamin-a-mangel-symptome\/#article","isPartOf":{"@id":"https:\/\/neshio.de\/vitamin-a-mangel-symptome\/"},"author":{"name":"Sophie Anderson","@id":"https:\/\/neshio.de\/#\/schema\/person\/b200f62173b05950188360ca99c9035a"},"headline":"6 Symptome, die ein Zeichen f\u00fcr einen Vitamin-A-Mangel sein k\u00f6nnen","datePublished":"2023-07-07T08:29:52+00:00","dateModified":"2023-07-08T04:30:02+00:00","mainEntityOfPage":{"@id":"https:\/\/neshio.de\/vitamin-a-mangel-symptome\/"},"wordCount":891,"publisher":{"@id":"https:\/\/neshio.de\/#organization"},"image":{"@id":"https:\/\/neshio.de\/vitamin-a-mangel-symptome\/#primaryimage"},"thumbnailUrl":"https:\/\/neshio.de\/wp-content\/uploads\/2021\/11\/vitamin-a-mangel-symptome.jpg","articleSection":["Ern\u00e4hrung","Gesundheit"],"inLanguage":"sv-SE"},{"@type":"WebPage","@id":"https:\/\/neshio.de\/vitamin-a-mangel-symptome\/","url":"https:\/\/neshio.de\/vitamin-a-mangel-symptome\/","name":"Symptom p\u00e5 A-vitaminbrist: 6 tecken och vad ska man g\u00f6ra?","isPartOf":{"@id":"https:\/\/neshio.de\/#website"},"primaryImageOfPage":{"@id":"https:\/\/neshio.de\/vitamin-a-mangel-symptome\/#primaryimage"},"image":{"@id":"https:\/\/neshio.de\/vitamin-a-mangel-symptome\/#primaryimage"},"thumbnailUrl":"https:\/\/neshio.de\/wp-content\/uploads\/2021\/11\/vitamin-a-mangel-symptome.jpg","datePublished":"2023-07-07T08:29:52+00:00","dateModified":"2023-07-08T04:30:02+00:00","description":"Vilka \u00e4r symtomen p\u00e5 brist p\u00e5 vitamin A? A-vitamin \u00e4r viktigt f\u00f6r att v\u00e5r kropp ska fungera optimalt.","breadcrumb":{"@id":"https:\/\/neshio.de\/vitamin-a-mangel-symptome\/#breadcrumb"},"inLanguage":"sv-SE","potentialAction":[{"@type":"ReadAction","target":["https:\/\/neshio.de\/vitamin-a-mangel-symptome\/"]}]},{"@type":"ImageObject","inLanguage":"sv-SE","@id":"https:\/\/neshio.de\/vitamin-a-mangel-symptome\/#primaryimage","url":"https:\/\/neshio.de\/wp-content\/uploads\/2021\/11\/vitamin-a-mangel-symptome.jpg","contentUrl":"https:\/\/neshio.de\/wp-content\/uploads\/2021\/11\/vitamin-a-mangel-symptome.jpg","width":900,"height":671,"caption":"vitamin-a-mangel-symptome"},{"@type":"BreadcrumbList","@id":"https:\/\/neshio.de\/vitamin-a-mangel-symptome\/#breadcrumb","itemListElement":[{"@type":"ListItem","position":1,"name":"NESHIO","item":"https:\/\/neshio.de\/"},{"@type":"ListItem","position":2,"name":"Gesundheit","item":"https:\/\/neshio.de\/gesundheit\/"},{"@type":"ListItem","position":3,"name":"6 Symptome, die ein Zeichen f\u00fcr einen Vitamin-A-Mangel sein k\u00f6nnen"}]},{"@type":"WebSite","@id":"https:\/\/neshio.de\/#website","url":"https:\/\/neshio.de\/","name":"NESHIO","description":"Sk\u00f6nhet och h\u00e4lsa","publisher":{"@id":"https:\/\/neshio.de\/#organization"},"potentialAction":[{"@type":"SearchAction","target":{"@type":"EntryPoint","urlTemplate":"https:\/\/neshio.de\/?s={search_term_string}"},"query-input":{"@type":"PropertyValueSpecification","valueRequired":true,"valueName":"search_term_string"}}],"inLanguage":"sv-SE"},{"@type":"Organization","@id":"https:\/\/neshio.de\/#organization","name":"NESHIO","url":"https:\/\/neshio.de\/","logo":{"@type":"ImageObject","inLanguage":"sv-SE","@id":"https:\/\/neshio.de\/#\/schema\/logo\/image\/","url":"https:\/\/neshio.de\/wp-content\/uploads\/2021\/04\/Neshio-Logo.png","contentUrl":"https:\/\/neshio.de\/wp-content\/uploads\/2021\/04\/Neshio-Logo.png","width":247,"height":46,"caption":"NESHIO"},"image":{"@id":"https:\/\/neshio.de\/#\/schema\/logo\/image\/"},"sameAs":["https:\/\/www.facebook.com\/Neshio.Official","https:\/\/www.instagram.com\/neshio_official\/"]},{"@type":"Person","@id":"https:\/\/neshio.de\/#\/schema\/person\/b200f62173b05950188360ca99c9035a","name":"Sophie Anderson","image":{"@type":"ImageObject","inLanguage":"sv-SE","@id":"https:\/\/secure.gravatar.com\/avatar\/0642c44d71b5ff914134d4fae0229a1526b62082433e6a2715882bcac0479812?s=96&d=mm&r=g","url":"https:\/\/secure.gravatar.com\/avatar\/0642c44d71b5ff914134d4fae0229a1526b62082433e6a2715882bcac0479812?s=96&d=mm&r=g","contentUrl":"https:\/\/secure.gravatar.com\/avatar\/0642c44d71b5ff914134d4fae0229a1526b62082433e6a2715882bcac0479812?s=96&d=mm&r=g","caption":"Sophie Anderson"}}]}},"uagb_featured_image_src":{"full":["https:\/\/neshio.de\/wp-content\/uploads\/2021\/11\/vitamin-a-mangel-symptome.jpg",900,671,false],"thumbnail":["https:\/\/neshio.de\/wp-content\/uploads\/2021\/11\/vitamin-a-mangel-symptome-150x150.jpg",150,150,true],"medium":["https:\/\/neshio.de\/wp-content\/uploads\/2021\/11\/vitamin-a-mangel-symptome-300x224.jpg",300,224,true],"medium_large":["https:\/\/neshio.de\/wp-content\/uploads\/2021\/11\/vitamin-a-mangel-symptome-768x573.jpg",768,573,true],"large":["https:\/\/neshio.de\/wp-content\/uploads\/2021\/11\/vitamin-a-mangel-symptome.jpg",900,671,false],"1536x1536":["https:\/\/neshio.de\/wp-content\/uploads\/2021\/11\/vitamin-a-mangel-symptome.jpg",900,671,false],"2048x2048":["https:\/\/neshio.de\/wp-content\/uploads\/2021\/11\/vitamin-a-mangel-symptome.jpg",900,671,false],"trp-custom-language-flag":["https:\/\/neshio.de\/wp-content\/uploads\/2021\/11\/vitamin-a-mangel-symptome.jpg",16,12,false]},"uagb_author_info":{"display_name":"Sophie Anderson","author_link":"https:\/\/neshio.de\/sv\/author\/a-gladon\/"},"uagb_comment_info":1,"uagb_excerpt":"Warum Vitamin A? Wenn es darum geht, gesund zu bleiben und daf\u00fcr zu sorgen, dass unser K\u00f6rper optimal funktioniert, ist [&hellip;]","_links":{"self":[{"href":"https:\/\/neshio.de\/sv\/wp-json\/wp\/v2\/posts\/166","targetHints":{"allow":["GET"]}}],"collection":[{"href":"https:\/\/neshio.de\/sv\/wp-json\/wp\/v2\/posts"}],"about":[{"href":"https:\/\/neshio.de\/sv\/wp-json\/wp\/v2\/types\/post"}],"author":[{"embeddable":true,"href":"https:\/\/neshio.de\/sv\/wp-json\/wp\/v2\/users\/2"}],"replies":[{"embeddable":true,"href":"https:\/\/neshio.de\/sv\/wp-json\/wp\/v2\/comments?post=166"}],"version-history":[{"count":3,"href":"https:\/\/neshio.de\/sv\/wp-json\/wp\/v2\/posts\/166\/revisions"}],"predecessor-version":[{"id":338,"href":"https:\/\/neshio.de\/sv\/wp-json\/wp\/v2\/posts\/166\/revisions\/338"}],"wp:featuredmedia":[{"embeddable":true,"href":"https:\/\/neshio.de\/sv\/wp-json\/wp\/v2\/media\/174"}],"wp:attachment":[{"href":"https:\/\/neshio.de\/sv\/wp-json\/wp\/v2\/media?parent=166"}],"wp:term":[{"taxonomy":"category","embeddable":true,"href":"https:\/\/neshio.de\/sv\/wp-json\/wp\/v2\/categories?post=166"},{"taxonomy":"post_tag","embeddable":true,"href":"https:\/\/neshio.de\/sv\/wp-json\/wp\/v2\/tags?post=166"}],"curies":[{"name":"wp","href":"https:\/\/api.w.org\/{rel}","templated":true}]}}