{"id":243,"date":"2023-07-07T00:32:00","date_gmt":"2023-07-07T00:32:00","guid":{"rendered":"https:\/\/neshio.de\/?p=243"},"modified":"2023-07-08T04:32:34","modified_gmt":"2023-07-08T04:32:34","slug":"3-tage-bart","status":"publish","type":"post","link":"https:\/\/neshio.de\/sl\/3-dnevna-brada\/","title":{"rendered":"3-dnevni slog brade: 5 korakov do kratke brade s strni\u0161\u010dem"},"content":{"rendered":"<h2 class=\"wp-block-heading\" id=\"h-der-3-tage-bart\">Tridnevna brada<\/h2>\n\n\n\n<p>Za tridnevno stri\u017eenje brade je veliko razlogov. Prvi\u010d, enostavno jo je dose\u010di in vzdr\u017eevati. Drugi\u010d, lahko je primerna za skoraj vsak videz, obliko obraza in starost. \u010ce imate otro\u0161ki obraz, ste lahko z njo videti bolj zreli.<\/p>\n\n\n\n<p>Znane osebnosti, kot so David Beckman, Bradley Cooper in celo Chris Hemsworth, so bile opa\u017eene s krepko tridnevno stri\u017ejo. Za mo\u0161ke, ki se zavedajo mode, pa je ta \u0161e vedno tako vro\u010da kot kdaj koli prej. Z nekaj priro\u010dnimi orodji in <a href=\"https:\/\/www.amazon.de\/Braun-Barttrimmer-Haarschneider-39-L%C3%A4ngeneinstellungen-volt-gr%C3%BCn\/dp\/B0822Y7MF5\/ref=sr_1_2_sspa?__mk_de_DE=%C3%85M%C3%85%C5%BD%C3%95%C3%91&amp;crid=34XUOX1MSAXP2&amp;keywords=bart+trimmer&amp;qid=1636640447&amp;sprefix=bart+%2Caps%2C175&amp;sr=8-2-spons&amp;psc=1&amp;spLa=ZW5jcnlwdGVkUXVhbGlmaWVyPUFRWkVLNjhURVlRWlImZW5jcnlwdGVkSWQ9QTAwNzUxNzczTDhOTlcwN1ZaV1RLJmVuY3J5cHRlZEFkSWQ9QTA3NTQzODkzN1c0RlVPSkQ0ODBQJndpZGdldE5hbWU9c3BfYXRmJmFjdGlvbj1jbGlja1JlZGlyZWN0JmRvTm90TG9nQ2xpY2s9dHJ1ZQ==\" target=\"_blank\" rel=\"noreferrer noopener\">profesionalni trimer za brado<\/a>, boste dobili elegantno razli\u010dico tega mo\u0161kega videza.<\/p>\n\n\n\n<figure class=\"wp-block-image size-large is-resized\"><img loading=\"lazy\" decoding=\"async\" src=\"https:\/\/neshio.de\/wp-content\/uploads\/2021\/11\/Braun-Bart-Trimmer-1024x1012.jpg\" alt=\"Braun trimer za brado\" class=\"wp-image-245\" width=\"238\" height=\"235\" srcset=\"https:\/\/neshio.de\/wp-content\/uploads\/2021\/11\/Braun-Bart-Trimmer-1024x1012.jpg 1024w, https:\/\/neshio.de\/wp-content\/uploads\/2021\/11\/Braun-Bart-Trimmer-300x297.jpg 300w, https:\/\/neshio.de\/wp-content\/uploads\/2021\/11\/Braun-Bart-Trimmer-768x759.jpg 768w, https:\/\/neshio.de\/wp-content\/uploads\/2021\/11\/Braun-Bart-Trimmer.jpg 1500w\" sizes=\"auto, (max-width: 238px) 100vw, 238px\" \/><\/figure>\n\n\n\n<h2 class=\"wp-block-heading\">Zakaj si vzgojiti tridnevno brado?<\/h2>\n\n\n\n<p>Poleg tega, da je modna, je lahko bo\u017eji dar za mo\u0161ke, ki \u017eelijo skriti nepravilnosti ali si odpo\u010diti od ob\u010dutljive ko\u017ee. Poleg tega ima \u0161e dodaten o\u010darljiv u\u010dinek, saj izbolj\u0161a videz va\u0161e \u010deljusti. Za tiste, ki imate \u0161ibkej\u0161o brado, tako u\u010dinkovito uravnovesi obliko va\u0161ega obraza.<\/p>\n\n\n\n<h2 class=\"wp-block-heading\">Kako dose\u010di tridnevno brado<\/h2>\n\n\n\n<p>Na tej to\u010dki se vpra\u0161ate, kako obrijemo strni\u0161\u010de. Vendar ne gre le za to, da ga pustite rasti. Hudi\u010d se skriva v podrobnostih in ustvarjanju popolnega videza tridnevne brade. To pomeni, da je treba poiskati pravo orodje in izhajati iz enake osnove. S tem mislimo na dol\u017eino las na va\u0161em obrazu. Tukaj je vodnik po korakih, ki vam bo pomagal ustvariti brado od za\u010detka do konca.<\/p>\n\n\n\n<h3 class=\"wp-block-heading\">Korak 1: \u010cisto britje<\/h3>\n\n\n\n<p>Da, prav ste nas sli\u0161ali! Lepota brade je v tem, da jo lahko dose\u017eete v enem koncu tedna. Toda da bi dosegli enakomerno rast dlak na obrazu, morate za\u010deti na pravem mestu. Uporabite dobro in \u010disto rezilo, kot je npr. <a href=\"https:\/\/www.amazon.de\/Gillette-Rasierer-Rasierklingen-Anti-Irritations-Klingen-Rasierklinge\/dp\/B08PVJ91N1\/ref=sr_1_2_sspa?__mk_de_DE=%C3%85M%C3%85%C5%BD%C3%95%C3%91&amp;keywords=rasierklingen&amp;qid=1636642512&amp;sr=8-2-spons&amp;spLa=ZW5jcnlwdGVkUXVhbGlmaWVyPUEzVTQ2NUZBMUhMTzlXJmVuY3J5cHRlZElkPUEwOTMzMzIxMjBQTFM5OE0xSDhFVyZlbmNyeXB0ZWRBZElkPUEwMDYyNzI4MzY1TklEWTNIVUZHWiZ3aWRnZXROYW1lPXNwX2F0ZiZhY3Rpb249Y2xpY2tSZWRpcmVjdCZkb05vdExvZ0NsaWNrPXRydWU&amp;th=1\" target=\"_blank\" rel=\"noreferrer noopener\">Brivniki Fusion5 podjetja Gillette<\/a> da si obraz obrijete moker. S <a href=\"https:\/\/www.amazon.de\/Gillette-Fusion5-Sensitive-Rasiergel-M%C3%A4nner\/dp\/B082VPFZ5R\/ref=sr_1_9?__mk_de_DE=%C3%85M%C3%85%C5%BD%C3%95%C3%91&amp;keywords=Rasiergel&amp;qid=1636645335&amp;qsid=261-7640201-8036567&amp;sr=8-9&amp;sres=B07RY2V457%2CB000MQAW2I%2CB07VB87B2F%2CB085HD4W9S%2CB082VPFZ5R%2CB085HP3FMH%2CB089R41CBF%2CB000IAHWE4%2CB08THZH4HZ%2CB01BU1CXSO%2CB07RWJXX7H%2CB08WQQVMD3%2CB00RMIKEW2%2CB082VNHXVN%2CB08W5698G6%2CB0024L6LN8%2CB07VCDPBST%2CB07RX11281%2CB0012Y1ELM%2CB08WKS1MTG&amp;th=1\" target=\"_blank\" rel=\"noreferrer noopener\">Gel za britje<\/a> Naredite peno in se z ne\u017enimi gibi obrijte do ko\u017ee. Tridnevna brada je najlep\u0161a, \u010de jo oblikujete od za\u010detka. <\/p>\n\n\n\n<h3 class=\"wp-block-heading\">Korak 2: Voskanje dlak na obrazu<\/h3>\n\n\n\n<p>Ne imenuje se tridnevna brada brez dlake na jeziku. Ve\u010dina jih lahko v treh dneh dose\u017ee zadostno rast. Ko boste na obrazu dosegli primerno, enakomerno rast dlak, lahko razmi\u0161ljate o britju. Izbira dol\u017eine brade dolo\u010da kon\u010dni videz. \u010ce \u017eelite biti videti bolj urejeni, se odlo\u010dite za kraj\u0161o brado. Na koncu pa je ta izbira odvisna od vas. Preberite, kako si vzgojiti brado in kak\u0161ni slogi so na voljo.<\/p>\n\n\n\n<h3 class=\"wp-block-heading\">Korak 3: Kako obriti strni\u0161\u010de<\/h3>\n\n\n\n<p>Kako se brije strni\u0161\u010de? Najprej se obrijete po celem telesu. Za bolj eleganten videz se najpogosteje izbere dol\u017eina od 2 do 3 mm. Nato za\u010dnite stri\u010di dlake na bradi na obrazu in vratu. Pri stri\u017eenju poskrbite, da bo odstranjevanje dlak dosledno na celotnem obmo\u010dju.<\/p>\n\n\n\n<h3 class=\"wp-block-heading\">Korak 4: Odre\u017eite robove<\/h3>\n\n\n\n<p>S svojim <a href=\"https:\/\/www.amazon.de\/Hatteker-Haarschneidemaschine-Pr%C3%A4zisionstrimmer-Langhaarschneider-Nasenhaarschneider\/dp\/B08DJ6TXZN\/ref=sr_1_1_sspa?__mk_de_DE=%C3%85M%C3%85%C5%BD%C3%95%C3%91&amp;keywords=Pr%C3%A4zisionstrimmer&amp;qid=1636645150&amp;sr=8-1-spons&amp;psc=1&amp;smid=A1YR1KUKV2DGWH&amp;spLa=ZW5jcnlwdGVkUXVhbGlmaWVyPUExUFBOUVExSU5FVEFQJmVuY3J5cHRlZElkPUExMDE5ODQ5MVdKOVdWQTRXWjBRMCZlbmNyeXB0ZWRBZElkPUEwOTI3MDg0NUFCVkZFU0hHT1JKJndpZGdldE5hbWU9c3BfYXRmJmFjdGlvbj1jbGlja1JlZGlyZWN0JmRvTm90TG9nQ2xpY2s9dHJ1ZQ==\" target=\"_blank\" rel=\"noreferrer noopener\">Natan\u010den trimer<\/a> obre\u017eite rob okoli dekolteja, pri \u010demer za\u010dnite na zunanji strani in nadaljujte navznoter. Kako globoko ga boste potegnili navznoter, je odvisno od vas in va\u0161ega vzorca rasti las. \u010cisti robovi z bolj naravno obliko se najbolje obnesejo, \u010de jih oblikujete do grla in tik nad njim. Nato poskrbite za linijo dlak ob li\u010dnicah. Nato se posvetite ustom. <\/p>\n\n\n\n<h3 class=\"wp-block-heading\">Korak 5: \u010cisto britje okoli brade<\/h3>\n\n\n\n<p>Ne pozabite, da se moramo pred za\u010detkom britja izogibati ostrim linijam, saj je klju\u010dno, da se izognemo \u010distemu britju. Brada s tridnevnim strni\u0161\u010dem je videti precej naravno, zato je ta del zelo neobvezen. \u010ce pa \u017eelite bradi dodati definicijo, obrijte predele zunaj oblike, ki ste jo dolo\u010dili z natan\u010dnim stri\u017enikom. Z dobrim gelom za britje in \u010disto, ostro britvico oblikujte linije, ki ste jih \u017ee ustvarili. Osu\u0161ite obraz in nanesite blagodejno sredstvo za britje po britju. <a href=\"https:\/\/www.amazon.de\/Sensitive-beruhigende-Gesichtspflege-Feuchtigkeitscreme-Mandel%C3%B6l\/dp\/B07YQ8SHGX\/ref=sr_1_1_sspa?__mk_de_DE=%C3%85M%C3%85%C5%BD%C3%95%C3%91&amp;keywords=balsam+Bart&amp;qid=1636645257&amp;sr=8-1-spons&amp;psc=1&amp;spLa=ZW5jcnlwdGVkUXVhbGlmaWVyPUExUTNJUDBSRVc1VDUwJmVuY3J5cHRlZElkPUEwNTk3NzUxMjlDOVREWVlYSUwxOCZlbmNyeXB0ZWRBZElkPUEwOTk4MDMzMlZBUTBMNElRRVIxTCZ3aWRnZXROYW1lPXNwX2F0ZiZhY3Rpb249Y2xpY2tSZWRpcmVjdCZkb05vdExvZ0NsaWNrPXRydWU=\" target=\"_blank\" rel=\"noreferrer noopener\">Balsam<\/a> na. <\/p>\n\n\n\n<p>To je 5 preprostih korakov za ustvarjanje tridnevne brade, vredne zvezdnikov. Da bi jo ohranili v dobri kondiciji, jo vsakih nekaj dni postri\u017eite in poskrbite, da bodo lasje \u010disti in navla\u017eeni.<\/p>","protected":false},"excerpt":{"rendered":"<p>Der 3-Tage-Bart Es gibt viele Gr\u00fcnde, sich f\u00fcr einen 3-Tage-Stoppelbart zu entscheiden. Erstens ist er einfach zu erreichen und zu [&hellip;]<\/p>\n","protected":false},"author":3,"featured_media":262,"comment_status":"closed","ping_status":"open","sticky":false,"template":"","format":"standard","meta":{"_acf_changed":false,"_uag_custom_page_level_css":"","site-sidebar-layout":"default","site-content-layout":"","ast-site-content-layout":"default","site-content-style":"default","site-sidebar-style":"default","ast-global-header-display":"","ast-banner-title-visibility":"","ast-main-header-display":"","ast-hfb-above-header-display":"","ast-hfb-below-header-display":"","ast-hfb-mobile-header-display":"","site-post-title":"","ast-breadcrumbs-content":"","ast-featured-img":"","footer-sml-layout":"","ast-disable-related-posts":"","theme-transparent-header-meta":"","adv-header-id-meta":"","stick-header-meta":"","header-above-stick-meta":"","header-main-stick-meta":"","header-below-stick-meta":"","astra-migrate-meta-layouts":"default","ast-page-background-enabled":"default","ast-page-background-meta":{"desktop":{"background-color":"","background-image":"","background-repeat":"repeat","background-position":"center center","background-size":"auto","background-attachment":"scroll","background-type":"","background-media":"","overlay-type":"","overlay-color":"","overlay-opacity":"","overlay-gradient":""},"tablet":{"background-color":"","background-image":"","background-repeat":"repeat","background-position":"center center","background-size":"auto","background-attachment":"scroll","background-type":"","background-media":"","overlay-type":"","overlay-color":"","overlay-opacity":"","overlay-gradient":""},"mobile":{"background-color":"","background-image":"","background-repeat":"repeat","background-position":"center center","background-size":"auto","background-attachment":"scroll","background-type":"","background-media":"","overlay-type":"","overlay-color":"","overlay-opacity":"","overlay-gradient":""}},"ast-content-background-meta":{"desktop":{"background-color":"var(--ast-global-color-5)","background-image":"","background-repeat":"repeat","background-position":"center center","background-size":"auto","background-attachment":"scroll","background-type":"","background-media":"","overlay-type":"","overlay-color":"","overlay-opacity":"","overlay-gradient":""},"tablet":{"background-color":"var(--ast-global-color-5)","background-image":"","background-repeat":"repeat","background-position":"center center","background-size":"auto","background-attachment":"scroll","background-type":"","background-media":"","overlay-type":"","overlay-color":"","overlay-opacity":"","overlay-gradient":""},"mobile":{"background-color":"var(--ast-global-color-5)","background-image":"","background-repeat":"repeat","background-position":"center center","background-size":"auto","background-attachment":"scroll","background-type":"","background-media":"","overlay-type":"","overlay-color":"","overlay-opacity":"","overlay-gradient":""}},"footnotes":""},"categories":[19,11],"tags":[],"class_list":["post-243","post","type-post","status-publish","format-standard","has-post-thumbnail","hentry","category-bart","category-haare"],"acf":[],"yoast_head":"<!-- This site is optimized with the Yoast SEO Premium plugin v20.12 (Yoast SEO v27.4) - https:\/\/yoast.com\/product\/yoast-seo-premium-wordpress\/ -->\n<title>3 Tage Bart Style: 5 Schritte zum kurzem Stoppelbart-Look<\/title>\n<meta name=\"description\" content=\"Der 3 Tage Bart ist nach wie vor in Mode. Mit diesen 5 Schritten kommen Sie zu Ihren optimalen 3-Tage-Bart-Look\" \/>\n<meta name=\"robots\" content=\"index, follow, max-snippet:-1, max-image-preview:large, max-video-preview:-1\" \/>\n<link rel=\"canonical\" href=\"https:\/\/neshio.de\/sl\/3-dnevna-brada\/\" \/>\n<meta property=\"og:locale\" content=\"sl_SI\" \/>\n<meta property=\"og:type\" content=\"article\" \/>\n<meta property=\"og:title\" content=\"3 Tage Bart Style: 5 Schritte zum kurzem Stoppelbart-Look\" \/>\n<meta property=\"og:description\" content=\"Der 3 Tage Bart ist nach wie vor in Mode. Mit diesen 5 Schritten kommen Sie zu Ihren optimalen 3-Tage-Bart-Look\" \/>\n<meta property=\"og:url\" content=\"https:\/\/neshio.de\/sl\/3-dnevna-brada\/\" \/>\n<meta property=\"og:site_name\" content=\"NESHIO\" \/>\n<meta property=\"article:publisher\" content=\"https:\/\/www.facebook.com\/Neshio.Official\" \/>\n<meta property=\"article:published_time\" content=\"2023-07-07T00:32:00+00:00\" \/>\n<meta property=\"article:modified_time\" content=\"2023-07-08T04:32:34+00:00\" \/>\n<meta property=\"og:image\" content=\"https:\/\/neshio.de\/wp-content\/uploads\/2021\/11\/3-Tage-Bart.jpg\" \/>\n\t<meta property=\"og:image:width\" content=\"900\" \/>\n\t<meta property=\"og:image:height\" content=\"671\" \/>\n\t<meta property=\"og:image:type\" content=\"image\/jpeg\" \/>\n<meta name=\"author\" content=\"Marcel Allen\" \/>\n<meta name=\"twitter:card\" content=\"summary_large_image\" \/>\n<meta name=\"twitter:label1\" content=\"Written by\" \/>\n\t<meta name=\"twitter:data1\" content=\"Marcel Allen\" \/>\n\t<meta name=\"twitter:label2\" content=\"Est. reading time\" \/>\n\t<meta name=\"twitter:data2\" content=\"4 minute\" \/>\n<script type=\"application\/ld+json\" class=\"yoast-schema-graph\">{\"@context\":\"https:\\\/\\\/schema.org\",\"@graph\":[{\"@type\":\"Article\",\"@id\":\"https:\\\/\\\/neshio.de\\\/3-tage-bart\\\/#article\",\"isPartOf\":{\"@id\":\"https:\\\/\\\/neshio.de\\\/3-tage-bart\\\/\"},\"author\":{\"name\":\"Marcel Allen\",\"@id\":\"https:\\\/\\\/neshio.de\\\/#\\\/schema\\\/person\\\/40429a2e11b2dfabdafb9a63921ad6c3\"},\"headline\":\"3 Tage Bart Style: 5 Schritte zum kurzem Stoppelbart-Look\",\"datePublished\":\"2023-07-07T00:32:00+00:00\",\"dateModified\":\"2023-07-08T04:32:34+00:00\",\"mainEntityOfPage\":{\"@id\":\"https:\\\/\\\/neshio.de\\\/3-tage-bart\\\/\"},\"wordCount\":694,\"publisher\":{\"@id\":\"https:\\\/\\\/neshio.de\\\/#organization\"},\"image\":{\"@id\":\"https:\\\/\\\/neshio.de\\\/3-tage-bart\\\/#primaryimage\"},\"thumbnailUrl\":\"https:\\\/\\\/neshio.de\\\/wp-content\\\/uploads\\\/2021\\\/11\\\/3-Tage-Bart.jpg\",\"articleSection\":[\"Bart\",\"Haare\"],\"inLanguage\":\"sl-SI\"},{\"@type\":\"WebPage\",\"@id\":\"https:\\\/\\\/neshio.de\\\/3-tage-bart\\\/\",\"url\":\"https:\\\/\\\/neshio.de\\\/3-tage-bart\\\/\",\"name\":\"3 Tage Bart Style: 5 Schritte zum kurzem Stoppelbart-Look\",\"isPartOf\":{\"@id\":\"https:\\\/\\\/neshio.de\\\/#website\"},\"primaryImageOfPage\":{\"@id\":\"https:\\\/\\\/neshio.de\\\/3-tage-bart\\\/#primaryimage\"},\"image\":{\"@id\":\"https:\\\/\\\/neshio.de\\\/3-tage-bart\\\/#primaryimage\"},\"thumbnailUrl\":\"https:\\\/\\\/neshio.de\\\/wp-content\\\/uploads\\\/2021\\\/11\\\/3-Tage-Bart.jpg\",\"datePublished\":\"2023-07-07T00:32:00+00:00\",\"dateModified\":\"2023-07-08T04:32:34+00:00\",\"description\":\"Der 3 Tage Bart ist nach wie vor in Mode. Mit diesen 5 Schritten kommen Sie zu Ihren optimalen 3-Tage-Bart-Look\",\"breadcrumb\":{\"@id\":\"https:\\\/\\\/neshio.de\\\/3-tage-bart\\\/#breadcrumb\"},\"inLanguage\":\"sl-SI\",\"potentialAction\":[{\"@type\":\"ReadAction\",\"target\":[\"https:\\\/\\\/neshio.de\\\/3-tage-bart\\\/\"]}]},{\"@type\":\"ImageObject\",\"inLanguage\":\"sl-SI\",\"@id\":\"https:\\\/\\\/neshio.de\\\/3-tage-bart\\\/#primaryimage\",\"url\":\"https:\\\/\\\/neshio.de\\\/wp-content\\\/uploads\\\/2021\\\/11\\\/3-Tage-Bart.jpg\",\"contentUrl\":\"https:\\\/\\\/neshio.de\\\/wp-content\\\/uploads\\\/2021\\\/11\\\/3-Tage-Bart.jpg\",\"width\":900,\"height\":671,\"caption\":\"3-Tage-Bart\"},{\"@type\":\"BreadcrumbList\",\"@id\":\"https:\\\/\\\/neshio.de\\\/3-tage-bart\\\/#breadcrumb\",\"itemListElement\":[{\"@type\":\"ListItem\",\"position\":1,\"name\":\"NESHIO\",\"item\":\"https:\\\/\\\/neshio.de\\\/\"},{\"@type\":\"ListItem\",\"position\":2,\"name\":\"Haare\",\"item\":\"https:\\\/\\\/neshio.de\\\/haare\\\/\"},{\"@type\":\"ListItem\",\"position\":3,\"name\":\"3 Tage Bart Style: 5 Schritte zum kurzem Stoppelbart-Look\"}]},{\"@type\":\"WebSite\",\"@id\":\"https:\\\/\\\/neshio.de\\\/#website\",\"url\":\"https:\\\/\\\/neshio.de\\\/\",\"name\":\"NESHIO\",\"description\":\"Beauty und Gesundheit\",\"publisher\":{\"@id\":\"https:\\\/\\\/neshio.de\\\/#organization\"},\"potentialAction\":[{\"@type\":\"SearchAction\",\"target\":{\"@type\":\"EntryPoint\",\"urlTemplate\":\"https:\\\/\\\/neshio.de\\\/?s={search_term_string}\"},\"query-input\":{\"@type\":\"PropertyValueSpecification\",\"valueRequired\":true,\"valueName\":\"search_term_string\"}}],\"inLanguage\":\"sl-SI\"},{\"@type\":\"Organization\",\"@id\":\"https:\\\/\\\/neshio.de\\\/#organization\",\"name\":\"NESHIO\",\"url\":\"https:\\\/\\\/neshio.de\\\/\",\"logo\":{\"@type\":\"ImageObject\",\"inLanguage\":\"sl-SI\",\"@id\":\"https:\\\/\\\/neshio.de\\\/#\\\/schema\\\/logo\\\/image\\\/\",\"url\":\"https:\\\/\\\/neshio.de\\\/wp-content\\\/uploads\\\/2021\\\/04\\\/Neshio-Logo.png\",\"contentUrl\":\"https:\\\/\\\/neshio.de\\\/wp-content\\\/uploads\\\/2021\\\/04\\\/Neshio-Logo.png\",\"width\":247,\"height\":46,\"caption\":\"NESHIO\"},\"image\":{\"@id\":\"https:\\\/\\\/neshio.de\\\/#\\\/schema\\\/logo\\\/image\\\/\"},\"sameAs\":[\"https:\\\/\\\/www.facebook.com\\\/Neshio.Official\",\"https:\\\/\\\/www.instagram.com\\\/neshio_official\\\/\"]},{\"@type\":\"Person\",\"@id\":\"https:\\\/\\\/neshio.de\\\/#\\\/schema\\\/person\\\/40429a2e11b2dfabdafb9a63921ad6c3\",\"name\":\"Marcel Allen\",\"image\":{\"@type\":\"ImageObject\",\"inLanguage\":\"sl-SI\",\"@id\":\"https:\\\/\\\/secure.gravatar.com\\\/avatar\\\/2456d61256291341b53118995cf048c808cc5273344b5c0a265b839ad51c85a9?s=96&d=mm&r=g\",\"url\":\"https:\\\/\\\/secure.gravatar.com\\\/avatar\\\/2456d61256291341b53118995cf048c808cc5273344b5c0a265b839ad51c85a9?s=96&d=mm&r=g\",\"contentUrl\":\"https:\\\/\\\/secure.gravatar.com\\\/avatar\\\/2456d61256291341b53118995cf048c808cc5273344b5c0a265b839ad51c85a9?s=96&d=mm&r=g\",\"caption\":\"Marcel Allen\"}}]}<\/script>\n<!-- \/ Yoast SEO Premium plugin. -->","yoast_head_json":{"title":"3-dnevni slog brade: 5 korakov do kratke brade s strni\u0161\u010dem","description":"Tridnevna brada je \u0161e vedno v modi. S temi petimi koraki boste dosegli optimalen videz tridnevne brade.","robots":{"index":"index","follow":"follow","max-snippet":"max-snippet:-1","max-image-preview":"max-image-preview:large","max-video-preview":"max-video-preview:-1"},"canonical":"https:\/\/neshio.de\/sl\/3-dnevna-brada\/","og_locale":"sl_SI","og_type":"article","og_title":"3 Tage Bart Style: 5 Schritte zum kurzem Stoppelbart-Look","og_description":"Der 3 Tage Bart ist nach wie vor in Mode. Mit diesen 5 Schritten kommen Sie zu Ihren optimalen 3-Tage-Bart-Look","og_url":"https:\/\/neshio.de\/sl\/3-dnevna-brada\/","og_site_name":"NESHIO","article_publisher":"https:\/\/www.facebook.com\/Neshio.Official","article_published_time":"2023-07-07T00:32:00+00:00","article_modified_time":"2023-07-08T04:32:34+00:00","og_image":[{"width":900,"height":671,"url":"https:\/\/neshio.de\/wp-content\/uploads\/2021\/11\/3-Tage-Bart.jpg","type":"image\/jpeg"}],"author":"Marcel Allen","twitter_card":"summary_large_image","twitter_misc":{"Written by":"Marcel Allen","Est. reading time":"4 minute"},"schema":{"@context":"https:\/\/schema.org","@graph":[{"@type":"Article","@id":"https:\/\/neshio.de\/3-tage-bart\/#article","isPartOf":{"@id":"https:\/\/neshio.de\/3-tage-bart\/"},"author":{"name":"Marcel Allen","@id":"https:\/\/neshio.de\/#\/schema\/person\/40429a2e11b2dfabdafb9a63921ad6c3"},"headline":"3 Tage Bart Style: 5 Schritte zum kurzem Stoppelbart-Look","datePublished":"2023-07-07T00:32:00+00:00","dateModified":"2023-07-08T04:32:34+00:00","mainEntityOfPage":{"@id":"https:\/\/neshio.de\/3-tage-bart\/"},"wordCount":694,"publisher":{"@id":"https:\/\/neshio.de\/#organization"},"image":{"@id":"https:\/\/neshio.de\/3-tage-bart\/#primaryimage"},"thumbnailUrl":"https:\/\/neshio.de\/wp-content\/uploads\/2021\/11\/3-Tage-Bart.jpg","articleSection":["Bart","Haare"],"inLanguage":"sl-SI"},{"@type":"WebPage","@id":"https:\/\/neshio.de\/3-tage-bart\/","url":"https:\/\/neshio.de\/3-tage-bart\/","name":"3-dnevni slog brade: 5 korakov do kratke brade s strni\u0161\u010dem","isPartOf":{"@id":"https:\/\/neshio.de\/#website"},"primaryImageOfPage":{"@id":"https:\/\/neshio.de\/3-tage-bart\/#primaryimage"},"image":{"@id":"https:\/\/neshio.de\/3-tage-bart\/#primaryimage"},"thumbnailUrl":"https:\/\/neshio.de\/wp-content\/uploads\/2021\/11\/3-Tage-Bart.jpg","datePublished":"2023-07-07T00:32:00+00:00","dateModified":"2023-07-08T04:32:34+00:00","description":"Tridnevna brada je \u0161e vedno v modi. S temi petimi koraki boste dosegli optimalen videz tridnevne brade.","breadcrumb":{"@id":"https:\/\/neshio.de\/3-tage-bart\/#breadcrumb"},"inLanguage":"sl-SI","potentialAction":[{"@type":"ReadAction","target":["https:\/\/neshio.de\/3-tage-bart\/"]}]},{"@type":"ImageObject","inLanguage":"sl-SI","@id":"https:\/\/neshio.de\/3-tage-bart\/#primaryimage","url":"https:\/\/neshio.de\/wp-content\/uploads\/2021\/11\/3-Tage-Bart.jpg","contentUrl":"https:\/\/neshio.de\/wp-content\/uploads\/2021\/11\/3-Tage-Bart.jpg","width":900,"height":671,"caption":"3-Tage-Bart"},{"@type":"BreadcrumbList","@id":"https:\/\/neshio.de\/3-tage-bart\/#breadcrumb","itemListElement":[{"@type":"ListItem","position":1,"name":"NESHIO","item":"https:\/\/neshio.de\/"},{"@type":"ListItem","position":2,"name":"Haare","item":"https:\/\/neshio.de\/haare\/"},{"@type":"ListItem","position":3,"name":"3 Tage Bart Style: 5 Schritte zum kurzem Stoppelbart-Look"}]},{"@type":"WebSite","@id":"https:\/\/neshio.de\/#website","url":"https:\/\/neshio.de\/","name":"NESHIO","description":"Lepota in zdravje","publisher":{"@id":"https:\/\/neshio.de\/#organization"},"potentialAction":[{"@type":"SearchAction","target":{"@type":"EntryPoint","urlTemplate":"https:\/\/neshio.de\/?s={search_term_string}"},"query-input":{"@type":"PropertyValueSpecification","valueRequired":true,"valueName":"search_term_string"}}],"inLanguage":"sl-SI"},{"@type":"Organization","@id":"https:\/\/neshio.de\/#organization","name":"NESHIO","url":"https:\/\/neshio.de\/","logo":{"@type":"ImageObject","inLanguage":"sl-SI","@id":"https:\/\/neshio.de\/#\/schema\/logo\/image\/","url":"https:\/\/neshio.de\/wp-content\/uploads\/2021\/04\/Neshio-Logo.png","contentUrl":"https:\/\/neshio.de\/wp-content\/uploads\/2021\/04\/Neshio-Logo.png","width":247,"height":46,"caption":"NESHIO"},"image":{"@id":"https:\/\/neshio.de\/#\/schema\/logo\/image\/"},"sameAs":["https:\/\/www.facebook.com\/Neshio.Official","https:\/\/www.instagram.com\/neshio_official\/"]},{"@type":"Person","@id":"https:\/\/neshio.de\/#\/schema\/person\/40429a2e11b2dfabdafb9a63921ad6c3","name":"Marcel Allen","image":{"@type":"ImageObject","inLanguage":"sl-SI","@id":"https:\/\/secure.gravatar.com\/avatar\/2456d61256291341b53118995cf048c808cc5273344b5c0a265b839ad51c85a9?s=96&d=mm&r=g","url":"https:\/\/secure.gravatar.com\/avatar\/2456d61256291341b53118995cf048c808cc5273344b5c0a265b839ad51c85a9?s=96&d=mm&r=g","contentUrl":"https:\/\/secure.gravatar.com\/avatar\/2456d61256291341b53118995cf048c808cc5273344b5c0a265b839ad51c85a9?s=96&d=mm&r=g","caption":"Marcel Allen"}}]}},"uagb_featured_image_src":{"full":["https:\/\/neshio.de\/wp-content\/uploads\/2021\/11\/3-Tage-Bart.jpg",900,671,false],"thumbnail":["https:\/\/neshio.de\/wp-content\/uploads\/2021\/11\/3-Tage-Bart-150x150.jpg",150,150,true],"medium":["https:\/\/neshio.de\/wp-content\/uploads\/2021\/11\/3-Tage-Bart-300x224.jpg",300,224,true],"medium_large":["https:\/\/neshio.de\/wp-content\/uploads\/2021\/11\/3-Tage-Bart-768x573.jpg",768,573,true],"large":["https:\/\/neshio.de\/wp-content\/uploads\/2021\/11\/3-Tage-Bart.jpg",900,671,false],"1536x1536":["https:\/\/neshio.de\/wp-content\/uploads\/2021\/11\/3-Tage-Bart.jpg",900,671,false],"2048x2048":["https:\/\/neshio.de\/wp-content\/uploads\/2021\/11\/3-Tage-Bart.jpg",900,671,false],"trp-custom-language-flag":["https:\/\/neshio.de\/wp-content\/uploads\/2021\/11\/3-Tage-Bart.jpg",16,12,false]},"uagb_author_info":{"display_name":"Marcel Allen","author_link":"https:\/\/neshio.de\/sl\/author\/marcel-allen\/"},"uagb_comment_info":0,"uagb_excerpt":"Der 3-Tage-Bart Es gibt viele Gr\u00fcnde, sich f\u00fcr einen 3-Tage-Stoppelbart zu entscheiden. Erstens ist er einfach zu erreichen und zu [&hellip;]","_links":{"self":[{"href":"https:\/\/neshio.de\/sl\/wp-json\/wp\/v2\/posts\/243","targetHints":{"allow":["GET"]}}],"collection":[{"href":"https:\/\/neshio.de\/sl\/wp-json\/wp\/v2\/posts"}],"about":[{"href":"https:\/\/neshio.de\/sl\/wp-json\/wp\/v2\/types\/post"}],"author":[{"embeddable":true,"href":"https:\/\/neshio.de\/sl\/wp-json\/wp\/v2\/users\/3"}],"replies":[{"embeddable":true,"href":"https:\/\/neshio.de\/sl\/wp-json\/wp\/v2\/comments?post=243"}],"version-history":[{"count":12,"href":"https:\/\/neshio.de\/sl\/wp-json\/wp\/v2\/posts\/243\/revisions"}],"predecessor-version":[{"id":343,"href":"https:\/\/neshio.de\/sl\/wp-json\/wp\/v2\/posts\/243\/revisions\/343"}],"wp:featuredmedia":[{"embeddable":true,"href":"https:\/\/neshio.de\/sl\/wp-json\/wp\/v2\/media\/262"}],"wp:attachment":[{"href":"https:\/\/neshio.de\/sl\/wp-json\/wp\/v2\/media?parent=243"}],"wp:term":[{"taxonomy":"category","embeddable":true,"href":"https:\/\/neshio.de\/sl\/wp-json\/wp\/v2\/categories?post=243"},{"taxonomy":"post_tag","embeddable":true,"href":"https:\/\/neshio.de\/sl\/wp-json\/wp\/v2\/tags?post=243"}],"curies":[{"name":"wp","href":"https:\/\/api.w.org\/{rel}","templated":true}]}}