{"id":29,"date":"2021-04-27T11:07:28","date_gmt":"2021-04-27T11:07:28","guid":{"rendered":"https:\/\/neshio.de\/?p=29"},"modified":"2021-11-16T14:45:03","modified_gmt":"2021-11-16T14:45:03","slug":"eigene-feuchtigkeitscreme","status":"publish","type":"post","link":"https:\/\/neshio.de\/ro\/propria-crema-hidratanta\/","title":{"rendered":"Propria crem\u0103 hidratant\u0103"},"content":{"rendered":"<p>Cum s\u0103-\u021bi faci propria crem\u0103 hidratant\u0103 \u00een func\u021bie de tipul t\u0103u de piele<\/p>\n\n\n\n<p class=\"has-drop-cap\">Crema hidratant\u0103 este unul dintre cele mai importante elemente ale oric\u0103rui program eficient de \u00eengrijire a pielii. Bine\u00een\u021beles, doar pentru c\u0103 crema hidratant\u0103 joac\u0103 un rol important \u00een aspectul pielii tale, nu \u00eenseamn\u0103 c\u0103 trebuie s\u0103 fie un mare prejudiciu pentru portofelul t\u0103u. Sigur, formulele de lux sunt satisf\u0103c\u0103toare de utilizat, dar a fi creativ cu op\u021biuni mai ieftine poate fi la fel de eficient. Trucul este s\u0103 \u0219tii la ce s\u0103 apelezi - \u0219i nu ne referim nici la produsele cump\u0103rate din farmacie. \u00cen schimb, lua\u021bi \u00een considerare con\u021binutul c\u0103m\u0103rii dumneavoastr\u0103. Crema hidratant\u0103 este destul de u\u0219or de f\u0103cut, iar majoritatea re\u021betelor apeleaz\u0103 la ingrediente pe care probabil le ave\u021bi deja acas\u0103.<\/p>\n\n\n\n<h2 class=\"wp-block-heading\">1. pentru pielea uscat\u0103 \u0219i mixt\u0103: crema hidratant\u0103 cu unt de shea<\/h2>\n\n\n\n<figure class=\"wp-block-image size-large is-resized\"><img loading=\"lazy\" decoding=\"async\" src=\"https:\/\/neshio.de\/wp-content\/uploads\/2021\/04\/Trockene-Haut.jpg\" alt=\"Piele uscat\u0103\" class=\"wp-image-33\" width=\"278\" height=\"254\" srcset=\"https:\/\/neshio.de\/wp-content\/uploads\/2021\/04\/Trockene-Haut.jpg 560w, https:\/\/neshio.de\/wp-content\/uploads\/2021\/04\/Trockene-Haut-300x274.jpg 300w\" sizes=\"auto, (max-width: 278px) 100vw, 278px\" \/><\/figure>\n\n\n\n<p>Dac\u0103 ai pielea uscat\u0103 (sau pielea uscat\u0103 combinat\u0103), Janene spune c\u0103 ad\u0103ugarea unei creme simple de vindecare la rutina ta va ajuta la \u00eembun\u0103t\u0103\u021birea situa\u021biei. \"O crem\u0103 hidratant\u0103 ideal\u0103 \u00ee\u0219i va face treaba rapid \u0219i eficient - ceea ce \u00eenseamn\u0103 c\u0103 nu ar trebui s\u0103 ai nevoie de foarte mult\u0103 pentru a da un impuls pielii tale\", explic\u0103 ea. C\u00e2nd vine vorba de formularea celei mai bune versiuni DIY, ea aplaud\u0103 untul de shea pentru puterile sale de vindecare, protec\u021bie \u0219i anti-\u00eemb\u0103tr\u00e2nire.&nbsp;<\/p>\n\n\n\n<p>\"\u00cembun\u0103t\u0103\u021be\u0219te practic orice afec\u021biune a pielii\", spune ea. \u00cen plus, \u00eei place s\u0103 adauge untul de cacao \u00een amestec, datorit\u0103 naturii sale super hidratante \u0219i extrem de bl\u00e2nde. Asta \u0219i faptul c\u0103 se tope\u0219te \u00eentr-un ulei foarte u\u0219or care se absoarbe u\u0219or \u00een piele. Pentru a completa cocktailul ideal pentru pielea uscat\u0103 \/ mixt\u0103, ea recomand\u0103 uleiul de m\u0103sline pentru a dilua formula general\u0103 cu doar o atingere, ceea ce face ca aceasta s\u0103 se afunde mai u\u0219or \u00een piele pentru a dezl\u0103n\u021bui cu adev\u0103rat beneficiile sale. \"Rezultatul este un produs de baz\u0103 super-luxos care este, de asemenea, un hidratant puternic \u0219i un tratament pentru piele\", spune Janene.&nbsp;<\/p>\n\n\n\n<h3 class=\"wp-block-heading\">Ingrediente<\/h3>\n\n\n\n<ul class=\"wp-block-list\"><li>\u00bc can\u0103 de unt de shea<\/li><li>\u00bc can\u0103 de unt de cacao<\/li><li>2 linguri de ulei de m\u0103sline<\/li><\/ul>\n\n\n\n<h3 class=\"wp-block-heading\" id=\"mntl-sc-block_2-0-6\">Instruc\u021biuni:<\/h3>\n\n\n\n<ol class=\"wp-block-list\"><li>Se tope\u0219te untul de cacao pe aragaz sau \u00een cuptorul cu microunde. \"Ar trebui s\u0103 dureze doar c\u00e2teva secunde, a\u0219a c\u0103 fi\u021bi cu ochii pe el \u0219i scoate\u021bi-l de pe aragaz imediat ce s-a topit\", instruie\u0219te Janene.&nbsp;<\/li><li>Ad\u0103uga\u021bi restul ingredientelor \u00een oal\u0103\/bol. Se amestec\u0103 bine.&nbsp;<\/li><li>Se las\u0103 amestecul s\u0103 se r\u0103ceasc\u0103. \"Las\u0103-l s\u0103 se r\u0103ceasc\u0103 complet - \u00eel po\u021bi pune \u00een frigider p\u00e2n\u0103 se \u00eent\u0103re\u0219te. De obicei, dureaz\u0103 mai pu\u021bin de o or\u0103\", spune Janene.&nbsp;<\/li><li>Se amestec\u0103 pentru textura final\u0103. Dup\u0103 ce s-a \u00eent\u0103rit, amesteca\u021bi din nou ingredientele pentru a ob\u021bine textura final\u0103, despre care Janene spune c\u0103 ar trebui s\u0103 fie ca untul.&nbsp;<\/li><li>Se transfer\u0103 amestecul \u00eentr-un borcan. Potrivit lui Janene, aceast\u0103 combina\u021bie va dura \u00eentre \u0219ase \u0219i opt luni \u0219i trebuie folosit\u0103 \u00een acest interval, deoarece m\u00e2inile tale vor introduce bacterii \u00een produs de fiecare dat\u0103 c\u00e2nd \u00eel folose\u0219ti. Bine\u00een\u021beles, dac\u0103 folose\u0219ti o spatul\u0103 sau o lingur\u0103 pentru \u00eengrijirea pielii pentru a-l \u00eemp\u0103r\u021bi, te po\u021bi bucura de el pentru aceasta din urm\u0103.&nbsp;<\/li><\/ol>\n\n\n\n<h2 class=\"wp-block-heading\">2. pentru tenul mixt: Cocktail de ulei de alune<\/h2>\n\n\n\n<figure class=\"wp-block-image size-large is-resized\"><img loading=\"lazy\" decoding=\"async\" src=\"https:\/\/neshio.de\/wp-content\/uploads\/2021\/04\/Mischhaut.jpg\" alt=\"Piele mixt\u0103\" class=\"wp-image-35\" width=\"307\" height=\"280\" srcset=\"https:\/\/neshio.de\/wp-content\/uploads\/2021\/04\/Mischhaut.jpg 560w, https:\/\/neshio.de\/wp-content\/uploads\/2021\/04\/Mischhaut-300x274.jpg 300w\" sizes=\"auto, (max-width: 307px) 100vw, 307px\" \/><\/figure>\n\n\n\n<p>Potrivit lui Grigore, pielea mixt\u0103 care este gras\u0103 \u00een anumite zone (cum ar fi zona T) se poate datora unei lipse de hidratare \u0219i folosirii prea multor produse decapante. \"Uleiurile naturale p\u0103trund rapid \u00een pori \u0219i ajut\u0103 pielea s\u0103-\u0219i produc\u0103 din nou propria hidratare - acesta este scopul final\", explic\u0103 ea. \u00cen ceea ce prive\u0219te uleiurile de utilizat, ea recomand\u0103 uleiul de alune bl\u00e2nd \u0219i hidratant (care ofer\u0103 propriet\u0103\u021bi astringente), uleiul de avocado hidratant \u0219i stimulator de colagen, precum \u0219i uleiurile de susan \u0219i de jojoba, ambele c\u00e2t mai u\u0219oare \u0219i care fac minuni pentru a \u021bine la distan\u021b\u0103 bacteriile de la suprafa\u021ba pielii.&nbsp;&nbsp;&nbsp;<\/p>\n\n\n\n<h3 class=\"wp-block-heading\">Ingrediente:<\/h3>\n\n\n\n<ul class=\"wp-block-list\"><li>1 lingur\u0103 de ulei de alune<\/li><li>1 lingur\u0103 de ulei de avocado<\/li><li>1 lingur\u0103 de ulei de susan (sau ulei de jojoba)<\/li><\/ul>\n\n\n\n<h3 class=\"wp-block-heading\">Instruc\u021biuni:<\/h3>\n\n\n\n<ol class=\"wp-block-list\"><li>Se combin\u0103 uleiurile. Turna\u021bi toate cele trei uleiuri \u00eentr-o sticlu\u021b\u0103 cu picur\u0103tor, \u00een\u0219uruba\u021bi capacul \u0219i agita\u021bi pentru a le amesteca.&nbsp;<\/li><li>Este at\u00e2t de simplu. Re\u021bine\u021bi, totu\u0219i, c\u0103 aceast\u0103 re\u021bet\u0103 are doar 12 utiliz\u0103ri. A\u0219a c\u0103 o pute\u021bi dubla dac\u0103 dori\u021bi mai multe. \u00cen afar\u0103 de cantitate, fiind vorba de o crem\u0103 hidratant\u0103 sub form\u0103 de ulei, nu de o lo\u021biune sau crem\u0103 solid\u0103, este mai pu\u021bin probabil ca bacteriile s\u0103 p\u0103trund\u0103 \u00een sticl\u0103, deoarece pute\u021bi dispersa formula cu ajutorul pipetei. Cu toate acestea, Grigore recomand\u0103 s\u0103 o folose\u0219ti \u00een termen de \u0219ase luni de la amestecare.<\/li><li>C\u00e2nd vine vorba de aplicarea formulei, ea recomand\u0103 s\u0103 o masezi pe fa\u021b\u0103 pentru a activa cu adev\u0103rat uleiurile. De asemenea, este mai bine s\u0103 o folose\u0219ti noaptea, deoarece recomand\u0103 s\u0103 o speli dac\u0103 vrei s\u0103 te machiezi. Acestea fiind spuse, dac\u0103 trece\u021bi peste o fa\u021b\u0103 umed\u0103, o alt\u0103 op\u021biune este s\u0103 folosi\u021bi doar o pic\u0103tur\u0103 sau dou\u0103 \u0219i s\u0103 o tampona\u021bi \u00een piele \u0219i s\u0103 \u00eendep\u0103rta\u021bi excesul cu un prosop.&nbsp;<\/li><\/ol>\n\n\n\n<h2 class=\"wp-block-heading\">3. pentru pielea gras\u0103 \u0219i cu tendin\u021b\u0103 acneic\u0103: cea\u021b\u0103 hidratant\u0103 care distruge bacteriile.<\/h2>\n\n\n\n<figure class=\"wp-block-image size-large is-resized\"><img loading=\"lazy\" decoding=\"async\" src=\"https:\/\/neshio.de\/wp-content\/uploads\/2021\/04\/fettige-Haut.jpg\" alt=\"piele gras\u0103\" class=\"wp-image-36\" width=\"286\" height=\"261\" srcset=\"https:\/\/neshio.de\/wp-content\/uploads\/2021\/04\/fettige-Haut.jpg 560w, https:\/\/neshio.de\/wp-content\/uploads\/2021\/04\/fettige-Haut-300x274.jpg 300w\" sizes=\"auto, (max-width: 286px) 100vw, 286px\" \/><\/figure>\n\n\n\n<p>Nu \u00een ultimul r\u00e2nd, avem o formul\u0103 specific\u0103 pentru persoanele cu tendin\u021be acneice. Potrivit lui Grigore, pielea care face erup\u021bii \u00een mod regulat este \u00een starea ei cea mai sensibil\u0103. Din acest motiv, cu c\u00e2t formula DIY este mai bl\u00e2nd\u0103, cu at\u00e2t mai bine.<\/p>\n\n\n\n<p>O parte din a fi delicat este s\u0103 \u0219tii ce textur\u0103 s\u0103 alegi - \u0219i s\u0103 \u00ee\u021bi aminte\u0219ti c\u0103 nu toate cremele hidratante trebuie s\u0103 fie creme solide, lo\u021biuni sau chiar uleiuri. \u021ain\u00e2nd cont de acest lucru, Grigore recomand\u0103 evitarea formulelor solide \u0219i sugereaz\u0103 preg\u0103tirea unui hidrolat hidratant \u00een schimb.&nbsp;<strong>\"<\/strong>&nbsp;Hidrolizii de plante sunt perfec\u021bi pentru acest lucru - po\u021bi s\u0103 le strope\u0219ti toat\u0103 ziua \u0219i s\u0103 vezi cum pielea ta, \u00ee\u021bi mul\u021bume\u0219te\", explic\u0103 ea. \"De asemenea, ucid bacteriile \u0219i \u00een\u0103spresc pielea, astfel \u00eenc\u00e2t s\u0103 prime\u0219ti suficient\u0103 hidratare f\u0103r\u0103 s\u0103 \u00eenr\u0103ut\u0103\u021be\u0219ti pielea cu erup\u021bii.\"&nbsp;<\/p>\n\n\n\n<h3 class=\"wp-block-heading\" id=\"mntl-sc-block_2-0-19\">Ingrediente:<\/h3>\n\n\n\n<ul class=\"wp-block-list\"><li>2 linguri de ap\u0103 de lev\u0103n\u021bic\u0103<\/li><li>1 lingur\u0103 de ap\u0103 de ment\u0103<\/li><li>1 lingur\u0103 de hamamelis<\/li><li>5 p\u00e2n\u0103 la 10 pic\u0103turi de ulei de lev\u0103n\u021bic\u0103&nbsp;<\/li><\/ul>\n\n\n\n<h3 class=\"wp-block-heading\" id=\"mntl-sc-block_2-0-21\">Instruc\u021biuni:<\/h3>\n\n\n\n<ol class=\"wp-block-list\"><li>Se combin\u0103 ingredientele. Grigore spune s\u0103 turna\u021bi toate ingredientele \u00eentr-o sticl\u0103 cu pulverizator \u0219i s\u0103 agita\u021bi bine.&nbsp;<\/li><li>Este at\u00e2t de simplu! Folosi\u021bi numai flaconul plin \u00een termen de \u0219ase luni, deoarece dup\u0103 aceast\u0103 perioad\u0103 \u00ee\u0219i pierde din eficacitate \u0219i poate forma bacterii.&nbsp;<\/li><li>\u00cen ceea ce prive\u0219te momentul \u00een care s\u0103 folose\u0219ti un hidrolat, Grigore spune c\u0103 oric\u00e2nd \u0219i oriunde.&nbsp;<\/li><li>\"Pulveriza\u021bi dup\u0103 ce v\u0103 sp\u0103la\u021bi pielea \u0219i ori de c\u00e2te ori ave\u021bi nevoie\", asigur\u0103 ea, men\u021bion\u00e2nd c\u0103 acest amestec hidratant va vindeca \u0219i revigora pielea predispus\u0103 la acnee.&nbsp;<\/li><\/ol>","protected":false},"excerpt":{"rendered":"<p>So basteln Sie Ihre eigene Feuchtigkeitscreme basierend auf Ihrem Hauttyp Feuchtigkeitscreme ist eines der wichtigsten Elemente jeder effektiven Hautpflege.&nbsp;Nur weil [&hellip;]<\/p>\n","protected":false},"author":1,"featured_media":32,"comment_status":"closed","ping_status":"closed","sticky":false,"template":"","format":"standard","meta":{"_acf_changed":false,"_uag_custom_page_level_css":"","site-sidebar-layout":"default","site-content-layout":"default","ast-site-content-layout":"default","site-content-style":"default","site-sidebar-style":"default","ast-global-header-display":"","ast-banner-title-visibility":"","ast-main-header-display":"","ast-hfb-above-header-display":"","ast-hfb-below-header-display":"","ast-hfb-mobile-header-display":"","site-post-title":"","ast-breadcrumbs-content":"","ast-featured-img":"","footer-sml-layout":"","ast-disable-related-posts":"","theme-transparent-header-meta":"default","adv-header-id-meta":"","stick-header-meta":"default","header-above-stick-meta":"","header-main-stick-meta":"","header-below-stick-meta":"","astra-migrate-meta-layouts":"default","ast-page-background-enabled":"default","ast-page-background-meta":{"desktop":{"background-color":"","background-image":"","background-repeat":"repeat","background-position":"center center","background-size":"auto","background-attachment":"scroll","background-type":"","background-media":"","overlay-type":"","overlay-color":"","overlay-opacity":"","overlay-gradient":""},"tablet":{"background-color":"","background-image":"","background-repeat":"repeat","background-position":"center center","background-size":"auto","background-attachment":"scroll","background-type":"","background-media":"","overlay-type":"","overlay-color":"","overlay-opacity":"","overlay-gradient":""},"mobile":{"background-color":"","background-image":"","background-repeat":"repeat","background-position":"center center","background-size":"auto","background-attachment":"scroll","background-type":"","background-media":"","overlay-type":"","overlay-color":"","overlay-opacity":"","overlay-gradient":""}},"ast-content-background-meta":{"desktop":{"background-color":"var(--ast-global-color-5)","background-image":"","background-repeat":"repeat","background-position":"center center","background-size":"auto","background-attachment":"scroll","background-type":"","background-media":"","overlay-type":"","overlay-color":"","overlay-opacity":"","overlay-gradient":""},"tablet":{"background-color":"var(--ast-global-color-5)","background-image":"","background-repeat":"repeat","background-position":"center center","background-size":"auto","background-attachment":"scroll","background-type":"","background-media":"","overlay-type":"","overlay-color":"","overlay-opacity":"","overlay-gradient":""},"mobile":{"background-color":"var(--ast-global-color-5)","background-image":"","background-repeat":"repeat","background-position":"center center","background-size":"auto","background-attachment":"scroll","background-type":"","background-media":"","overlay-type":"","overlay-color":"","overlay-opacity":"","overlay-gradient":""}},"footnotes":""},"categories":[7,10],"tags":[],"class_list":["post-29","post","type-post","status-publish","format-standard","has-post-thumbnail","hentry","category-haut","category-pflege"],"acf":[],"yoast_head":"<!-- This site is optimized with the Yoast SEO Premium plugin v20.12 (Yoast SEO v27.4) - https:\/\/yoast.com\/product\/yoast-seo-premium-wordpress\/ -->\n<title>Eigene Feuchtigkeitscreme - So machen sie es selber! | NESHIO<\/title>\n<meta name=\"description\" content=\"Einfach Ihre eigene Feuchtigkeitscreme herstellen! Wir verraten dir, wie du basierend auf dein Hauttyp deine eigene Creme herstellst.\" \/>\n<meta name=\"robots\" content=\"index, follow, max-snippet:-1, max-image-preview:large, max-video-preview:-1\" \/>\n<link rel=\"canonical\" href=\"https:\/\/neshio.de\/ro\/propria-crema-hidratanta\/\" \/>\n<meta property=\"og:locale\" content=\"ro_RO\" \/>\n<meta property=\"og:type\" content=\"article\" \/>\n<meta property=\"og:title\" content=\"Eigene Feuchtigkeitscreme\" \/>\n<meta property=\"og:description\" content=\"Einfach Ihre eigene Feuchtigkeitscreme herstellen! Wir verraten dir, wie du basierend auf dein Hauttyp deine eigene Creme herstellst.\" \/>\n<meta property=\"og:url\" content=\"https:\/\/neshio.de\/ro\/propria-crema-hidratanta\/\" \/>\n<meta property=\"og:site_name\" content=\"NESHIO\" \/>\n<meta property=\"article:publisher\" content=\"https:\/\/www.facebook.com\/Neshio.Official\" \/>\n<meta property=\"article:published_time\" content=\"2021-04-27T11:07:28+00:00\" \/>\n<meta property=\"article:modified_time\" content=\"2021-11-16T14:45:03+00:00\" \/>\n<meta property=\"og:image\" content=\"https:\/\/neshio.de\/wp-content\/uploads\/2021\/04\/Eigene-Feuchtigkeitscreme.jpg\" \/>\n\t<meta property=\"og:image:width\" content=\"900\" \/>\n\t<meta property=\"og:image:height\" content=\"671\" \/>\n\t<meta property=\"og:image:type\" content=\"image\/jpeg\" \/>\n<meta name=\"author\" content=\"Neshio\" \/>\n<meta name=\"twitter:card\" content=\"summary_large_image\" \/>\n<meta name=\"twitter:label1\" content=\"Scris de\" \/>\n\t<meta name=\"twitter:data1\" content=\"Neshio\" \/>\n\t<meta name=\"twitter:label2\" content=\"Timp estimat pentru citire\" \/>\n\t<meta name=\"twitter:data2\" content=\"5 minute\" \/>\n<script type=\"application\/ld+json\" class=\"yoast-schema-graph\">{\"@context\":\"https:\\\/\\\/schema.org\",\"@graph\":[{\"@type\":\"Article\",\"@id\":\"https:\\\/\\\/neshio.de\\\/eigene-feuchtigkeitscreme\\\/#article\",\"isPartOf\":{\"@id\":\"https:\\\/\\\/neshio.de\\\/eigene-feuchtigkeitscreme\\\/\"},\"author\":{\"name\":\"Neshio\",\"@id\":\"https:\\\/\\\/neshio.de\\\/#\\\/schema\\\/person\\\/cd50a9e3814d251c78e8f8115e950343\"},\"headline\":\"Eigene Feuchtigkeitscreme\",\"datePublished\":\"2021-04-27T11:07:28+00:00\",\"dateModified\":\"2021-11-16T14:45:03+00:00\",\"mainEntityOfPage\":{\"@id\":\"https:\\\/\\\/neshio.de\\\/eigene-feuchtigkeitscreme\\\/\"},\"wordCount\":1101,\"publisher\":{\"@id\":\"https:\\\/\\\/neshio.de\\\/#organization\"},\"image\":{\"@id\":\"https:\\\/\\\/neshio.de\\\/eigene-feuchtigkeitscreme\\\/#primaryimage\"},\"thumbnailUrl\":\"https:\\\/\\\/neshio.de\\\/wp-content\\\/uploads\\\/2021\\\/04\\\/Eigene-Feuchtigkeitscreme.jpg\",\"articleSection\":[\"Haut\",\"Hautpflege\"],\"inLanguage\":\"ro-RO\"},{\"@type\":\"WebPage\",\"@id\":\"https:\\\/\\\/neshio.de\\\/eigene-feuchtigkeitscreme\\\/\",\"url\":\"https:\\\/\\\/neshio.de\\\/eigene-feuchtigkeitscreme\\\/\",\"name\":\"Eigene Feuchtigkeitscreme - So machen sie es selber! | NESHIO\",\"isPartOf\":{\"@id\":\"https:\\\/\\\/neshio.de\\\/#website\"},\"primaryImageOfPage\":{\"@id\":\"https:\\\/\\\/neshio.de\\\/eigene-feuchtigkeitscreme\\\/#primaryimage\"},\"image\":{\"@id\":\"https:\\\/\\\/neshio.de\\\/eigene-feuchtigkeitscreme\\\/#primaryimage\"},\"thumbnailUrl\":\"https:\\\/\\\/neshio.de\\\/wp-content\\\/uploads\\\/2021\\\/04\\\/Eigene-Feuchtigkeitscreme.jpg\",\"datePublished\":\"2021-04-27T11:07:28+00:00\",\"dateModified\":\"2021-11-16T14:45:03+00:00\",\"description\":\"Einfach Ihre eigene Feuchtigkeitscreme herstellen! Wir verraten dir, wie du basierend auf dein Hauttyp deine eigene Creme herstellst.\",\"breadcrumb\":{\"@id\":\"https:\\\/\\\/neshio.de\\\/eigene-feuchtigkeitscreme\\\/#breadcrumb\"},\"inLanguage\":\"ro-RO\",\"potentialAction\":[{\"@type\":\"ReadAction\",\"target\":[\"https:\\\/\\\/neshio.de\\\/eigene-feuchtigkeitscreme\\\/\"]}]},{\"@type\":\"ImageObject\",\"inLanguage\":\"ro-RO\",\"@id\":\"https:\\\/\\\/neshio.de\\\/eigene-feuchtigkeitscreme\\\/#primaryimage\",\"url\":\"https:\\\/\\\/neshio.de\\\/wp-content\\\/uploads\\\/2021\\\/04\\\/Eigene-Feuchtigkeitscreme.jpg\",\"contentUrl\":\"https:\\\/\\\/neshio.de\\\/wp-content\\\/uploads\\\/2021\\\/04\\\/Eigene-Feuchtigkeitscreme.jpg\",\"width\":900,\"height\":671,\"caption\":\"Eigene-Feuchtigkeitscreme\"},{\"@type\":\"BreadcrumbList\",\"@id\":\"https:\\\/\\\/neshio.de\\\/eigene-feuchtigkeitscreme\\\/#breadcrumb\",\"itemListElement\":[{\"@type\":\"ListItem\",\"position\":1,\"name\":\"NESHIO\",\"item\":\"https:\\\/\\\/neshio.de\\\/\"},{\"@type\":\"ListItem\",\"position\":2,\"name\":\"Haut\",\"item\":\"https:\\\/\\\/neshio.de\\\/haut\\\/\"},{\"@type\":\"ListItem\",\"position\":3,\"name\":\"Eigene Feuchtigkeitscreme\"}]},{\"@type\":\"WebSite\",\"@id\":\"https:\\\/\\\/neshio.de\\\/#website\",\"url\":\"https:\\\/\\\/neshio.de\\\/\",\"name\":\"NESHIO\",\"description\":\"Beauty und Gesundheit\",\"publisher\":{\"@id\":\"https:\\\/\\\/neshio.de\\\/#organization\"},\"potentialAction\":[{\"@type\":\"SearchAction\",\"target\":{\"@type\":\"EntryPoint\",\"urlTemplate\":\"https:\\\/\\\/neshio.de\\\/?s={search_term_string}\"},\"query-input\":{\"@type\":\"PropertyValueSpecification\",\"valueRequired\":true,\"valueName\":\"search_term_string\"}}],\"inLanguage\":\"ro-RO\"},{\"@type\":\"Organization\",\"@id\":\"https:\\\/\\\/neshio.de\\\/#organization\",\"name\":\"NESHIO\",\"url\":\"https:\\\/\\\/neshio.de\\\/\",\"logo\":{\"@type\":\"ImageObject\",\"inLanguage\":\"ro-RO\",\"@id\":\"https:\\\/\\\/neshio.de\\\/#\\\/schema\\\/logo\\\/image\\\/\",\"url\":\"https:\\\/\\\/neshio.de\\\/wp-content\\\/uploads\\\/2021\\\/04\\\/Neshio-Logo.png\",\"contentUrl\":\"https:\\\/\\\/neshio.de\\\/wp-content\\\/uploads\\\/2021\\\/04\\\/Neshio-Logo.png\",\"width\":247,\"height\":46,\"caption\":\"NESHIO\"},\"image\":{\"@id\":\"https:\\\/\\\/neshio.de\\\/#\\\/schema\\\/logo\\\/image\\\/\"},\"sameAs\":[\"https:\\\/\\\/www.facebook.com\\\/Neshio.Official\",\"https:\\\/\\\/www.instagram.com\\\/neshio_official\\\/\"]},{\"@type\":\"Person\",\"@id\":\"https:\\\/\\\/neshio.de\\\/#\\\/schema\\\/person\\\/cd50a9e3814d251c78e8f8115e950343\",\"name\":\"Neshio\",\"image\":{\"@type\":\"ImageObject\",\"inLanguage\":\"ro-RO\",\"@id\":\"https:\\\/\\\/secure.gravatar.com\\\/avatar\\\/fc9886994fee920be4f18309945ff64d1be2a76e7b8bf237b78f54bd9bc80780?s=96&d=mm&r=g\",\"url\":\"https:\\\/\\\/secure.gravatar.com\\\/avatar\\\/fc9886994fee920be4f18309945ff64d1be2a76e7b8bf237b78f54bd9bc80780?s=96&d=mm&r=g\",\"contentUrl\":\"https:\\\/\\\/secure.gravatar.com\\\/avatar\\\/fc9886994fee920be4f18309945ff64d1be2a76e7b8bf237b78f54bd9bc80780?s=96&d=mm&r=g\",\"caption\":\"Neshio\"},\"sameAs\":[\"http:\\\/\\\/neshio.de\"]}]}<\/script>\n<!-- \/ Yoast SEO Premium plugin. -->","yoast_head_json":{"title":"F\u0103-\u021bi propria crem\u0103 hidratant\u0103 - Cum s\u0103 o faci singur\u0103! | NESHIO","description":"Pur \u0219i simplu f\u0103-\u021bi propria crem\u0103 hidratant\u0103! \u00ce\u021bi spunem cum s\u0103-\u021bi faci propria crem\u0103 \u00een func\u021bie de tipul t\u0103u de piele.","robots":{"index":"index","follow":"follow","max-snippet":"max-snippet:-1","max-image-preview":"max-image-preview:large","max-video-preview":"max-video-preview:-1"},"canonical":"https:\/\/neshio.de\/ro\/propria-crema-hidratanta\/","og_locale":"ro_RO","og_type":"article","og_title":"Eigene Feuchtigkeitscreme","og_description":"Einfach Ihre eigene Feuchtigkeitscreme herstellen! Wir verraten dir, wie du basierend auf dein Hauttyp deine eigene Creme herstellst.","og_url":"https:\/\/neshio.de\/ro\/propria-crema-hidratanta\/","og_site_name":"NESHIO","article_publisher":"https:\/\/www.facebook.com\/Neshio.Official","article_published_time":"2021-04-27T11:07:28+00:00","article_modified_time":"2021-11-16T14:45:03+00:00","og_image":[{"width":900,"height":671,"url":"https:\/\/neshio.de\/wp-content\/uploads\/2021\/04\/Eigene-Feuchtigkeitscreme.jpg","type":"image\/jpeg"}],"author":"Neshio","twitter_card":"summary_large_image","twitter_misc":{"Scris de":"Neshio","Timp estimat pentru citire":"5 minute"},"schema":{"@context":"https:\/\/schema.org","@graph":[{"@type":"Article","@id":"https:\/\/neshio.de\/eigene-feuchtigkeitscreme\/#article","isPartOf":{"@id":"https:\/\/neshio.de\/eigene-feuchtigkeitscreme\/"},"author":{"name":"Neshio","@id":"https:\/\/neshio.de\/#\/schema\/person\/cd50a9e3814d251c78e8f8115e950343"},"headline":"Eigene Feuchtigkeitscreme","datePublished":"2021-04-27T11:07:28+00:00","dateModified":"2021-11-16T14:45:03+00:00","mainEntityOfPage":{"@id":"https:\/\/neshio.de\/eigene-feuchtigkeitscreme\/"},"wordCount":1101,"publisher":{"@id":"https:\/\/neshio.de\/#organization"},"image":{"@id":"https:\/\/neshio.de\/eigene-feuchtigkeitscreme\/#primaryimage"},"thumbnailUrl":"https:\/\/neshio.de\/wp-content\/uploads\/2021\/04\/Eigene-Feuchtigkeitscreme.jpg","articleSection":["Haut","Hautpflege"],"inLanguage":"ro-RO"},{"@type":"WebPage","@id":"https:\/\/neshio.de\/eigene-feuchtigkeitscreme\/","url":"https:\/\/neshio.de\/eigene-feuchtigkeitscreme\/","name":"F\u0103-\u021bi propria crem\u0103 hidratant\u0103 - Cum s\u0103 o faci singur\u0103! | NESHIO","isPartOf":{"@id":"https:\/\/neshio.de\/#website"},"primaryImageOfPage":{"@id":"https:\/\/neshio.de\/eigene-feuchtigkeitscreme\/#primaryimage"},"image":{"@id":"https:\/\/neshio.de\/eigene-feuchtigkeitscreme\/#primaryimage"},"thumbnailUrl":"https:\/\/neshio.de\/wp-content\/uploads\/2021\/04\/Eigene-Feuchtigkeitscreme.jpg","datePublished":"2021-04-27T11:07:28+00:00","dateModified":"2021-11-16T14:45:03+00:00","description":"Pur \u0219i simplu f\u0103-\u021bi propria crem\u0103 hidratant\u0103! \u00ce\u021bi spunem cum s\u0103-\u021bi faci propria crem\u0103 \u00een func\u021bie de tipul t\u0103u de piele.","breadcrumb":{"@id":"https:\/\/neshio.de\/eigene-feuchtigkeitscreme\/#breadcrumb"},"inLanguage":"ro-RO","potentialAction":[{"@type":"ReadAction","target":["https:\/\/neshio.de\/eigene-feuchtigkeitscreme\/"]}]},{"@type":"ImageObject","inLanguage":"ro-RO","@id":"https:\/\/neshio.de\/eigene-feuchtigkeitscreme\/#primaryimage","url":"https:\/\/neshio.de\/wp-content\/uploads\/2021\/04\/Eigene-Feuchtigkeitscreme.jpg","contentUrl":"https:\/\/neshio.de\/wp-content\/uploads\/2021\/04\/Eigene-Feuchtigkeitscreme.jpg","width":900,"height":671,"caption":"Eigene-Feuchtigkeitscreme"},{"@type":"BreadcrumbList","@id":"https:\/\/neshio.de\/eigene-feuchtigkeitscreme\/#breadcrumb","itemListElement":[{"@type":"ListItem","position":1,"name":"NESHIO","item":"https:\/\/neshio.de\/"},{"@type":"ListItem","position":2,"name":"Haut","item":"https:\/\/neshio.de\/haut\/"},{"@type":"ListItem","position":3,"name":"Eigene Feuchtigkeitscreme"}]},{"@type":"WebSite","@id":"https:\/\/neshio.de\/#website","url":"https:\/\/neshio.de\/","name":"NESHIO","description":"Frumuse\u021be \u0219i s\u0103n\u0103tate","publisher":{"@id":"https:\/\/neshio.de\/#organization"},"potentialAction":[{"@type":"SearchAction","target":{"@type":"EntryPoint","urlTemplate":"https:\/\/neshio.de\/?s={search_term_string}"},"query-input":{"@type":"PropertyValueSpecification","valueRequired":true,"valueName":"search_term_string"}}],"inLanguage":"ro-RO"},{"@type":"Organization","@id":"https:\/\/neshio.de\/#organization","name":"NESHIO","url":"https:\/\/neshio.de\/","logo":{"@type":"ImageObject","inLanguage":"ro-RO","@id":"https:\/\/neshio.de\/#\/schema\/logo\/image\/","url":"https:\/\/neshio.de\/wp-content\/uploads\/2021\/04\/Neshio-Logo.png","contentUrl":"https:\/\/neshio.de\/wp-content\/uploads\/2021\/04\/Neshio-Logo.png","width":247,"height":46,"caption":"NESHIO"},"image":{"@id":"https:\/\/neshio.de\/#\/schema\/logo\/image\/"},"sameAs":["https:\/\/www.facebook.com\/Neshio.Official","https:\/\/www.instagram.com\/neshio_official\/"]},{"@type":"Person","@id":"https:\/\/neshio.de\/#\/schema\/person\/cd50a9e3814d251c78e8f8115e950343","name":"Neshio","image":{"@type":"ImageObject","inLanguage":"ro-RO","@id":"https:\/\/secure.gravatar.com\/avatar\/fc9886994fee920be4f18309945ff64d1be2a76e7b8bf237b78f54bd9bc80780?s=96&d=mm&r=g","url":"https:\/\/secure.gravatar.com\/avatar\/fc9886994fee920be4f18309945ff64d1be2a76e7b8bf237b78f54bd9bc80780?s=96&d=mm&r=g","contentUrl":"https:\/\/secure.gravatar.com\/avatar\/fc9886994fee920be4f18309945ff64d1be2a76e7b8bf237b78f54bd9bc80780?s=96&d=mm&r=g","caption":"Neshio"},"sameAs":["http:\/\/neshio.de"]}]}},"uagb_featured_image_src":{"full":["https:\/\/neshio.de\/wp-content\/uploads\/2021\/04\/Eigene-Feuchtigkeitscreme.jpg",900,671,false],"thumbnail":["https:\/\/neshio.de\/wp-content\/uploads\/2021\/04\/Eigene-Feuchtigkeitscreme-150x150.jpg",150,150,true],"medium":["https:\/\/neshio.de\/wp-content\/uploads\/2021\/04\/Eigene-Feuchtigkeitscreme-300x224.jpg",300,224,true],"medium_large":["https:\/\/neshio.de\/wp-content\/uploads\/2021\/04\/Eigene-Feuchtigkeitscreme-768x573.jpg",768,573,true],"large":["https:\/\/neshio.de\/wp-content\/uploads\/2021\/04\/Eigene-Feuchtigkeitscreme.jpg",900,671,false],"1536x1536":["https:\/\/neshio.de\/wp-content\/uploads\/2021\/04\/Eigene-Feuchtigkeitscreme.jpg",900,671,false],"2048x2048":["https:\/\/neshio.de\/wp-content\/uploads\/2021\/04\/Eigene-Feuchtigkeitscreme.jpg",900,671,false],"trp-custom-language-flag":["https:\/\/neshio.de\/wp-content\/uploads\/2021\/04\/Eigene-Feuchtigkeitscreme.jpg",16,12,false]},"uagb_author_info":{"display_name":"Neshio","author_link":"https:\/\/neshio.de\/ro\/author\/kerem085\/"},"uagb_comment_info":0,"uagb_excerpt":"So basteln Sie Ihre eigene Feuchtigkeitscreme basierend auf Ihrem Hauttyp Feuchtigkeitscreme ist eines der wichtigsten Elemente jeder effektiven Hautpflege.&nbsp;Nur weil [&hellip;]","_links":{"self":[{"href":"https:\/\/neshio.de\/ro\/wp-json\/wp\/v2\/posts\/29","targetHints":{"allow":["GET"]}}],"collection":[{"href":"https:\/\/neshio.de\/ro\/wp-json\/wp\/v2\/posts"}],"about":[{"href":"https:\/\/neshio.de\/ro\/wp-json\/wp\/v2\/types\/post"}],"author":[{"embeddable":true,"href":"https:\/\/neshio.de\/ro\/wp-json\/wp\/v2\/users\/1"}],"replies":[{"embeddable":true,"href":"https:\/\/neshio.de\/ro\/wp-json\/wp\/v2\/comments?post=29"}],"version-history":[{"count":7,"href":"https:\/\/neshio.de\/ro\/wp-json\/wp\/v2\/posts\/29\/revisions"}],"predecessor-version":[{"id":119,"href":"https:\/\/neshio.de\/ro\/wp-json\/wp\/v2\/posts\/29\/revisions\/119"}],"wp:featuredmedia":[{"embeddable":true,"href":"https:\/\/neshio.de\/ro\/wp-json\/wp\/v2\/media\/32"}],"wp:attachment":[{"href":"https:\/\/neshio.de\/ro\/wp-json\/wp\/v2\/media?parent=29"}],"wp:term":[{"taxonomy":"category","embeddable":true,"href":"https:\/\/neshio.de\/ro\/wp-json\/wp\/v2\/categories?post=29"},{"taxonomy":"post_tag","embeddable":true,"href":"https:\/\/neshio.de\/ro\/wp-json\/wp\/v2\/tags?post=29"}],"curies":[{"name":"wp","href":"https:\/\/api.w.org\/{rel}","templated":true}]}}