{"id":141,"date":"2021-11-04T16:52:35","date_gmt":"2021-11-04T16:52:35","guid":{"rendered":"https:\/\/neshio.de\/?p=141"},"modified":"2021-11-16T14:42:51","modified_gmt":"2021-11-16T14:42:51","slug":"wildrosenoel-haare","status":"publish","type":"post","link":"https:\/\/neshio.de\/ro\/ulei-de-trandafir-salbatic-par\/","title":{"rendered":"Ulei de trandafir s\u0103lbatic pentru p\u0103r: beneficii \u0219i aplica\u021bii"},"content":{"rendered":"<p>Trandafirii au fost o parte esen\u021bial\u0103 a rutinelor de frumuse\u021be din \u00eentreaga lume timp de multe secole. Ei sunt men\u021biona\u021bi \u00een textele antice chineze\u0219ti \u0219i sanscrite \u0219i pot fi g\u0103si\u021bi chiar \u0219i \u00een fosile de acum 40 de milioane de ani. De la aroma lor pl\u0103cut\u0103 p\u00e2n\u0103 la compozi\u021bia lor bogat\u0103 \u00een vitamine, este u\u0219or de \u00een\u021beles de ce aceast\u0103 floare a r\u0103mas un element de baz\u0103 al frumuse\u021bii. Mul\u021bi sunt familiariza\u021bi cu utilizarea apei de trandafir at\u00e2t pentru piele, c\u00e2t \u0219i pentru p\u0103r , dar exist\u0103 \u0219i alte produse derivate din trandafir care pot fi \u00eencorporate \u00een rutina de \u00eengrijire personal\u0103.<\/p>\n\n\n\n<p id=\"mntl-sc-block_1-0-2\">Uleiul de trandafir s\u0103lbatic (denumit uneori doar ulei de trandafir) este un ulei extras din petalele de&nbsp;<em>Damascena roz<\/em>&nbsp;sau floarea de trandafir hibrid este distilat\u0103. A fost folosit\u0103 \u00een numeroase tratamente de \u00eenfrumuse\u021bare pentru piele \u0219i p\u0103r, datorit\u0103 numeroaselor sale propriet\u0103\u021bi valoroase, printre care se num\u0103r\u0103 cele antibacteriene, antiinflamatorii \u0219i emoliente. C\u00e2nd vine vorba de p\u0103r, uleiul de trandafir s\u0103lbatic are capacitatea de a \u00eent\u0103ri scalpul \u0219i foliculii, ceea ce \u00eei face pe unii s\u0103 cread\u0103 c\u0103 poate sus\u021bine cre\u0219terea p\u0103rului \u0219i s\u0103n\u0103tatea general\u0103 a acestuia.<\/p>\n\n\n\n<p id=\"mntl-sc-block_1-0-4\"><strong>Trandafirii sunt chintesen\u021ba romantismului. Ei sunt adesea descri\u0219i ca fiind modul perfect de a spune \"Te iubesc\" unei persoane speciale din via\u021ba ta. Dar ar putea fi, de asemenea, o modalitate excelent\u0103 de a ar\u0103ta iubire pentru \u00eencuietorile tale? Am contactat exper\u021bi \u00een domeniul p\u0103rului pentru a afla p\u0103rerea lor despre utilizarea uleiului de trandafir s\u0103lbatic pentru p\u0103r.<\/strong><\/p>\n\n\n\n<h2 class=\"wp-block-heading\" id=\"mntl-sc-block_1-0-8\">Beneficiile uleiului de trandafir s\u0103lbatic pentru p\u0103r<\/h2>\n\n\n\n<p id=\"mntl-sc-block_1-0-9\">Uleiul de trandafir s\u0103lbatic a fost folosit de secole \u00een medicina popular\u0103 pentru a trata \u0219i preveni diverse boli \u0219i tulbur\u0103ri. Se crede c\u0103 are efecte antidepresive, antioxidante, antimicrobiene, antifungice, probiotice, relaxante pentru mu\u0219chii netezi, hipolipemiante \u0219i antiulcerogene. Un studiu din 2018 a constatat c\u0103 uleiul de trandafir s\u0103lbatic (\u00een combina\u021bie cu alte dou\u0103 uleiuri) a \u00eembun\u0103t\u0103\u021bit frecven\u021ba, durata \u0219i severitatea atacurilor de cefalee f\u0103r\u0103 efecte secundare grave la pacien\u021bii cu migrene. Al\u021bii pur \u0219i simplu se bucur\u0103 de mirosul uleiului de trandafir s\u0103lbatic \u0219i consider\u0103 c\u0103 acesta ofer\u0103 o aromoterapie relaxant\u0103.<\/p>\n\n\n\n<p id=\"mntl-sc-block_1-0-11\">C\u00e2nd vine vorba de p\u0103r \u0219i scalp, uleiul de trandafir s\u0103lbatic are cel mai mare efect la r\u0103d\u0103cini. Uleiul de trandafir s\u0103lbatic este apreciat \u00een \u00eengrijirea pielii \u0219i a p\u0103rului pentru propriet\u0103\u021bile sale antibacteriene, antiinflamatorii \u0219i emoliente. De asemenea, este bogat \u00een antioxidan\u021bi precum vitamina C, vitamina A \u0219i acid linoleic, esen\u021biali pentru s\u0103n\u0103tatea pielii \u0219i a p\u0103rului. Hr\u0103ne\u0219te, lumineaz\u0103, tonific\u0103 \u0219i protejeaz\u0103 pielea. Propriet\u0103\u021bile antiseptice ale uleiului ajut\u0103 la eliberarea foliculilor de p\u0103r de bacterii \u0219i murd\u0103rie, ceea ce sus\u021bine un mediu s\u0103n\u0103tos al scalpului.<\/p>\n\n\n\n<ul class=\"wp-block-list\" id=\"mntl-sc-block_1-0-13\"><li><strong>\u00cendep\u0103rteaz\u0103 murd\u0103ria \u0219i bacteriile:<\/strong>&nbsp;Uleiul de trandafir s\u0103lbatic are propriet\u0103\u021bi antiseptice care pot elimina murd\u0103ria \u0219i bacteriile \u0219i cur\u0103\u021b\u0103 foliculii de p\u0103r, hidrat\u00e2ndu-i \u00een acela\u0219i timp. Acest lucru poate fi util pentru cei care sufer\u0103 de probleme fungice, cum ar fi m\u0103trea\u021ba.<\/li><li><strong>\u00cent\u0103re\u0219te foliculii de p\u0103r:<\/strong>&nbsp;Masarea uleiului pe scalp poate stimula foliculii de p\u0103r.&nbsp;<strong>consolidarea<\/strong>&nbsp;iar p\u0103rul poate adera mai ferm la r\u0103d\u0103cini. To\u021bi cei trei exper\u021bi spun c\u0103 \u00eent\u0103rirea cu ulei de trandafir s\u0103lbatic este esen\u021bial\u0103 pentru a preveni ruperea \u0219i c\u0103derea p\u0103rului, ceea ce poate preveni c\u0103derea viitoare a p\u0103rului.<\/li><li><strong>Hidrateaz\u0103 scalpul \u0219i p\u0103rul:<\/strong>&nbsp;Uleiul de trandafir s\u0103lbatic d\u0103ruie\u0219te pielii \u0219i foliculilor de p\u0103r&nbsp;<strong>Umiditate<\/strong>&nbsp;care este bun at\u00e2t pentru scalp, c\u00e2t \u0219i pentru p\u0103r. \u00cen plus, acesta poate avea propriet\u0103\u021bi emoliente care servesc la fixarea umidit\u0103\u021bii furnizate.<\/li><li><strong>Calmeaz\u0103 scalpul:<\/strong>&nbsp;Datorit\u0103 propriet\u0103\u021bilor sale antimicrobiene, uleiul de trandafir s\u0103lbatic este excelent pentru hidratarea scalpurilor uscate, iritate \u0219i inflamate.&nbsp;<\/li><li><strong>Sus\u021bine cre\u0219terea p\u0103rului nou:<\/strong>&nbsp;De\u0219i nu sus\u021bine \u00een mod activ cre\u0219terea p\u0103rului, uleiul de trandafir s\u0103lbatic sprijin\u0103 p\u0103rul existent \u0219i noua cre\u0219tere pentru a r\u0103m\u00e2ne s\u0103n\u0103tos \u0219i pentru a evita c\u0103derea sau ruperea p\u0103rului. Mai degrab\u0103 dec\u00e2t s\u0103 afecteze direct cre\u0219terea, uleiul de trandafir s\u0103lbatic creeaz\u0103 un mediu s\u0103n\u0103tos pentru cre\u0219terea p\u0103rului.<\/li><\/ul>\n\n\n\n<h2 class=\"wp-block-heading\" id=\"mntl-sc-block_1-0-15\">Considera\u021bii privind tipul de p\u0103r<\/h2>\n\n\n\n<p id=\"mntl-sc-block_1-0-16\">Exper\u021bii no\u0219tri sunt de acord c\u0103 toate tipurile \u0219i texturile de p\u0103r pot beneficia de uleiul de trandafir s\u0103lbatic, dar cei cu p\u0103rul uscat sau deteriorat sau cu un scalp nes\u0103n\u0103tos vor beneficia cel mai mult de propriet\u0103\u021bile sale de \u00eenmuiere \u0219i vindecare. Propriet\u0103\u021bile antimicrobiene elibereaz\u0103 foliculii de bacterii \u0219i murd\u0103rie, \u00eemp\u0103rt\u0103\u0219e\u0219te Friese, ceea ce \u00eel poate face o u\u0219urare eficient\u0103 pentru afec\u021biuni precum m\u0103trea\u021ba. Beneficiile de refacere pot ajuta la prevenirea c\u0103derii p\u0103rului, ceea ce \u00eel face un remediu de cas\u0103 excelent pentru persoanele cu c\u0103derea p\u0103rului. Ca \u0219i \u00een cazul altor uleiuri, persoanele cu p\u0103rul fin sau cu scalpul gras ar trebui s\u0103-l foloseasc\u0103 cu modera\u021bie, deoarece poate face ca p\u0103rul s\u0103 par\u0103 gras.<\/p>\n\n\n\n<h2 class=\"wp-block-heading\" id=\"mntl-sc-block_1-0-18\">Cum se utilizeaz\u0103 uleiul de trandafir s\u0103lbatic pentru p\u0103r<\/h2>\n\n\n\n<p id=\"mntl-sc-block_1-0-19\">Beneficiile uleiului de trandafir s\u0103lbatic pot fi ob\u021binute printr-o varietate de metode, dar se recomand\u0103 pruden\u021b\u0103 din cauza puterii acestui ulei. De\u0219i nu exist\u0103 efecte secundare cunoscute ale uleiului de trandafir s\u0103lbatic, exper\u021bii no\u0219tri avertizeaz\u0103 c\u0103 este un ulei puternic, astfel c\u0103 sunt posibile reac\u021bii alergice. \u00cenainte de a aplica orice produs nou pe p\u0103r \u0219i scalp, exper\u021bii no\u0219tri recomand\u0103 efectuarea unui test de patch test pentru a vedea dac\u0103 exist\u0103 vreo sensibilitate. Pentru a reduce riscul de reac\u021bii, uleiul de trandafir s\u0103lbatic nu trebuie aplicat niciodat\u0103 direct pe piele, f\u0103r\u0103 a fi diluat cu un ulei suport sau cu un \u0219ampon.<\/p>\n\n\n\n<p><strong>\u00cembun\u0103t\u0103\u021bi\u021bi-v\u0103 \u0219amponul existent:<\/strong>&nbsp;Exper\u021bii no\u0219tri sunt de acord c\u0103 una dintre cele mai sigure \u0219i mai u\u0219oare modalit\u0103\u021bi de a \u00eencorpora uleiul de trandafir s\u0103lbatic \u00een \u00eengrijirea p\u0103rului este s\u0103 ad\u0103uga\u021bi pur \u0219i simplu c\u00e2teva pic\u0103turi \u00een \u0219amponul dumneavoastr\u0103 \u00eenainte de a v\u0103 sp\u0103la p\u0103rul. Acest lucru permite ca uleiul s\u0103 fie distribuit uniform pe tot p\u0103rul dumneavoastr\u0103, asigur\u00e2nd \u00een acela\u0219i timp \u0219i dilu\u021bia necesar\u0103. V\u0103 recomand\u0103m uleiul de trandafir de la Weleda aici. Amesteca\u021bi acest ulei cu \u0219amponul dumneavoastr\u0103 preferat cu c\u00e2teva pulveriz\u0103ri \u0219i iat\u0103 cea mai bun\u0103 combina\u021bie dintre cele dou\u0103, f\u0103r\u0103 a fi nevoie s\u0103 renun\u021ba\u021bi la \u0219amponul dumneavoastr\u0103.<\/p>\n\n\n\n<figure class=\"wp-block-image size-full is-resized\"><a href=\"https:\/\/amzn.to\/3q5UVKd\" target=\"_blank\" rel=\"nofollow noopener\"><img loading=\"lazy\" decoding=\"async\" src=\"https:\/\/neshio.de\/wp-content\/uploads\/2021\/11\/Wildrosen-oel-Haare-Neu.jpg\" alt=\"Wild Rose Oil Hair\" class=\"wp-image-145\" width=\"224\" height=\"369\" srcset=\"https:\/\/neshio.de\/wp-content\/uploads\/2021\/11\/Wildrosen-oel-Haare-Neu.jpg 510w, https:\/\/neshio.de\/wp-content\/uploads\/2021\/11\/Wildrosen-oel-Haare-Neu-182x300.jpg 182w\" sizes=\"auto, (max-width: 224px) 100vw, 224px\" \/><\/a><\/figure>\n\n\n\n<p>Uleiul de trandafir s\u0103lbatic de la Weleda este perfect pentru p\u0103r, dar \u0219i pentru \u00eengrijirea zilnic\u0103 a corpului. <\/p>\n\n\n\n<p><strong>\u00cen plus, pute\u021bi folosi uleiul de trandafir \u0219i ca ulei de masaj pentru scalp: <\/strong>Masarea scalpului cre\u0219te circula\u021bia s\u00e2ngelui \u0219i favorizeaz\u0103 cre\u0219terea. Amestecarea c\u00e2torva pic\u0103turi de ulei de trandafir s\u0103lbatic poate crea un ulei de masaj rapid \u0219i u\u0219or care aduce factori suplimentari de cre\u0219tere a p\u0103rului.<\/p>","protected":false},"excerpt":{"rendered":"<p>Rosen sind seit vielen Jahrhunderten ein wesentlicher Bestandteil der Sch\u00f6nheitsroutinen auf der ganzen Welt. Sie werden in alten chinesischen und [&hellip;]<\/p>\n","protected":false},"author":1,"featured_media":143,"comment_status":"closed","ping_status":"open","sticky":false,"template":"","format":"standard","meta":{"_acf_changed":false,"_uag_custom_page_level_css":"","site-sidebar-layout":"default","site-content-layout":"","ast-site-content-layout":"default","site-content-style":"default","site-sidebar-style":"default","ast-global-header-display":"","ast-banner-title-visibility":"","ast-main-header-display":"","ast-hfb-above-header-display":"","ast-hfb-below-header-display":"","ast-hfb-mobile-header-display":"","site-post-title":"","ast-breadcrumbs-content":"","ast-featured-img":"","footer-sml-layout":"","ast-disable-related-posts":"","theme-transparent-header-meta":"","adv-header-id-meta":"","stick-header-meta":"","header-above-stick-meta":"","header-main-stick-meta":"","header-below-stick-meta":"","astra-migrate-meta-layouts":"default","ast-page-background-enabled":"default","ast-page-background-meta":{"desktop":{"background-color":"","background-image":"","background-repeat":"repeat","background-position":"center center","background-size":"auto","background-attachment":"scroll","background-type":"","background-media":"","overlay-type":"","overlay-color":"","overlay-opacity":"","overlay-gradient":""},"tablet":{"background-color":"","background-image":"","background-repeat":"repeat","background-position":"center center","background-size":"auto","background-attachment":"scroll","background-type":"","background-media":"","overlay-type":"","overlay-color":"","overlay-opacity":"","overlay-gradient":""},"mobile":{"background-color":"","background-image":"","background-repeat":"repeat","background-position":"center center","background-size":"auto","background-attachment":"scroll","background-type":"","background-media":"","overlay-type":"","overlay-color":"","overlay-opacity":"","overlay-gradient":""}},"ast-content-background-meta":{"desktop":{"background-color":"var(--ast-global-color-5)","background-image":"","background-repeat":"repeat","background-position":"center center","background-size":"auto","background-attachment":"scroll","background-type":"","background-media":"","overlay-type":"","overlay-color":"","overlay-opacity":"","overlay-gradient":""},"tablet":{"background-color":"var(--ast-global-color-5)","background-image":"","background-repeat":"repeat","background-position":"center center","background-size":"auto","background-attachment":"scroll","background-type":"","background-media":"","overlay-type":"","overlay-color":"","overlay-opacity":"","overlay-gradient":""},"mobile":{"background-color":"var(--ast-global-color-5)","background-image":"","background-repeat":"repeat","background-position":"center center","background-size":"auto","background-attachment":"scroll","background-type":"","background-media":"","overlay-type":"","overlay-color":"","overlay-opacity":"","overlay-gradient":""}},"footnotes":""},"categories":[11,15],"tags":[],"class_list":["post-141","post","type-post","status-publish","format-standard","has-post-thumbnail","hentry","category-haare","category-pflege-haar"],"acf":[],"yoast_head":"<!-- This site is optimized with the Yoast SEO Premium plugin v20.12 (Yoast SEO v27.4) - https:\/\/yoast.com\/product\/yoast-seo-premium-wordpress\/ -->\n<title>Wildrosen\u00f6l f\u00fcr Haare: Vorteile und Anwendung - NESHIO<\/title>\n<meta name=\"description\" content=\"Was f\u00fcr Vorteile bietet Wildrosen\u00f6l f\u00fcr meine Haare? Wie man Wildrosen\u00f6l f\u00fcr das Haar verwendet, haben wir hier f\u00fcr dich zusammengefasst.\" \/>\n<meta name=\"robots\" content=\"index, follow, max-snippet:-1, max-image-preview:large, max-video-preview:-1\" \/>\n<link rel=\"canonical\" href=\"https:\/\/neshio.de\/ro\/ulei-de-trandafir-salbatic-par\/\" \/>\n<meta property=\"og:locale\" content=\"ro_RO\" \/>\n<meta property=\"og:type\" content=\"article\" \/>\n<meta property=\"og:title\" content=\"Wildrosen\u00f6l f\u00fcr Haare: Vorteile und Anwendung\" \/>\n<meta property=\"og:description\" content=\"Was f\u00fcr Vorteile bietet Wildrosen\u00f6l f\u00fcr meine Haare? Wie man Wildrosen\u00f6l f\u00fcr das Haar verwendet, haben wir hier f\u00fcr dich zusammengefasst.\" \/>\n<meta property=\"og:url\" content=\"https:\/\/neshio.de\/ro\/ulei-de-trandafir-salbatic-par\/\" \/>\n<meta property=\"og:site_name\" content=\"NESHIO\" \/>\n<meta property=\"article:publisher\" content=\"https:\/\/www.facebook.com\/Neshio.Official\" \/>\n<meta property=\"article:published_time\" content=\"2021-11-04T16:52:35+00:00\" \/>\n<meta property=\"article:modified_time\" content=\"2021-11-16T14:42:51+00:00\" \/>\n<meta property=\"og:image\" content=\"https:\/\/neshio.de\/wp-content\/uploads\/2021\/11\/wildrosenoel-haare.jpg\" \/>\n\t<meta property=\"og:image:width\" content=\"900\" \/>\n\t<meta property=\"og:image:height\" content=\"671\" \/>\n\t<meta property=\"og:image:type\" content=\"image\/jpeg\" \/>\n<meta name=\"author\" content=\"Neshio\" \/>\n<meta name=\"twitter:card\" content=\"summary_large_image\" \/>\n<meta name=\"twitter:label1\" content=\"Scris de\" \/>\n\t<meta name=\"twitter:data1\" content=\"Neshio\" \/>\n\t<meta name=\"twitter:label2\" content=\"Timp estimat pentru citire\" \/>\n\t<meta name=\"twitter:data2\" content=\"5 minute\" \/>\n<script type=\"application\/ld+json\" class=\"yoast-schema-graph\">{\"@context\":\"https:\\\/\\\/schema.org\",\"@graph\":[{\"@type\":\"Article\",\"@id\":\"https:\\\/\\\/neshio.de\\\/wildrosenoel-haare\\\/#article\",\"isPartOf\":{\"@id\":\"https:\\\/\\\/neshio.de\\\/wildrosenoel-haare\\\/\"},\"author\":{\"name\":\"Neshio\",\"@id\":\"https:\\\/\\\/neshio.de\\\/#\\\/schema\\\/person\\\/cd50a9e3814d251c78e8f8115e950343\"},\"headline\":\"Wildrosen\u00f6l f\u00fcr Haare: Vorteile und Anwendung\",\"datePublished\":\"2021-11-04T16:52:35+00:00\",\"dateModified\":\"2021-11-16T14:42:51+00:00\",\"mainEntityOfPage\":{\"@id\":\"https:\\\/\\\/neshio.de\\\/wildrosenoel-haare\\\/\"},\"wordCount\":1078,\"publisher\":{\"@id\":\"https:\\\/\\\/neshio.de\\\/#organization\"},\"image\":{\"@id\":\"https:\\\/\\\/neshio.de\\\/wildrosenoel-haare\\\/#primaryimage\"},\"thumbnailUrl\":\"https:\\\/\\\/neshio.de\\\/wp-content\\\/uploads\\\/2021\\\/11\\\/wildrosenoel-haare.jpg\",\"articleSection\":[\"Haare\",\"Haarpflege\"],\"inLanguage\":\"ro-RO\"},{\"@type\":\"WebPage\",\"@id\":\"https:\\\/\\\/neshio.de\\\/wildrosenoel-haare\\\/\",\"url\":\"https:\\\/\\\/neshio.de\\\/wildrosenoel-haare\\\/\",\"name\":\"Wildrosen\u00f6l f\u00fcr Haare: Vorteile und Anwendung - NESHIO\",\"isPartOf\":{\"@id\":\"https:\\\/\\\/neshio.de\\\/#website\"},\"primaryImageOfPage\":{\"@id\":\"https:\\\/\\\/neshio.de\\\/wildrosenoel-haare\\\/#primaryimage\"},\"image\":{\"@id\":\"https:\\\/\\\/neshio.de\\\/wildrosenoel-haare\\\/#primaryimage\"},\"thumbnailUrl\":\"https:\\\/\\\/neshio.de\\\/wp-content\\\/uploads\\\/2021\\\/11\\\/wildrosenoel-haare.jpg\",\"datePublished\":\"2021-11-04T16:52:35+00:00\",\"dateModified\":\"2021-11-16T14:42:51+00:00\",\"description\":\"Was f\u00fcr Vorteile bietet Wildrosen\u00f6l f\u00fcr meine Haare? Wie man Wildrosen\u00f6l f\u00fcr das Haar verwendet, haben wir hier f\u00fcr dich zusammengefasst.\",\"breadcrumb\":{\"@id\":\"https:\\\/\\\/neshio.de\\\/wildrosenoel-haare\\\/#breadcrumb\"},\"inLanguage\":\"ro-RO\",\"potentialAction\":[{\"@type\":\"ReadAction\",\"target\":[\"https:\\\/\\\/neshio.de\\\/wildrosenoel-haare\\\/\"]}]},{\"@type\":\"ImageObject\",\"inLanguage\":\"ro-RO\",\"@id\":\"https:\\\/\\\/neshio.de\\\/wildrosenoel-haare\\\/#primaryimage\",\"url\":\"https:\\\/\\\/neshio.de\\\/wp-content\\\/uploads\\\/2021\\\/11\\\/wildrosenoel-haare.jpg\",\"contentUrl\":\"https:\\\/\\\/neshio.de\\\/wp-content\\\/uploads\\\/2021\\\/11\\\/wildrosenoel-haare.jpg\",\"width\":900,\"height\":671,\"caption\":\"wildrosenoel-haare\"},{\"@type\":\"BreadcrumbList\",\"@id\":\"https:\\\/\\\/neshio.de\\\/wildrosenoel-haare\\\/#breadcrumb\",\"itemListElement\":[{\"@type\":\"ListItem\",\"position\":1,\"name\":\"NESHIO\",\"item\":\"https:\\\/\\\/neshio.de\\\/\"},{\"@type\":\"ListItem\",\"position\":2,\"name\":\"Haare\",\"item\":\"https:\\\/\\\/neshio.de\\\/haare\\\/\"},{\"@type\":\"ListItem\",\"position\":3,\"name\":\"Wildrosen\u00f6l f\u00fcr Haare: Vorteile und Anwendung\"}]},{\"@type\":\"WebSite\",\"@id\":\"https:\\\/\\\/neshio.de\\\/#website\",\"url\":\"https:\\\/\\\/neshio.de\\\/\",\"name\":\"NESHIO\",\"description\":\"Beauty und Gesundheit\",\"publisher\":{\"@id\":\"https:\\\/\\\/neshio.de\\\/#organization\"},\"potentialAction\":[{\"@type\":\"SearchAction\",\"target\":{\"@type\":\"EntryPoint\",\"urlTemplate\":\"https:\\\/\\\/neshio.de\\\/?s={search_term_string}\"},\"query-input\":{\"@type\":\"PropertyValueSpecification\",\"valueRequired\":true,\"valueName\":\"search_term_string\"}}],\"inLanguage\":\"ro-RO\"},{\"@type\":\"Organization\",\"@id\":\"https:\\\/\\\/neshio.de\\\/#organization\",\"name\":\"NESHIO\",\"url\":\"https:\\\/\\\/neshio.de\\\/\",\"logo\":{\"@type\":\"ImageObject\",\"inLanguage\":\"ro-RO\",\"@id\":\"https:\\\/\\\/neshio.de\\\/#\\\/schema\\\/logo\\\/image\\\/\",\"url\":\"https:\\\/\\\/neshio.de\\\/wp-content\\\/uploads\\\/2021\\\/04\\\/Neshio-Logo.png\",\"contentUrl\":\"https:\\\/\\\/neshio.de\\\/wp-content\\\/uploads\\\/2021\\\/04\\\/Neshio-Logo.png\",\"width\":247,\"height\":46,\"caption\":\"NESHIO\"},\"image\":{\"@id\":\"https:\\\/\\\/neshio.de\\\/#\\\/schema\\\/logo\\\/image\\\/\"},\"sameAs\":[\"https:\\\/\\\/www.facebook.com\\\/Neshio.Official\",\"https:\\\/\\\/www.instagram.com\\\/neshio_official\\\/\"]},{\"@type\":\"Person\",\"@id\":\"https:\\\/\\\/neshio.de\\\/#\\\/schema\\\/person\\\/cd50a9e3814d251c78e8f8115e950343\",\"name\":\"Neshio\",\"image\":{\"@type\":\"ImageObject\",\"inLanguage\":\"ro-RO\",\"@id\":\"https:\\\/\\\/secure.gravatar.com\\\/avatar\\\/fc9886994fee920be4f18309945ff64d1be2a76e7b8bf237b78f54bd9bc80780?s=96&d=mm&r=g\",\"url\":\"https:\\\/\\\/secure.gravatar.com\\\/avatar\\\/fc9886994fee920be4f18309945ff64d1be2a76e7b8bf237b78f54bd9bc80780?s=96&d=mm&r=g\",\"contentUrl\":\"https:\\\/\\\/secure.gravatar.com\\\/avatar\\\/fc9886994fee920be4f18309945ff64d1be2a76e7b8bf237b78f54bd9bc80780?s=96&d=mm&r=g\",\"caption\":\"Neshio\"},\"sameAs\":[\"http:\\\/\\\/neshio.de\"]}]}<\/script>\n<!-- \/ Yoast SEO Premium plugin. -->","yoast_head_json":{"title":"Ulei de trandafir s\u0103lbatic pentru p\u0103r: beneficii \u0219i utilizare - NESHIO","description":"Care sunt beneficiile uleiului de trandafir s\u0103lbatic pentru p\u0103rul meu? Am sintetizat aici pentru dumneavoastr\u0103 cum s\u0103 folosi\u021bi uleiul de trandafir s\u0103lbatic pentru p\u0103r.","robots":{"index":"index","follow":"follow","max-snippet":"max-snippet:-1","max-image-preview":"max-image-preview:large","max-video-preview":"max-video-preview:-1"},"canonical":"https:\/\/neshio.de\/ro\/ulei-de-trandafir-salbatic-par\/","og_locale":"ro_RO","og_type":"article","og_title":"Wildrosen\u00f6l f\u00fcr Haare: Vorteile und Anwendung","og_description":"Was f\u00fcr Vorteile bietet Wildrosen\u00f6l f\u00fcr meine Haare? Wie man Wildrosen\u00f6l f\u00fcr das Haar verwendet, haben wir hier f\u00fcr dich zusammengefasst.","og_url":"https:\/\/neshio.de\/ro\/ulei-de-trandafir-salbatic-par\/","og_site_name":"NESHIO","article_publisher":"https:\/\/www.facebook.com\/Neshio.Official","article_published_time":"2021-11-04T16:52:35+00:00","article_modified_time":"2021-11-16T14:42:51+00:00","og_image":[{"width":900,"height":671,"url":"https:\/\/neshio.de\/wp-content\/uploads\/2021\/11\/wildrosenoel-haare.jpg","type":"image\/jpeg"}],"author":"Neshio","twitter_card":"summary_large_image","twitter_misc":{"Scris de":"Neshio","Timp estimat pentru citire":"5 minute"},"schema":{"@context":"https:\/\/schema.org","@graph":[{"@type":"Article","@id":"https:\/\/neshio.de\/wildrosenoel-haare\/#article","isPartOf":{"@id":"https:\/\/neshio.de\/wildrosenoel-haare\/"},"author":{"name":"Neshio","@id":"https:\/\/neshio.de\/#\/schema\/person\/cd50a9e3814d251c78e8f8115e950343"},"headline":"Wildrosen\u00f6l f\u00fcr Haare: Vorteile und Anwendung","datePublished":"2021-11-04T16:52:35+00:00","dateModified":"2021-11-16T14:42:51+00:00","mainEntityOfPage":{"@id":"https:\/\/neshio.de\/wildrosenoel-haare\/"},"wordCount":1078,"publisher":{"@id":"https:\/\/neshio.de\/#organization"},"image":{"@id":"https:\/\/neshio.de\/wildrosenoel-haare\/#primaryimage"},"thumbnailUrl":"https:\/\/neshio.de\/wp-content\/uploads\/2021\/11\/wildrosenoel-haare.jpg","articleSection":["Haare","Haarpflege"],"inLanguage":"ro-RO"},{"@type":"WebPage","@id":"https:\/\/neshio.de\/wildrosenoel-haare\/","url":"https:\/\/neshio.de\/wildrosenoel-haare\/","name":"Ulei de trandafir s\u0103lbatic pentru p\u0103r: beneficii \u0219i utilizare - NESHIO","isPartOf":{"@id":"https:\/\/neshio.de\/#website"},"primaryImageOfPage":{"@id":"https:\/\/neshio.de\/wildrosenoel-haare\/#primaryimage"},"image":{"@id":"https:\/\/neshio.de\/wildrosenoel-haare\/#primaryimage"},"thumbnailUrl":"https:\/\/neshio.de\/wp-content\/uploads\/2021\/11\/wildrosenoel-haare.jpg","datePublished":"2021-11-04T16:52:35+00:00","dateModified":"2021-11-16T14:42:51+00:00","description":"Care sunt beneficiile uleiului de trandafir s\u0103lbatic pentru p\u0103rul meu? Am sintetizat aici pentru dumneavoastr\u0103 cum s\u0103 folosi\u021bi uleiul de trandafir s\u0103lbatic pentru p\u0103r.","breadcrumb":{"@id":"https:\/\/neshio.de\/wildrosenoel-haare\/#breadcrumb"},"inLanguage":"ro-RO","potentialAction":[{"@type":"ReadAction","target":["https:\/\/neshio.de\/wildrosenoel-haare\/"]}]},{"@type":"ImageObject","inLanguage":"ro-RO","@id":"https:\/\/neshio.de\/wildrosenoel-haare\/#primaryimage","url":"https:\/\/neshio.de\/wp-content\/uploads\/2021\/11\/wildrosenoel-haare.jpg","contentUrl":"https:\/\/neshio.de\/wp-content\/uploads\/2021\/11\/wildrosenoel-haare.jpg","width":900,"height":671,"caption":"wildrosenoel-haare"},{"@type":"BreadcrumbList","@id":"https:\/\/neshio.de\/wildrosenoel-haare\/#breadcrumb","itemListElement":[{"@type":"ListItem","position":1,"name":"NESHIO","item":"https:\/\/neshio.de\/"},{"@type":"ListItem","position":2,"name":"Haare","item":"https:\/\/neshio.de\/haare\/"},{"@type":"ListItem","position":3,"name":"Wildrosen\u00f6l f\u00fcr Haare: Vorteile und Anwendung"}]},{"@type":"WebSite","@id":"https:\/\/neshio.de\/#website","url":"https:\/\/neshio.de\/","name":"NESHIO","description":"Frumuse\u021be \u0219i s\u0103n\u0103tate","publisher":{"@id":"https:\/\/neshio.de\/#organization"},"potentialAction":[{"@type":"SearchAction","target":{"@type":"EntryPoint","urlTemplate":"https:\/\/neshio.de\/?s={search_term_string}"},"query-input":{"@type":"PropertyValueSpecification","valueRequired":true,"valueName":"search_term_string"}}],"inLanguage":"ro-RO"},{"@type":"Organization","@id":"https:\/\/neshio.de\/#organization","name":"NESHIO","url":"https:\/\/neshio.de\/","logo":{"@type":"ImageObject","inLanguage":"ro-RO","@id":"https:\/\/neshio.de\/#\/schema\/logo\/image\/","url":"https:\/\/neshio.de\/wp-content\/uploads\/2021\/04\/Neshio-Logo.png","contentUrl":"https:\/\/neshio.de\/wp-content\/uploads\/2021\/04\/Neshio-Logo.png","width":247,"height":46,"caption":"NESHIO"},"image":{"@id":"https:\/\/neshio.de\/#\/schema\/logo\/image\/"},"sameAs":["https:\/\/www.facebook.com\/Neshio.Official","https:\/\/www.instagram.com\/neshio_official\/"]},{"@type":"Person","@id":"https:\/\/neshio.de\/#\/schema\/person\/cd50a9e3814d251c78e8f8115e950343","name":"Neshio","image":{"@type":"ImageObject","inLanguage":"ro-RO","@id":"https:\/\/secure.gravatar.com\/avatar\/fc9886994fee920be4f18309945ff64d1be2a76e7b8bf237b78f54bd9bc80780?s=96&d=mm&r=g","url":"https:\/\/secure.gravatar.com\/avatar\/fc9886994fee920be4f18309945ff64d1be2a76e7b8bf237b78f54bd9bc80780?s=96&d=mm&r=g","contentUrl":"https:\/\/secure.gravatar.com\/avatar\/fc9886994fee920be4f18309945ff64d1be2a76e7b8bf237b78f54bd9bc80780?s=96&d=mm&r=g","caption":"Neshio"},"sameAs":["http:\/\/neshio.de"]}]}},"uagb_featured_image_src":{"full":["https:\/\/neshio.de\/wp-content\/uploads\/2021\/11\/wildrosenoel-haare.jpg",900,671,false],"thumbnail":["https:\/\/neshio.de\/wp-content\/uploads\/2021\/11\/wildrosenoel-haare-150x150.jpg",150,150,true],"medium":["https:\/\/neshio.de\/wp-content\/uploads\/2021\/11\/wildrosenoel-haare-300x224.jpg",300,224,true],"medium_large":["https:\/\/neshio.de\/wp-content\/uploads\/2021\/11\/wildrosenoel-haare-768x573.jpg",768,573,true],"large":["https:\/\/neshio.de\/wp-content\/uploads\/2021\/11\/wildrosenoel-haare.jpg",900,671,false],"1536x1536":["https:\/\/neshio.de\/wp-content\/uploads\/2021\/11\/wildrosenoel-haare.jpg",900,671,false],"2048x2048":["https:\/\/neshio.de\/wp-content\/uploads\/2021\/11\/wildrosenoel-haare.jpg",900,671,false],"trp-custom-language-flag":["https:\/\/neshio.de\/wp-content\/uploads\/2021\/11\/wildrosenoel-haare.jpg",16,12,false]},"uagb_author_info":{"display_name":"Neshio","author_link":"https:\/\/neshio.de\/ro\/author\/kerem085\/"},"uagb_comment_info":0,"uagb_excerpt":"Rosen sind seit vielen Jahrhunderten ein wesentlicher Bestandteil der Sch\u00f6nheitsroutinen auf der ganzen Welt. Sie werden in alten chinesischen und [&hellip;]","_links":{"self":[{"href":"https:\/\/neshio.de\/ro\/wp-json\/wp\/v2\/posts\/141","targetHints":{"allow":["GET"]}}],"collection":[{"href":"https:\/\/neshio.de\/ro\/wp-json\/wp\/v2\/posts"}],"about":[{"href":"https:\/\/neshio.de\/ro\/wp-json\/wp\/v2\/types\/post"}],"author":[{"embeddable":true,"href":"https:\/\/neshio.de\/ro\/wp-json\/wp\/v2\/users\/1"}],"replies":[{"embeddable":true,"href":"https:\/\/neshio.de\/ro\/wp-json\/wp\/v2\/comments?post=141"}],"version-history":[{"count":4,"href":"https:\/\/neshio.de\/ro\/wp-json\/wp\/v2\/posts\/141\/revisions"}],"predecessor-version":[{"id":268,"href":"https:\/\/neshio.de\/ro\/wp-json\/wp\/v2\/posts\/141\/revisions\/268"}],"wp:featuredmedia":[{"embeddable":true,"href":"https:\/\/neshio.de\/ro\/wp-json\/wp\/v2\/media\/143"}],"wp:attachment":[{"href":"https:\/\/neshio.de\/ro\/wp-json\/wp\/v2\/media?parent=141"}],"wp:term":[{"taxonomy":"category","embeddable":true,"href":"https:\/\/neshio.de\/ro\/wp-json\/wp\/v2\/categories?post=141"},{"taxonomy":"post_tag","embeddable":true,"href":"https:\/\/neshio.de\/ro\/wp-json\/wp\/v2\/tags?post=141"}],"curies":[{"name":"wp","href":"https:\/\/api.w.org\/{rel}","templated":true}]}}