{"id":73,"date":"2021-04-27T14:35:20","date_gmt":"2021-04-27T14:35:20","guid":{"rendered":"https:\/\/neshio.de\/?p=73"},"modified":"2021-11-16T14:44:37","modified_gmt":"2021-11-16T14:44:37","slug":"keratin-haarverlaengerungen","status":"publish","type":"post","link":"https:\/\/neshio.de\/pl\/keratynowe-uszkodzenia-wlosow\/","title":{"rendered":"Wszystko, co musisz wiedzie\u0107 o keratynowym przed\u0142u\u017caniu w\u0142os\u00f3w"},"content":{"rendered":"<p>S\u0105 zaskakuj\u0105co \u0142atwe w utrzymaniu.<\/p>\n\n\n\n<p class=\"has-drop-cap\"><p>Chocia\u017c obecnie mam stosunkowo d\u0142ugie, g\u0119ste w\u0142osy, brakowa\u0142o mi obj\u0119to\u015bci i blasku moich w\u0142os\u00f3w, co doprowadzi\u0142o mnie do nowej formy przed\u0142u\u017cania: keratynowe przed\u0142u\u017canie w\u0142os\u00f3w. I jak si\u0119 okazuje, nie s\u0105 one wcale nowe - styli\u015bci celebryt\u00f3w u\u017cywaj\u0105 keratynowych przed\u0142u\u017ce\u0144 w\u0142os\u00f3w od lat. Zaciekawiony? Anon. Zwr\u00f3ci\u0142am si\u0119 wi\u0119c do ekspert\u00f3w i znalaz\u0142am dw\u00f3ch stylist\u00f3w celebryt\u00f3w, kt\u00f3rzy od dziesi\u0119cioleci doczepiaj\u0105 keratynowe przed\u0142u\u017canie w\u0142os\u00f3w naszym ulubionym zestresowanym gwiazdom. Czytaj dalej, aby dowiedzie\u0107 si\u0119 wi\u0119cej o keratynowym przed\u0142u\u017caniu w\u0142os\u00f3w - i o tym, czy si\u0119 na nie zdecydowa\u0142am.<\/p><\/p>\n\n\n\n<figure class=\"wp-block-embed is-type-rich is-provider-instagram wp-block-embed-instagram\"><div class=\"wp-block-embed__wrapper\">\nhttps:\/\/www.instagram.com\/p\/CADhR7xjg-h\/?utm_source=ig_web_copy_link\n<\/div><\/figure>\n\n\n\n<h2 class=\"wp-block-heading\" id=\"mntl-sc-block_1-0-4\">Czym jest keratynowe przed\u0142u\u017canie w\u0142os\u00f3w?<\/h2>\n\n\n\n<p>\"Keratynowe przed\u0142u\u017canie w\u0142os\u00f3w to pojedyncze pasma w\u0142os\u00f3w, kt\u00f3re s\u0105 przyklejane do w\u0142os\u00f3w za pomoc\u0105 kleju lub mikrosfer\" - m\u00f3wi Rita H. , s\u0142awna stylistka fryzur, kolorystka i w\u0142a\u015bcicielka Rita Salon w Nowym Jorku. Zazwyczaj s\u0105 one wykonane z prawdziwych, nieprzetworzonych ludzkich w\u0142os\u00f3w. I chocia\u017c keratynowe przed\u0142u\u017canie w\u0142os\u00f3w dopiero niedawno wesz\u0142o do publicznego leksykonu, prawda jest taka, \u017ce istniej\u0105 one od wiek\u00f3w.<\/p>\n\n\n\n<p>Poszczeg\u00f3lne przed\u0142u\u017cenia s\u0105 strategicznie rozmieszczone w rz\u0119dach, dzi\u0119ki czemu zawsze pozostaj\u0105 zakryte przez naturalne kosmyki w\u0142os\u00f3w. (Tak, nawet je\u015bli masz skomplikowane upi\u0119cie lub kucyk <\/p>\n\n\n\n<p>W zale\u017cno\u015bci od koloru i tekstury w\u0142os\u00f3w, niekt\u00f3re salony dysponuj\u0105 pr\u00f3bkami, kt\u00f3re stylista mo\u017ce wykorzysta\u0107 tego samego dnia. Jednak salony cz\u0119sto prosz\u0105 o wcze\u015bniejsze przybycie, aby m\u00f3c zam\u00f3wi\u0107 dok\u0142adnie taki rodzaj przed\u0142u\u017cenia, jakiego potrzebuj\u0105.<\/p>\n\n\n\n<h2 class=\"wp-block-heading\" id=\"mntl-sc-block_1-0-11\">Keratynowe przed\u0142u\u017canie w\u0142os\u00f3w a tradycyjne przed\u0142u\u017canie w\u0142os\u00f3w<\/h2>\n\n\n\n<p id=\"mntl-sc-block_1-0-12\">Podczas gdy na rynku dost\u0119pnych jest mn\u00f3stwo r\u00f3\u017cnych rodzaj\u00f3w przed\u0142u\u017cania w\u0142os\u00f3w, keratynowe przed\u0142u\u017canie w\u0142os\u00f3w jest jedynym, kt\u00f3re jest mo\u017cliwe.&nbsp;<em>naprawd\u0119<\/em>&nbsp;na sta\u0142e.<\/p>\n\n\n\n<p>\"Innym trwa\u0142ym sposobem by\u0142o przed\u0142u\u017canie w\u0142os\u00f3w silikonem, kt\u00f3ry, jak si\u0119 okazuje, nie jest dobry dla w\u0142os\u00f3w\" - m\u00f3wi Ryan, stylista fryzur gwiazd i wsp\u00f3\u0142za\u0142o\u017cyciel Mark &amp; Ryan Salon w Nowym Jorku. Obecnie keratynowe przed\u0142u\u017canie w\u0142os\u00f3w jest wybierane na premiery filmowe i czerwone dywany - w rzeczywisto\u015bci s\u0105 one tak powszechne, \u017ce prawdopodobnie nie zorientujesz si\u0119, \u017ce twoja ulubiona gwiazda w og\u00f3le je nosi.<\/p>\n\n\n\n<p>W przeciwie\u0144stwie do przed\u0142u\u017ce\u0144 tymczasowych, takich jak przed\u0142u\u017cenia na ta\u015bmie czy przed\u0142u\u017cenia clip-in, keratynowe przed\u0142u\u017cenia w\u0142os\u00f3w mo\u017cna suszy\u0107, prostowa\u0107, kr\u0119ci\u0107 i stylizowa\u0107 tak samo, jak w\u0142asne w\u0142osy. (Nale\u017cy unika\u0107 pl\u0105tania lub \"ci\u0105gni\u0119cia\" w\u0142os\u00f3w za wszelk\u0105 cen\u0119, poniewa\u017c przed\u0142u\u017cenia s\u0105 mocowane za pomoc\u0105 wi\u0105za\u0144. W przeciwnym razie mo\u017cna je stylizowa\u0107 jak zwykle).<\/p>\n\n\n\n<figure class=\"wp-block-embed is-type-rich is-provider-instagram wp-block-embed-instagram\"><div class=\"wp-block-embed__wrapper\">\nhttps:\/\/www.instagram.com\/p\/CBluS5CHtdE\/?utm_source=ig_embed\n<\/div><\/figure>\n\n\n\n<p><em>Uwaga redaktora: Powy\u017csze zdj\u0119cie przedstawia przed\u0142u\u017canie za pomoc\u0105 ta\u015bmy, ale ten sam efekt mo\u017cna osi\u0105gn\u0105\u0107 stosuj\u0105c keratynowe przed\u0142u\u017canie w\u0142os\u00f3w.<\/em><\/p>\n\n\n\n<h2 class=\"wp-block-heading\">Zalety keratynowego przed\u0142u\u017cania w\u0142os\u00f3w<\/h2>\n\n\n\n<p>Keratynowe przed\u0142u\u017canie w\u0142os\u00f3w jest popularn\u0105 fryzur\u0105 nie bez powodu.<\/p>\n\n\n\n<p>\"Keratynowe przed\u0142u\u017canie w\u0142os\u00f3w to mniejsze z\u0142o dla w\u0142os\u00f3w i nie wymaga wielu zabieg\u00f3w konserwacyjnych\" - m\u00f3wi Hazan. \"Wygl\u0105daj\u0105 niezwykle naturalnie, gdy s\u0105 wykonane prawid\u0142owo i s\u0105 idealne dla kogo\u015b, kto chce mie\u0107 d\u0142u\u017csze, grubsze w\u0142osy\".<\/p>\n\n\n\n<p>Trygstad - kt\u00f3rego s\u0142awne klientki to Julianne Moore i Naomi Watts - twierdzi, \u017ce keratynowe przed\u0142u\u017canie w\u0142os\u00f3w mo\u017ce \"dos\u0142ownie przywr\u00f3ci\u0107 w\u0142osy z martwych\". Niezale\u017cnie od tego, czy klient poddaje swoje w\u0142osy zabiegom fryzjerskim, czy po prostu nie jest w stanie osi\u0105gn\u0105\u0107 wymarzonego stylu, keratynowe przed\u0142u\u017canie w\u0142os\u00f3w dzia\u0142a jak magia.<\/p>\n\n\n\n<p>\"Mo\u017cesz stworzy\u0107 co\u015b, czego dana osoba nigdy wcze\u015bniej nie mia\u0142a, lub przywr\u00f3ci\u0107 jej w\u0142osy do stanu sprzed zniszczenia\" - m\u00f3wi.<\/p>\n\n\n\n<figure class=\"wp-block-embed is-type-rich is-provider-instagram wp-block-embed-instagram\"><div class=\"wp-block-embed__wrapper\">\nhttps:\/\/www.instagram.com\/p\/CEo7kM5nX_L\/?utm_source=ig_embed\n<\/div><\/figure>\n\n\n\n<h2 class=\"wp-block-heading\">Wady keratynowego przed\u0142u\u017cania w\u0142os\u00f3w<\/h2>\n\n\n\n<p>W rzadkich przypadkach keratynowe przed\u0142u\u017canie w\u0142os\u00f3w mo\u017ce pogorszy\u0107 stan w\u0142os\u00f3w.<\/p>\n\n\n\n<p>\"Keratynowe przed\u0142u\u017canie w\u0142os\u00f3w mo\u017ce potencjalnie uszkodzi\u0107 w\u0142osy\" - m\u00f3wi Hazan. \"Zw\u0142aszcza je\u015bli pozostawisz je zbyt d\u0142ugo i nigdy nie pozwolisz w\u0142osom oddycha\u0107 i rosn\u0105\u0107 bez ci\u0119\u017caru d\u0142ugich przed\u0142u\u017ce\u0144\".<\/p>\n\n\n\n<p>Zwykle utrzymuj\u0105 si\u0119 przez oko\u0142o 3 do 5 miesi\u0119cy, w zale\u017cno\u015bci od tego, jak dobrze o nie dbasz. Mog\u0105 nawet wypa\u015b\u0107 lub poluzowa\u0107 si\u0119. W takim przypadku nale\u017cy je dokr\u0119ci\u0107. (Mo\u017cliwe, \u017ce utrzymaj\u0105 si\u0119 d\u0142u\u017cej - Trygstad m\u00f3wi: \"Im wolniej rosn\u0105 Twoje w\u0142osy i im mniej z nimi robisz, tym d\u0142u\u017cej utrzymaj\u0105 si\u0119 przed\u0142u\u017cenia). B\u0119dziesz musia\u0142a usun\u0105\u0107 je w salonie - styli\u015bci u\u017cywaj\u0105 specjalnych roztwor\u00f3w do namaczania.\" em i narz\u0119dzia - spr\u00f3buj&nbsp;<em>wi\u0119c nie<\/em>&nbsp;sam.<\/p>\n\n\n\n<p>W najgorszym przypadku \u0142ysienie napi\u0119ciowe mo\u017ce wyst\u0105pi\u0107, gdy w\u0142osy wypadaj\u0105 po zwi\u0119kszonym napi\u0119ciu spowodowanym przez przed\u0142u\u017cenia.<\/p>\n\n\n\n<h2 class=\"wp-block-heading\">Kto jest kandydatem do keratynowego przed\u0142u\u017cania w\u0142os\u00f3w?<\/h2>\n\n\n\n<p>Kto\u015b. Poniewa\u017c keratynowe przed\u0142u\u017canie w\u0142os\u00f3w mo\u017ce by\u0107 niezwykle spersonalizowane i dostosowane do konkretnej, unikalnej tekstury, mo\u017cna je stosowa\u0107 do ka\u017cdego rodzaju w\u0142os\u00f3w. Oczywi\u015bcie niekt\u00f3re osoby mog\u0105 chcie\u0107 ich unikn\u0105\u0107 - wi\u0119cej na ten temat p\u00f3\u017aniej - ale poza tym jest to oczywiste.<\/p>\n\n\n\n<p>\"Przed\u0142u\u017cenia s\u0105 teraz dost\u0119pne w tak wielu teksturach, \u017ce pasuj\u0105 do ka\u017cdego wzoru fal. Dzi\u0119ki temu wygl\u0105daj\u0105 bardzo naturalnie\" - m\u00f3wi Trygstad. \"W przypadku grubych w\u0142os\u00f3w mo\u017ce by\u0107 konieczne dodanie nieco wi\u0119kszej liczby pasm, aby dopasowa\u0107 je do tekstury, podczas gdy w przypadku cie\u0144szych w\u0142os\u00f3w wystarczy niewielka ilo\u015b\u0107, poniewa\u017c wi\u0119kszo\u015b\u0107 ludzi chce tylko d\u0142ugo\u015bci i odrobiny grubo\u015bci\".<\/p>\n\n\n\n<figure class=\"wp-block-embed is-type-rich is-provider-instagram wp-block-embed-instagram\"><div class=\"wp-block-embed__wrapper\">\nhttps:\/\/www.instagram.com\/p\/CGezXEcjdoA\/?utm_source=ig_embed\n<\/div><\/figure>\n\n\n\n<p>To powiedziawszy, Trygstad m\u00f3wi: Ty&nbsp;<em>mie\u0107<\/em>&nbsp;Co najmniej 4 cm w\u0142os\u00f3w, aby je uzyska\u0107. I mog\u0105 nie by\u0107 odpowiednie dla Ciebie, je\u015bli zwykle nie traktujesz swoich w\u0142os\u00f3w dobrze.<\/p>\n\n\n\n<p>\"Je\u015bli jeste\u015b surowa dla swoich w\u0142os\u00f3w, unikaj ich\" - m\u00f3wi Trygstad. \"Je\u015bli zranisz swoje w\u0142osy, zranisz przed\u0142u\u017cenia i po prostu spowodujesz wi\u0119ksze uszkodzenie w\u0142os\u00f3w\".<\/p>\n\n\n\n<p>Chocia\u017c s\u0105 one \u0142atwe w utrzymaniu, nadal nale\u017cy zapobiega\u0107 ich spl\u0105taniu i zmatowieniu. Dlatego zawsze warto zaopatrzy\u0107 si\u0119 w specjaln\u0105 szczotk\u0119 do przed\u0142u\u017cania w\u0142os\u00f3w, tak\u0105 jak ta od Shen Beauty. Je\u015bli nie brzmi to jak co\u015b, do czego chcesz si\u0119 zobowi\u0105za\u0107, zastan\u00f3w si\u0119 jeszcze raz.<\/p>\n\n\n\n<h2 class=\"wp-block-heading\" id=\"mntl-sc-block_1-0-57\">Koszty<\/h2>\n\n\n\n<p>Poniewa\u017c keratynowe przed\u0142u\u017canie w\u0142os\u00f3w to najwy\u017csza jako\u015b\u0107, jak\u0105 mo\u017cna uzyska\u0107, zdecydowanie nie s\u0105 one tanie.<\/p>\n\n\n\n<p>W zale\u017cno\u015bci od po\u017c\u0105danego rezultatu mog\u0105 one kosztowa\u0107 od 500 euro (\"p\u00f3\u0142 g\u0142owy\" dla nieco wi\u0119kszej obj\u0119to\u015bci i pe\u0142no\u015bci) do 3000 euro za pe\u0142n\u0105 g\u0142ow\u0119 ulepsze\u0144. (Czasami nawet wi\u0119cej).<\/p>\n\n\n\n<p>Ponownie, zale\u017cy to od tego, czego chcesz, dok\u0105d zmierzasz i jak gruba jest twoja naturalna tekstura.<\/p>\n\n\n\n<h2 class=\"wp-block-heading\" id=\"mntl-sc-block_1-0-64\">Zabieraj\u0105c to<\/h2>\n\n\n\n<p>Chocia\u017c tym razem nie zdecydowa\u0142am si\u0119 na przed\u0142u\u017canie keratynowe, zdecydowanie nie wykluczam go w przysz\u0142o\u015bci - poniewa\u017c im starsze i bardziej zniszczone staj\u0105 si\u0119 moje w\u0142osy, tym bardziej prawdopodobnie b\u0119d\u0119 chcia\u0142a \"przywr\u00f3ci\u0107 moje w\u0142osy do \u017cycia\", m\u00f3wi\u0105c s\u0142owami Trygstad.<\/p>\n\n\n\n<p>To&nbsp;<em>daje<\/em>&nbsp;keratynowe przed\u0142u\u017canie w\u0142os\u00f3w jest niesamowitym sposobem na uzyskanie d\u0142ugo\u015bci, obj\u0119to\u015bci i obj\u0119to\u015bci, kt\u00f3rych nigdy nie mo\u017cna osi\u0105gn\u0105\u0107 samodzielnie. (Bez wzgl\u0119du na to, ile szampon\u00f3w zag\u0119szczaj\u0105cych i wyd\u0142u\u017caj\u0105cych kupisz - zaufaj mi, wypr\u00f3bowa\u0142em je wszystkie). S\u0105 stosunkowo bezpieczne, delikatne dla w\u0142os\u00f3w i wygl\u0105daj\u0105 bardziej naturalnie ni\u017c jakikolwiek inny rodzaj przed\u0142u\u017cania na rynku.<\/p>\n\n\n\n<p>Je\u015bli wi\u0119c chcesz doda\u0107 swoim w\u0142osom energii - czy to z powodu stresu, czy nudy - keratynowe przed\u0142u\u017canie w\u0142os\u00f3w mo\u017ce by\u0107 w\u0142a\u015bnie tym, czego szukasz. A Twoi ulubie\u0144cy z czerwonego dywanu&nbsp;<em>zdecydowanie<\/em>&nbsp;zatwierdzi\u0107.<\/p>","protected":false},"excerpt":{"rendered":"<p>Sie sind \u00fcberraschend wartungsarm. Obwohl ich derzeit relativ lange, dicke Haare habe, habe ich das Volumen und den Glanz meiner [&hellip;]<\/p>\n","protected":false},"author":1,"featured_media":77,"comment_status":"closed","ping_status":"open","sticky":false,"template":"","format":"standard","meta":{"_acf_changed":false,"_uag_custom_page_level_css":"","site-sidebar-layout":"default","site-content-layout":"default","ast-site-content-layout":"default","site-content-style":"default","site-sidebar-style":"default","ast-global-header-display":"","ast-banner-title-visibility":"","ast-main-header-display":"","ast-hfb-above-header-display":"","ast-hfb-below-header-display":"","ast-hfb-mobile-header-display":"","site-post-title":"","ast-breadcrumbs-content":"","ast-featured-img":"","footer-sml-layout":"","ast-disable-related-posts":"","theme-transparent-header-meta":"default","adv-header-id-meta":"","stick-header-meta":"default","header-above-stick-meta":"","header-main-stick-meta":"","header-below-stick-meta":"","astra-migrate-meta-layouts":"default","ast-page-background-enabled":"default","ast-page-background-meta":{"desktop":{"background-color":"","background-image":"","background-repeat":"repeat","background-position":"center center","background-size":"auto","background-attachment":"scroll","background-type":"","background-media":"","overlay-type":"","overlay-color":"","overlay-opacity":"","overlay-gradient":""},"tablet":{"background-color":"","background-image":"","background-repeat":"repeat","background-position":"center center","background-size":"auto","background-attachment":"scroll","background-type":"","background-media":"","overlay-type":"","overlay-color":"","overlay-opacity":"","overlay-gradient":""},"mobile":{"background-color":"","background-image":"","background-repeat":"repeat","background-position":"center center","background-size":"auto","background-attachment":"scroll","background-type":"","background-media":"","overlay-type":"","overlay-color":"","overlay-opacity":"","overlay-gradient":""}},"ast-content-background-meta":{"desktop":{"background-color":"var(--ast-global-color-5)","background-image":"","background-repeat":"repeat","background-position":"center center","background-size":"auto","background-attachment":"scroll","background-type":"","background-media":"","overlay-type":"","overlay-color":"","overlay-opacity":"","overlay-gradient":""},"tablet":{"background-color":"var(--ast-global-color-5)","background-image":"","background-repeat":"repeat","background-position":"center center","background-size":"auto","background-attachment":"scroll","background-type":"","background-media":"","overlay-type":"","overlay-color":"","overlay-opacity":"","overlay-gradient":""},"mobile":{"background-color":"var(--ast-global-color-5)","background-image":"","background-repeat":"repeat","background-position":"center center","background-size":"auto","background-attachment":"scroll","background-type":"","background-media":"","overlay-type":"","overlay-color":"","overlay-opacity":"","overlay-gradient":""}},"footnotes":""},"categories":[11,12],"tags":[],"class_list":["post-73","post","type-post","status-publish","format-standard","has-post-thumbnail","hentry","category-haare","category-haarstyling"],"acf":[],"yoast_head":"<!-- This site is optimized with the Yoast SEO Premium plugin v20.12 (Yoast SEO v27.4) - https:\/\/yoast.com\/product\/yoast-seo-premium-wordpress\/ -->\n<title>Alles, was Sie \u00fcber Keratin-Haarverl\u00e4ngerungen wissen m\u00fcssen - NESHIO<\/title>\n<meta name=\"description\" content=\"Was ist eine Keratin Haarverl\u00e4ngerung und was sind die Nachteile? Hier erf\u00e4hrst du alles rund um das Thema und die Kosten! Hier lesen!\" \/>\n<meta name=\"robots\" content=\"index, follow, max-snippet:-1, max-image-preview:large, max-video-preview:-1\" \/>\n<link rel=\"canonical\" href=\"https:\/\/neshio.de\/pl\/keratynowe-uszkodzenia-wlosow\/\" \/>\n<meta property=\"og:locale\" content=\"pl_PL\" \/>\n<meta property=\"og:type\" content=\"article\" \/>\n<meta property=\"og:title\" content=\"Alles, was Sie \u00fcber Keratin-Haarverl\u00e4ngerungen wissen m\u00fcssen\" \/>\n<meta property=\"og:description\" content=\"Was ist eine Keratin Haarverl\u00e4ngerung und was sind die Nachteile? Hier erf\u00e4hrst du alles rund um das Thema und die Kosten! Hier lesen!\" \/>\n<meta property=\"og:url\" content=\"https:\/\/neshio.de\/pl\/keratynowe-uszkodzenia-wlosow\/\" \/>\n<meta property=\"og:site_name\" content=\"NESHIO\" \/>\n<meta property=\"article:publisher\" content=\"https:\/\/www.facebook.com\/Neshio.Official\" \/>\n<meta property=\"article:published_time\" content=\"2021-04-27T14:35:20+00:00\" \/>\n<meta property=\"article:modified_time\" content=\"2021-11-16T14:44:37+00:00\" \/>\n<meta property=\"og:image\" content=\"https:\/\/neshio.de\/wp-content\/uploads\/2021\/04\/Keratin-Haarverlaengerung.jpg\" \/>\n\t<meta property=\"og:image:width\" content=\"900\" \/>\n\t<meta property=\"og:image:height\" content=\"671\" \/>\n\t<meta property=\"og:image:type\" content=\"image\/jpeg\" \/>\n<meta name=\"author\" content=\"Neshio\" \/>\n<meta name=\"twitter:card\" content=\"summary_large_image\" \/>\n<meta name=\"twitter:label1\" content=\"Napisane przez\" \/>\n\t<meta name=\"twitter:data1\" content=\"Neshio\" \/>\n\t<meta name=\"twitter:label2\" content=\"Szacowany czas czytania\" \/>\n\t<meta name=\"twitter:data2\" content=\"5 minut\" \/>\n<script type=\"application\/ld+json\" class=\"yoast-schema-graph\">{\"@context\":\"https:\\\/\\\/schema.org\",\"@graph\":[{\"@type\":\"Article\",\"@id\":\"https:\\\/\\\/neshio.de\\\/keratin-haarverlaengerungen\\\/#article\",\"isPartOf\":{\"@id\":\"https:\\\/\\\/neshio.de\\\/keratin-haarverlaengerungen\\\/\"},\"author\":{\"name\":\"Neshio\",\"@id\":\"https:\\\/\\\/neshio.de\\\/#\\\/schema\\\/person\\\/cd50a9e3814d251c78e8f8115e950343\"},\"headline\":\"Alles, was Sie \u00fcber Keratin-Haarverl\u00e4ngerungen wissen m\u00fcssen\",\"datePublished\":\"2021-04-27T14:35:20+00:00\",\"dateModified\":\"2021-11-16T14:44:37+00:00\",\"mainEntityOfPage\":{\"@id\":\"https:\\\/\\\/neshio.de\\\/keratin-haarverlaengerungen\\\/\"},\"wordCount\":1326,\"publisher\":{\"@id\":\"https:\\\/\\\/neshio.de\\\/#organization\"},\"image\":{\"@id\":\"https:\\\/\\\/neshio.de\\\/keratin-haarverlaengerungen\\\/#primaryimage\"},\"thumbnailUrl\":\"https:\\\/\\\/neshio.de\\\/wp-content\\\/uploads\\\/2021\\\/04\\\/Keratin-Haarverlaengerung.jpg\",\"articleSection\":[\"Haare\",\"Haarstyling\"],\"inLanguage\":\"pl-PL\"},{\"@type\":\"WebPage\",\"@id\":\"https:\\\/\\\/neshio.de\\\/keratin-haarverlaengerungen\\\/\",\"url\":\"https:\\\/\\\/neshio.de\\\/keratin-haarverlaengerungen\\\/\",\"name\":\"Alles, was Sie \u00fcber Keratin-Haarverl\u00e4ngerungen wissen m\u00fcssen - NESHIO\",\"isPartOf\":{\"@id\":\"https:\\\/\\\/neshio.de\\\/#website\"},\"primaryImageOfPage\":{\"@id\":\"https:\\\/\\\/neshio.de\\\/keratin-haarverlaengerungen\\\/#primaryimage\"},\"image\":{\"@id\":\"https:\\\/\\\/neshio.de\\\/keratin-haarverlaengerungen\\\/#primaryimage\"},\"thumbnailUrl\":\"https:\\\/\\\/neshio.de\\\/wp-content\\\/uploads\\\/2021\\\/04\\\/Keratin-Haarverlaengerung.jpg\",\"datePublished\":\"2021-04-27T14:35:20+00:00\",\"dateModified\":\"2021-11-16T14:44:37+00:00\",\"description\":\"Was ist eine Keratin Haarverl\u00e4ngerung und was sind die Nachteile? Hier erf\u00e4hrst du alles rund um das Thema und die Kosten! Hier lesen!\",\"breadcrumb\":{\"@id\":\"https:\\\/\\\/neshio.de\\\/keratin-haarverlaengerungen\\\/#breadcrumb\"},\"inLanguage\":\"pl-PL\",\"potentialAction\":[{\"@type\":\"ReadAction\",\"target\":[\"https:\\\/\\\/neshio.de\\\/keratin-haarverlaengerungen\\\/\"]}]},{\"@type\":\"ImageObject\",\"inLanguage\":\"pl-PL\",\"@id\":\"https:\\\/\\\/neshio.de\\\/keratin-haarverlaengerungen\\\/#primaryimage\",\"url\":\"https:\\\/\\\/neshio.de\\\/wp-content\\\/uploads\\\/2021\\\/04\\\/Keratin-Haarverlaengerung.jpg\",\"contentUrl\":\"https:\\\/\\\/neshio.de\\\/wp-content\\\/uploads\\\/2021\\\/04\\\/Keratin-Haarverlaengerung.jpg\",\"width\":900,\"height\":671,\"caption\":\"Keratin-Haarverlaengerung\"},{\"@type\":\"BreadcrumbList\",\"@id\":\"https:\\\/\\\/neshio.de\\\/keratin-haarverlaengerungen\\\/#breadcrumb\",\"itemListElement\":[{\"@type\":\"ListItem\",\"position\":1,\"name\":\"NESHIO\",\"item\":\"https:\\\/\\\/neshio.de\\\/\"},{\"@type\":\"ListItem\",\"position\":2,\"name\":\"Haare\",\"item\":\"https:\\\/\\\/neshio.de\\\/haare\\\/\"},{\"@type\":\"ListItem\",\"position\":3,\"name\":\"Alles, was Sie \u00fcber Keratin-Haarverl\u00e4ngerungen wissen m\u00fcssen\"}]},{\"@type\":\"WebSite\",\"@id\":\"https:\\\/\\\/neshio.de\\\/#website\",\"url\":\"https:\\\/\\\/neshio.de\\\/\",\"name\":\"NESHIO\",\"description\":\"Beauty und Gesundheit\",\"publisher\":{\"@id\":\"https:\\\/\\\/neshio.de\\\/#organization\"},\"potentialAction\":[{\"@type\":\"SearchAction\",\"target\":{\"@type\":\"EntryPoint\",\"urlTemplate\":\"https:\\\/\\\/neshio.de\\\/?s={search_term_string}\"},\"query-input\":{\"@type\":\"PropertyValueSpecification\",\"valueRequired\":true,\"valueName\":\"search_term_string\"}}],\"inLanguage\":\"pl-PL\"},{\"@type\":\"Organization\",\"@id\":\"https:\\\/\\\/neshio.de\\\/#organization\",\"name\":\"NESHIO\",\"url\":\"https:\\\/\\\/neshio.de\\\/\",\"logo\":{\"@type\":\"ImageObject\",\"inLanguage\":\"pl-PL\",\"@id\":\"https:\\\/\\\/neshio.de\\\/#\\\/schema\\\/logo\\\/image\\\/\",\"url\":\"https:\\\/\\\/neshio.de\\\/wp-content\\\/uploads\\\/2021\\\/04\\\/Neshio-Logo.png\",\"contentUrl\":\"https:\\\/\\\/neshio.de\\\/wp-content\\\/uploads\\\/2021\\\/04\\\/Neshio-Logo.png\",\"width\":247,\"height\":46,\"caption\":\"NESHIO\"},\"image\":{\"@id\":\"https:\\\/\\\/neshio.de\\\/#\\\/schema\\\/logo\\\/image\\\/\"},\"sameAs\":[\"https:\\\/\\\/www.facebook.com\\\/Neshio.Official\",\"https:\\\/\\\/www.instagram.com\\\/neshio_official\\\/\"]},{\"@type\":\"Person\",\"@id\":\"https:\\\/\\\/neshio.de\\\/#\\\/schema\\\/person\\\/cd50a9e3814d251c78e8f8115e950343\",\"name\":\"Neshio\",\"image\":{\"@type\":\"ImageObject\",\"inLanguage\":\"pl-PL\",\"@id\":\"https:\\\/\\\/secure.gravatar.com\\\/avatar\\\/fc9886994fee920be4f18309945ff64d1be2a76e7b8bf237b78f54bd9bc80780?s=96&d=mm&r=g\",\"url\":\"https:\\\/\\\/secure.gravatar.com\\\/avatar\\\/fc9886994fee920be4f18309945ff64d1be2a76e7b8bf237b78f54bd9bc80780?s=96&d=mm&r=g\",\"contentUrl\":\"https:\\\/\\\/secure.gravatar.com\\\/avatar\\\/fc9886994fee920be4f18309945ff64d1be2a76e7b8bf237b78f54bd9bc80780?s=96&d=mm&r=g\",\"caption\":\"Neshio\"},\"sameAs\":[\"http:\\\/\\\/neshio.de\"]}]}<\/script>\n<!-- \/ Yoast SEO Premium plugin. -->","yoast_head_json":{"title":"Wszystko, co musisz wiedzie\u0107 o keratynowym przed\u0142u\u017caniu w\u0142os\u00f3w - NESHIO","description":"Czym jest keratynowe przed\u0142u\u017canie w\u0142os\u00f3w i jakie s\u0105 jego wady? Tutaj dowiesz si\u0119 wszystkiego na ten temat i o kosztach! Przeczytaj tutaj!","robots":{"index":"index","follow":"follow","max-snippet":"max-snippet:-1","max-image-preview":"max-image-preview:large","max-video-preview":"max-video-preview:-1"},"canonical":"https:\/\/neshio.de\/pl\/keratynowe-uszkodzenia-wlosow\/","og_locale":"pl_PL","og_type":"article","og_title":"Alles, was Sie \u00fcber Keratin-Haarverl\u00e4ngerungen wissen m\u00fcssen","og_description":"Was ist eine Keratin Haarverl\u00e4ngerung und was sind die Nachteile? Hier erf\u00e4hrst du alles rund um das Thema und die Kosten! Hier lesen!","og_url":"https:\/\/neshio.de\/pl\/keratynowe-uszkodzenia-wlosow\/","og_site_name":"NESHIO","article_publisher":"https:\/\/www.facebook.com\/Neshio.Official","article_published_time":"2021-04-27T14:35:20+00:00","article_modified_time":"2021-11-16T14:44:37+00:00","og_image":[{"width":900,"height":671,"url":"https:\/\/neshio.de\/wp-content\/uploads\/2021\/04\/Keratin-Haarverlaengerung.jpg","type":"image\/jpeg"}],"author":"Neshio","twitter_card":"summary_large_image","twitter_misc":{"Napisane przez":"Neshio","Szacowany czas czytania":"5 minut"},"schema":{"@context":"https:\/\/schema.org","@graph":[{"@type":"Article","@id":"https:\/\/neshio.de\/keratin-haarverlaengerungen\/#article","isPartOf":{"@id":"https:\/\/neshio.de\/keratin-haarverlaengerungen\/"},"author":{"name":"Neshio","@id":"https:\/\/neshio.de\/#\/schema\/person\/cd50a9e3814d251c78e8f8115e950343"},"headline":"Alles, was Sie \u00fcber Keratin-Haarverl\u00e4ngerungen wissen m\u00fcssen","datePublished":"2021-04-27T14:35:20+00:00","dateModified":"2021-11-16T14:44:37+00:00","mainEntityOfPage":{"@id":"https:\/\/neshio.de\/keratin-haarverlaengerungen\/"},"wordCount":1326,"publisher":{"@id":"https:\/\/neshio.de\/#organization"},"image":{"@id":"https:\/\/neshio.de\/keratin-haarverlaengerungen\/#primaryimage"},"thumbnailUrl":"https:\/\/neshio.de\/wp-content\/uploads\/2021\/04\/Keratin-Haarverlaengerung.jpg","articleSection":["Haare","Haarstyling"],"inLanguage":"pl-PL"},{"@type":"WebPage","@id":"https:\/\/neshio.de\/keratin-haarverlaengerungen\/","url":"https:\/\/neshio.de\/keratin-haarverlaengerungen\/","name":"Wszystko, co musisz wiedzie\u0107 o keratynowym przed\u0142u\u017caniu w\u0142os\u00f3w - NESHIO","isPartOf":{"@id":"https:\/\/neshio.de\/#website"},"primaryImageOfPage":{"@id":"https:\/\/neshio.de\/keratin-haarverlaengerungen\/#primaryimage"},"image":{"@id":"https:\/\/neshio.de\/keratin-haarverlaengerungen\/#primaryimage"},"thumbnailUrl":"https:\/\/neshio.de\/wp-content\/uploads\/2021\/04\/Keratin-Haarverlaengerung.jpg","datePublished":"2021-04-27T14:35:20+00:00","dateModified":"2021-11-16T14:44:37+00:00","description":"Czym jest keratynowe przed\u0142u\u017canie w\u0142os\u00f3w i jakie s\u0105 jego wady? Tutaj dowiesz si\u0119 wszystkiego na ten temat i o kosztach! Przeczytaj tutaj!","breadcrumb":{"@id":"https:\/\/neshio.de\/keratin-haarverlaengerungen\/#breadcrumb"},"inLanguage":"pl-PL","potentialAction":[{"@type":"ReadAction","target":["https:\/\/neshio.de\/keratin-haarverlaengerungen\/"]}]},{"@type":"ImageObject","inLanguage":"pl-PL","@id":"https:\/\/neshio.de\/keratin-haarverlaengerungen\/#primaryimage","url":"https:\/\/neshio.de\/wp-content\/uploads\/2021\/04\/Keratin-Haarverlaengerung.jpg","contentUrl":"https:\/\/neshio.de\/wp-content\/uploads\/2021\/04\/Keratin-Haarverlaengerung.jpg","width":900,"height":671,"caption":"Keratin-Haarverlaengerung"},{"@type":"BreadcrumbList","@id":"https:\/\/neshio.de\/keratin-haarverlaengerungen\/#breadcrumb","itemListElement":[{"@type":"ListItem","position":1,"name":"NESHIO","item":"https:\/\/neshio.de\/"},{"@type":"ListItem","position":2,"name":"Haare","item":"https:\/\/neshio.de\/haare\/"},{"@type":"ListItem","position":3,"name":"Alles, was Sie \u00fcber Keratin-Haarverl\u00e4ngerungen wissen m\u00fcssen"}]},{"@type":"WebSite","@id":"https:\/\/neshio.de\/#website","url":"https:\/\/neshio.de\/","name":"NESHIO","description":"Uroda i zdrowie","publisher":{"@id":"https:\/\/neshio.de\/#organization"},"potentialAction":[{"@type":"SearchAction","target":{"@type":"EntryPoint","urlTemplate":"https:\/\/neshio.de\/?s={search_term_string}"},"query-input":{"@type":"PropertyValueSpecification","valueRequired":true,"valueName":"search_term_string"}}],"inLanguage":"pl-PL"},{"@type":"Organization","@id":"https:\/\/neshio.de\/#organization","name":"NESHIO","url":"https:\/\/neshio.de\/","logo":{"@type":"ImageObject","inLanguage":"pl-PL","@id":"https:\/\/neshio.de\/#\/schema\/logo\/image\/","url":"https:\/\/neshio.de\/wp-content\/uploads\/2021\/04\/Neshio-Logo.png","contentUrl":"https:\/\/neshio.de\/wp-content\/uploads\/2021\/04\/Neshio-Logo.png","width":247,"height":46,"caption":"NESHIO"},"image":{"@id":"https:\/\/neshio.de\/#\/schema\/logo\/image\/"},"sameAs":["https:\/\/www.facebook.com\/Neshio.Official","https:\/\/www.instagram.com\/neshio_official\/"]},{"@type":"Person","@id":"https:\/\/neshio.de\/#\/schema\/person\/cd50a9e3814d251c78e8f8115e950343","name":"Neshio","image":{"@type":"ImageObject","inLanguage":"pl-PL","@id":"https:\/\/secure.gravatar.com\/avatar\/fc9886994fee920be4f18309945ff64d1be2a76e7b8bf237b78f54bd9bc80780?s=96&d=mm&r=g","url":"https:\/\/secure.gravatar.com\/avatar\/fc9886994fee920be4f18309945ff64d1be2a76e7b8bf237b78f54bd9bc80780?s=96&d=mm&r=g","contentUrl":"https:\/\/secure.gravatar.com\/avatar\/fc9886994fee920be4f18309945ff64d1be2a76e7b8bf237b78f54bd9bc80780?s=96&d=mm&r=g","caption":"Neshio"},"sameAs":["http:\/\/neshio.de"]}]}},"uagb_featured_image_src":{"full":["https:\/\/neshio.de\/wp-content\/uploads\/2021\/04\/Keratin-Haarverlaengerung.jpg",900,671,false],"thumbnail":["https:\/\/neshio.de\/wp-content\/uploads\/2021\/04\/Keratin-Haarverlaengerung-150x150.jpg",150,150,true],"medium":["https:\/\/neshio.de\/wp-content\/uploads\/2021\/04\/Keratin-Haarverlaengerung-300x224.jpg",300,224,true],"medium_large":["https:\/\/neshio.de\/wp-content\/uploads\/2021\/04\/Keratin-Haarverlaengerung-768x573.jpg",768,573,true],"large":["https:\/\/neshio.de\/wp-content\/uploads\/2021\/04\/Keratin-Haarverlaengerung.jpg",900,671,false],"1536x1536":["https:\/\/neshio.de\/wp-content\/uploads\/2021\/04\/Keratin-Haarverlaengerung.jpg",900,671,false],"2048x2048":["https:\/\/neshio.de\/wp-content\/uploads\/2021\/04\/Keratin-Haarverlaengerung.jpg",900,671,false],"trp-custom-language-flag":["https:\/\/neshio.de\/wp-content\/uploads\/2021\/04\/Keratin-Haarverlaengerung.jpg",16,12,false]},"uagb_author_info":{"display_name":"Neshio","author_link":"https:\/\/neshio.de\/pl\/author\/kerem085\/"},"uagb_comment_info":0,"uagb_excerpt":"Sie sind \u00fcberraschend wartungsarm. Obwohl ich derzeit relativ lange, dicke Haare habe, habe ich das Volumen und den Glanz meiner [&hellip;]","_links":{"self":[{"href":"https:\/\/neshio.de\/pl\/wp-json\/wp\/v2\/posts\/73","targetHints":{"allow":["GET"]}}],"collection":[{"href":"https:\/\/neshio.de\/pl\/wp-json\/wp\/v2\/posts"}],"about":[{"href":"https:\/\/neshio.de\/pl\/wp-json\/wp\/v2\/types\/post"}],"author":[{"embeddable":true,"href":"https:\/\/neshio.de\/pl\/wp-json\/wp\/v2\/users\/1"}],"replies":[{"embeddable":true,"href":"https:\/\/neshio.de\/pl\/wp-json\/wp\/v2\/comments?post=73"}],"version-history":[{"count":6,"href":"https:\/\/neshio.de\/pl\/wp-json\/wp\/v2\/posts\/73\/revisions"}],"predecessor-version":[{"id":270,"href":"https:\/\/neshio.de\/pl\/wp-json\/wp\/v2\/posts\/73\/revisions\/270"}],"wp:featuredmedia":[{"embeddable":true,"href":"https:\/\/neshio.de\/pl\/wp-json\/wp\/v2\/media\/77"}],"wp:attachment":[{"href":"https:\/\/neshio.de\/pl\/wp-json\/wp\/v2\/media?parent=73"}],"wp:term":[{"taxonomy":"category","embeddable":true,"href":"https:\/\/neshio.de\/pl\/wp-json\/wp\/v2\/categories?post=73"},{"taxonomy":"post_tag","embeddable":true,"href":"https:\/\/neshio.de\/pl\/wp-json\/wp\/v2\/tags?post=73"}],"curies":[{"name":"wp","href":"https:\/\/api.w.org\/{rel}","templated":true}]}}