{"id":243,"date":"2023-07-07T00:32:00","date_gmt":"2023-07-07T00:32:00","guid":{"rendered":"https:\/\/neshio.de\/?p=243"},"modified":"2023-07-08T04:32:34","modified_gmt":"2023-07-08T04:32:34","slug":"3-tage-bart","status":"publish","type":"post","link":"https:\/\/neshio.de\/pl\/3-dniowy-zarost\/","title":{"rendered":"3-dniowa stylizacja zarostu: 5 krok\u00f3w do uzyskania brody z kr\u00f3tkim zarostem"},"content":{"rendered":"<h2 class=\"wp-block-heading\" id=\"h-der-3-tage-bart\">3-dniowy zarost<\/h2>\n\n\n\n<p>Istnieje wiele powod\u00f3w, dla kt\u00f3rych warto wybra\u0107 3-dniowy zarost. Po pierwsze, jest \u0142atwy do uzyskania i utrzymania. Po drugie, mo\u017ce pasowa\u0107 do niemal ka\u017cdego wygl\u0105du, kszta\u0142tu twarzy i wieku. Je\u015bli masz twarz dziecka, mo\u017ce r\u00f3wnie\u017c sprawi\u0107, \u017ce b\u0119dziesz wygl\u0105da\u0107 bardziej dojrzale.<\/p>\n\n\n\n<p>Celebryci tacy jak David Beckman, Bradley Cooper, a nawet Chris Hemsworth zostali zauwa\u017ceni w stylu 3-dniowego zarostu. A dla \u015bwiadomych mody m\u0119\u017cczyzn jest on nadal tak samo modny jak zawsze. Z kilkoma przydatnymi narz\u0119dziami i <a href=\"https:\/\/www.amazon.de\/Braun-Barttrimmer-Haarschneider-39-L%C3%A4ngeneinstellungen-volt-gr%C3%BCn\/dp\/B0822Y7MF5\/ref=sr_1_2_sspa?__mk_de_DE=%C3%85M%C3%85%C5%BD%C3%95%C3%91&amp;crid=34XUOX1MSAXP2&amp;keywords=bart+trimmer&amp;qid=1636640447&amp;sprefix=bart+%2Caps%2C175&amp;sr=8-2-spons&amp;psc=1&amp;spLa=ZW5jcnlwdGVkUXVhbGlmaWVyPUFRWkVLNjhURVlRWlImZW5jcnlwdGVkSWQ9QTAwNzUxNzczTDhOTlcwN1ZaV1RLJmVuY3J5cHRlZEFkSWQ9QTA3NTQzODkzN1c0RlVPSkQ0ODBQJndpZGdldE5hbWU9c3BfYXRmJmFjdGlvbj1jbGlja1JlZGlyZWN0JmRvTm90TG9nQ2xpY2s9dHJ1ZQ==\" target=\"_blank\" rel=\"noreferrer noopener\">profesjonalny trymer do brody<\/a>W ten spos\u00f3b uzyskuje si\u0119 schludn\u0105 wersj\u0119 tego m\u0119skiego wygl\u0105du.<\/p>\n\n\n\n<figure class=\"wp-block-image size-large is-resized\"><img loading=\"lazy\" decoding=\"async\" src=\"https:\/\/neshio.de\/wp-content\/uploads\/2021\/11\/Braun-Bart-Trimmer-1024x1012.jpg\" alt=\"Trymer do brody Braun\" class=\"wp-image-245\" width=\"238\" height=\"235\" srcset=\"https:\/\/neshio.de\/wp-content\/uploads\/2021\/11\/Braun-Bart-Trimmer-1024x1012.jpg 1024w, https:\/\/neshio.de\/wp-content\/uploads\/2021\/11\/Braun-Bart-Trimmer-300x297.jpg 300w, https:\/\/neshio.de\/wp-content\/uploads\/2021\/11\/Braun-Bart-Trimmer-768x759.jpg 768w, https:\/\/neshio.de\/wp-content\/uploads\/2021\/11\/Braun-Bart-Trimmer.jpg 1500w\" sizes=\"auto, (max-width: 238px) 100vw, 238px\" \/><\/figure>\n\n\n\n<h2 class=\"wp-block-heading\">Dlaczego warto zapu\u015bci\u0107 3-dniowy zarost?<\/h2>\n\n\n\n<p>Opr\u00f3cz tego, \u017ce jest modny, mo\u017ce by\u0107 darem niebios dla m\u0119\u017cczyzn, kt\u00f3rzy wol\u0105 ukry\u0107 niedoskona\u0142o\u015bci lub da\u0107 odpocz\u0105\u0107 wra\u017cliwej sk\u00f3rze. Ma r\u00f3wnie\u017c dodatkowy efekt glamour, poprawiaj\u0105c wygl\u0105d linii szcz\u0119ki. Tak wi\u0119c, dla tych z nas, kt\u00f3rzy maj\u0105 s\u0142abszy podbr\u00f3dek, skutecznie r\u00f3wnowa\u017cy kszta\u0142t twarzy.<\/p>\n\n\n\n<h2 class=\"wp-block-heading\">Jak uzyska\u0107 3-dniowy zarost<\/h2>\n\n\n\n<p>To jest ten moment, w kt\u00f3rym pytasz, jak goli\u0107 zarost. Ale nie chodzi tylko o to, by pozwoli\u0107 mu rosn\u0105\u0107. Diabe\u0142 tkwi w szczeg\u00f3\u0142ach i stworzeniu idealnego wygl\u0105du 3-dniowego zarostu. Oznacza to znalezienie odpowiednich narz\u0119dzi i rozpocz\u0119cie od r\u00f3wnej podstawy. Mamy tu na my\u015bli d\u0142ugo\u015b\u0107 w\u0142os\u00f3w na twarzy. Oto przewodnik krok po kroku, jak uzyska\u0107 zarost od pocz\u0105tku do ko\u0144ca.<\/p>\n\n\n\n<h3 class=\"wp-block-heading\">Krok 1: Czyste golenie<\/h3>\n\n\n\n<p>Tak, dobrze s\u0142ysza\u0142e\u015b! Pi\u0119kno zarostu ze \u015bcierniska polega na tym, \u017ce mo\u017cna go osi\u0105gn\u0105\u0107 w weekend. Aby jednak uzyska\u0107 r\u00f3wnomierny wzrost zarostu, nale\u017cy zacz\u0105\u0107 od w\u0142a\u015bciwego miejsca. U\u017cyj dobrego, czystego ostrza, takiego jak <a href=\"https:\/\/www.amazon.de\/Gillette-Rasierer-Rasierklingen-Anti-Irritations-Klingen-Rasierklinge\/dp\/B08PVJ91N1\/ref=sr_1_2_sspa?__mk_de_DE=%C3%85M%C3%85%C5%BD%C3%95%C3%91&amp;keywords=rasierklingen&amp;qid=1636642512&amp;sr=8-2-spons&amp;spLa=ZW5jcnlwdGVkUXVhbGlmaWVyPUEzVTQ2NUZBMUhMTzlXJmVuY3J5cHRlZElkPUEwOTMzMzIxMjBQTFM5OE0xSDhFVyZlbmNyeXB0ZWRBZElkPUEwMDYyNzI4MzY1TklEWTNIVUZHWiZ3aWRnZXROYW1lPXNwX2F0ZiZhY3Rpb249Y2xpY2tSZWRpcmVjdCZkb05vdExvZ0NsaWNrPXRydWU&amp;th=1\" target=\"_blank\" rel=\"noreferrer noopener\">Ostrza do maszynki do golenia Fusion5 od Gillette<\/a> do golenia twarzy na mokro. Z <a href=\"https:\/\/www.amazon.de\/Gillette-Fusion5-Sensitive-Rasiergel-M%C3%A4nner\/dp\/B082VPFZ5R\/ref=sr_1_9?__mk_de_DE=%C3%85M%C3%85%C5%BD%C3%95%C3%91&amp;keywords=Rasiergel&amp;qid=1636645335&amp;qsid=261-7640201-8036567&amp;sr=8-9&amp;sres=B07RY2V457%2CB000MQAW2I%2CB07VB87B2F%2CB085HD4W9S%2CB082VPFZ5R%2CB085HP3FMH%2CB089R41CBF%2CB000IAHWE4%2CB08THZH4HZ%2CB01BU1CXSO%2CB07RWJXX7H%2CB08WQQVMD3%2CB00RMIKEW2%2CB082VNHXVN%2CB08W5698G6%2CB0024L6LN8%2CB07VCDPBST%2CB07RX11281%2CB0012Y1ELM%2CB08WKS1MTG&amp;th=1\" target=\"_blank\" rel=\"noreferrer noopener\">\u017bel do golenia<\/a> Na\u0142\u00f3\u017c pian\u0119 i gol delikatnymi poci\u0105gni\u0119ciami a\u017c do sk\u00f3ry. 3-dniowy zarost jest najpi\u0119kniejszy, gdy jest tworzony od podstaw. <\/p>\n\n\n\n<h3 class=\"wp-block-heading\">Krok 2: Woskowanie zarostu<\/h3>\n\n\n\n<p>Nie na darmo nazywa si\u0119 j\u0105 3-dniowym zarostem. Wi\u0119kszo\u015b\u0107 os\u00f3b jest w stanie wyhodowa\u0107 wystarczaj\u0105cy zarost w ci\u0105gu 3 dni. Gdy ju\u017c zapu\u015bcisz przyzwoity, r\u00f3wnomierny zarost na twarzy, mo\u017cesz pomy\u015ble\u0107 o jego zgoleniu. Wyb\u00f3r d\u0142ugo\u015bci zarostu determinuje ostateczny wygl\u0105d. Je\u015bli chcesz wygl\u0105da\u0107 schludniej, wybierz kr\u00f3tszy zarost. Ostatecznie jednak wyb\u00f3r nale\u017cy do Ciebie. Dowiedz si\u0119, jak zapu\u015bci\u0107 brod\u0119 i jakie style s\u0105 dost\u0119pne.<\/p>\n\n\n\n<h3 class=\"wp-block-heading\">Krok 3: Jak goli\u0107 zarost<\/h3>\n\n\n\n<p>Jak wi\u0119c goli\u0107 zarost? Po pierwsze, jest to golenie na ca\u0142ej powierzchni. Najcz\u0119\u015bciej wybieran\u0105 d\u0142ugo\u015bci\u0105 jest oko\u0142o 2 mm do 3 mm, co zapewnia bardziej stylowy wygl\u0105d. Nast\u0119pnie zacznij przycina\u0107 zarost na twarzy i szyi. Upewnij si\u0119, \u017ce w\u0142osy s\u0105 usuwane r\u00f3wnomiernie na ca\u0142ym obszarze.<\/p>\n\n\n\n<h3 class=\"wp-block-heading\">Krok 4: Obetnij kraw\u0119dzie<\/h3>\n\n\n\n<p>Z twoim <a href=\"https:\/\/www.amazon.de\/Hatteker-Haarschneidemaschine-Pr%C3%A4zisionstrimmer-Langhaarschneider-Nasenhaarschneider\/dp\/B08DJ6TXZN\/ref=sr_1_1_sspa?__mk_de_DE=%C3%85M%C3%85%C5%BD%C3%95%C3%91&amp;keywords=Pr%C3%A4zisionstrimmer&amp;qid=1636645150&amp;sr=8-1-spons&amp;psc=1&amp;smid=A1YR1KUKV2DGWH&amp;spLa=ZW5jcnlwdGVkUXVhbGlmaWVyPUExUFBOUVExSU5FVEFQJmVuY3J5cHRlZElkPUExMDE5ODQ5MVdKOVdWQTRXWjBRMCZlbmNyeXB0ZWRBZElkPUEwOTI3MDg0NUFCVkZFU0hHT1JKJndpZGdldE5hbWU9c3BfYXRmJmFjdGlvbj1jbGlja1JlZGlyZWN0JmRvTm90TG9nQ2xpY2s9dHJ1ZQ==\" target=\"_blank\" rel=\"noreferrer noopener\">Precyzyjny trymer<\/a> obetnij kraw\u0119d\u017a wok\u00f3\u0142 dekoltu, zaczynaj\u0105c od zewn\u0105trz i kieruj\u0105c si\u0119 do wewn\u0105trz. To, jak daleko si\u0119gniesz, zale\u017cy od Ciebie i Twojego wzorca wzrostu w\u0142os\u00f3w. Czyste kraw\u0119dzie o bardziej naturalnym kszta\u0142cie sprawdz\u0105 si\u0119 najlepiej, je\u015bli b\u0119dziesz pracowa\u0107 do i tu\u017c nad gard\u0142em. Nast\u0119pnie zajmij si\u0119 liniami w\u0142os\u00f3w wzd\u0142u\u017c ko\u015bci policzkowych. Nast\u0119pnie zajmij si\u0119 ustami. <\/p>\n\n\n\n<h3 class=\"wp-block-heading\">Krok 5: Czyste golenie wok\u00f3\u0142 brody<\/h3>\n\n\n\n<p>Pami\u0119taj, \u017ce zanim zaczniemy od czystego golenia, kluczem jest tutaj unikanie ostrych linii. 3-dniowy zarost wygl\u0105da raczej naturalnie, wi\u0119c ta cz\u0119\u015b\u0107 jest opcjonalna. Je\u015bli jednak chcesz doda\u0107 wyrazisto\u015bci swojej brodzie, ogol obszary poza kszta\u0142tem, kt\u00f3ry zdefiniowa\u0142e\u015b za pomoc\u0105 precyzyjnego trymera. U\u017cyj dobrego \u017celu do golenia i czystej, ostrej maszynki do golenia, aby wyr\u00f3wna\u0107 ju\u017c utworzone linie. Osusz twarz i na\u0142\u00f3\u017c \u0142agodz\u0105cy p\u0142yn po goleniu. <a href=\"https:\/\/www.amazon.de\/Sensitive-beruhigende-Gesichtspflege-Feuchtigkeitscreme-Mandel%C3%B6l\/dp\/B07YQ8SHGX\/ref=sr_1_1_sspa?__mk_de_DE=%C3%85M%C3%85%C5%BD%C3%95%C3%91&amp;keywords=balsam+Bart&amp;qid=1636645257&amp;sr=8-1-spons&amp;psc=1&amp;spLa=ZW5jcnlwdGVkUXVhbGlmaWVyPUExUTNJUDBSRVc1VDUwJmVuY3J5cHRlZElkPUEwNTk3NzUxMjlDOVREWVlYSUwxOCZlbmNyeXB0ZWRBZElkPUEwOTk4MDMzMlZBUTBMNElRRVIxTCZ3aWRnZXROYW1lPXNwX2F0ZiZhY3Rpb249Y2xpY2tSZWRpcmVjdCZkb05vdExvZ0NsaWNrPXRydWU=\" target=\"_blank\" rel=\"noreferrer noopener\">Balsam<\/a> na. <\/p>\n\n\n\n<p>Oto 5 prostych krok\u00f3w do stworzenia 3-dniowego zarostu godnego celebryt\u00f3w. Aby utrzyma\u0107 j\u0105 w dobrej formie, przycinaj j\u0105 co kilka dni i upewnij si\u0119, \u017ce w\u0142osy pozostaj\u0105 czyste i nawil\u017cone.<\/p>","protected":false},"excerpt":{"rendered":"<p>Der 3-Tage-Bart Es gibt viele Gr\u00fcnde, sich f\u00fcr einen 3-Tage-Stoppelbart zu entscheiden. Erstens ist er einfach zu erreichen und zu [&hellip;]<\/p>\n","protected":false},"author":3,"featured_media":262,"comment_status":"closed","ping_status":"open","sticky":false,"template":"","format":"standard","meta":{"_acf_changed":false,"_uag_custom_page_level_css":"","site-sidebar-layout":"default","site-content-layout":"","ast-site-content-layout":"default","site-content-style":"default","site-sidebar-style":"default","ast-global-header-display":"","ast-banner-title-visibility":"","ast-main-header-display":"","ast-hfb-above-header-display":"","ast-hfb-below-header-display":"","ast-hfb-mobile-header-display":"","site-post-title":"","ast-breadcrumbs-content":"","ast-featured-img":"","footer-sml-layout":"","ast-disable-related-posts":"","theme-transparent-header-meta":"","adv-header-id-meta":"","stick-header-meta":"","header-above-stick-meta":"","header-main-stick-meta":"","header-below-stick-meta":"","astra-migrate-meta-layouts":"default","ast-page-background-enabled":"default","ast-page-background-meta":{"desktop":{"background-color":"","background-image":"","background-repeat":"repeat","background-position":"center center","background-size":"auto","background-attachment":"scroll","background-type":"","background-media":"","overlay-type":"","overlay-color":"","overlay-opacity":"","overlay-gradient":""},"tablet":{"background-color":"","background-image":"","background-repeat":"repeat","background-position":"center center","background-size":"auto","background-attachment":"scroll","background-type":"","background-media":"","overlay-type":"","overlay-color":"","overlay-opacity":"","overlay-gradient":""},"mobile":{"background-color":"","background-image":"","background-repeat":"repeat","background-position":"center center","background-size":"auto","background-attachment":"scroll","background-type":"","background-media":"","overlay-type":"","overlay-color":"","overlay-opacity":"","overlay-gradient":""}},"ast-content-background-meta":{"desktop":{"background-color":"var(--ast-global-color-5)","background-image":"","background-repeat":"repeat","background-position":"center center","background-size":"auto","background-attachment":"scroll","background-type":"","background-media":"","overlay-type":"","overlay-color":"","overlay-opacity":"","overlay-gradient":""},"tablet":{"background-color":"var(--ast-global-color-5)","background-image":"","background-repeat":"repeat","background-position":"center center","background-size":"auto","background-attachment":"scroll","background-type":"","background-media":"","overlay-type":"","overlay-color":"","overlay-opacity":"","overlay-gradient":""},"mobile":{"background-color":"var(--ast-global-color-5)","background-image":"","background-repeat":"repeat","background-position":"center center","background-size":"auto","background-attachment":"scroll","background-type":"","background-media":"","overlay-type":"","overlay-color":"","overlay-opacity":"","overlay-gradient":""}},"footnotes":""},"categories":[19,11],"tags":[],"class_list":["post-243","post","type-post","status-publish","format-standard","has-post-thumbnail","hentry","category-bart","category-haare"],"acf":[],"yoast_head":"<!-- This site is optimized with the Yoast SEO Premium plugin v20.12 (Yoast SEO v27.4) - https:\/\/yoast.com\/product\/yoast-seo-premium-wordpress\/ -->\n<title>3 Tage Bart Style: 5 Schritte zum kurzem Stoppelbart-Look<\/title>\n<meta name=\"description\" content=\"Der 3 Tage Bart ist nach wie vor in Mode. Mit diesen 5 Schritten kommen Sie zu Ihren optimalen 3-Tage-Bart-Look\" \/>\n<meta name=\"robots\" content=\"index, follow, max-snippet:-1, max-image-preview:large, max-video-preview:-1\" \/>\n<link rel=\"canonical\" href=\"https:\/\/neshio.de\/pl\/3-dniowy-zarost\/\" \/>\n<meta property=\"og:locale\" content=\"pl_PL\" \/>\n<meta property=\"og:type\" content=\"article\" \/>\n<meta property=\"og:title\" content=\"3 Tage Bart Style: 5 Schritte zum kurzem Stoppelbart-Look\" \/>\n<meta property=\"og:description\" content=\"Der 3 Tage Bart ist nach wie vor in Mode. Mit diesen 5 Schritten kommen Sie zu Ihren optimalen 3-Tage-Bart-Look\" \/>\n<meta property=\"og:url\" content=\"https:\/\/neshio.de\/pl\/3-dniowy-zarost\/\" \/>\n<meta property=\"og:site_name\" content=\"NESHIO\" \/>\n<meta property=\"article:publisher\" content=\"https:\/\/www.facebook.com\/Neshio.Official\" \/>\n<meta property=\"article:published_time\" content=\"2023-07-07T00:32:00+00:00\" \/>\n<meta property=\"article:modified_time\" content=\"2023-07-08T04:32:34+00:00\" \/>\n<meta property=\"og:image\" content=\"https:\/\/neshio.de\/wp-content\/uploads\/2021\/11\/3-Tage-Bart.jpg\" \/>\n\t<meta property=\"og:image:width\" content=\"900\" \/>\n\t<meta property=\"og:image:height\" content=\"671\" \/>\n\t<meta property=\"og:image:type\" content=\"image\/jpeg\" \/>\n<meta name=\"author\" content=\"Marcel Allen\" \/>\n<meta name=\"twitter:card\" content=\"summary_large_image\" \/>\n<meta name=\"twitter:label1\" content=\"Napisane przez\" \/>\n\t<meta name=\"twitter:data1\" content=\"Marcel Allen\" \/>\n\t<meta name=\"twitter:label2\" content=\"Szacowany czas czytania\" \/>\n\t<meta name=\"twitter:data2\" content=\"4 minuty\" \/>\n<script type=\"application\/ld+json\" class=\"yoast-schema-graph\">{\"@context\":\"https:\\\/\\\/schema.org\",\"@graph\":[{\"@type\":\"Article\",\"@id\":\"https:\\\/\\\/neshio.de\\\/3-tage-bart\\\/#article\",\"isPartOf\":{\"@id\":\"https:\\\/\\\/neshio.de\\\/3-tage-bart\\\/\"},\"author\":{\"name\":\"Marcel Allen\",\"@id\":\"https:\\\/\\\/neshio.de\\\/#\\\/schema\\\/person\\\/40429a2e11b2dfabdafb9a63921ad6c3\"},\"headline\":\"3 Tage Bart Style: 5 Schritte zum kurzem Stoppelbart-Look\",\"datePublished\":\"2023-07-07T00:32:00+00:00\",\"dateModified\":\"2023-07-08T04:32:34+00:00\",\"mainEntityOfPage\":{\"@id\":\"https:\\\/\\\/neshio.de\\\/3-tage-bart\\\/\"},\"wordCount\":694,\"publisher\":{\"@id\":\"https:\\\/\\\/neshio.de\\\/#organization\"},\"image\":{\"@id\":\"https:\\\/\\\/neshio.de\\\/3-tage-bart\\\/#primaryimage\"},\"thumbnailUrl\":\"https:\\\/\\\/neshio.de\\\/wp-content\\\/uploads\\\/2021\\\/11\\\/3-Tage-Bart.jpg\",\"articleSection\":[\"Bart\",\"Haare\"],\"inLanguage\":\"pl-PL\"},{\"@type\":\"WebPage\",\"@id\":\"https:\\\/\\\/neshio.de\\\/3-tage-bart\\\/\",\"url\":\"https:\\\/\\\/neshio.de\\\/3-tage-bart\\\/\",\"name\":\"3 Tage Bart Style: 5 Schritte zum kurzem Stoppelbart-Look\",\"isPartOf\":{\"@id\":\"https:\\\/\\\/neshio.de\\\/#website\"},\"primaryImageOfPage\":{\"@id\":\"https:\\\/\\\/neshio.de\\\/3-tage-bart\\\/#primaryimage\"},\"image\":{\"@id\":\"https:\\\/\\\/neshio.de\\\/3-tage-bart\\\/#primaryimage\"},\"thumbnailUrl\":\"https:\\\/\\\/neshio.de\\\/wp-content\\\/uploads\\\/2021\\\/11\\\/3-Tage-Bart.jpg\",\"datePublished\":\"2023-07-07T00:32:00+00:00\",\"dateModified\":\"2023-07-08T04:32:34+00:00\",\"description\":\"Der 3 Tage Bart ist nach wie vor in Mode. Mit diesen 5 Schritten kommen Sie zu Ihren optimalen 3-Tage-Bart-Look\",\"breadcrumb\":{\"@id\":\"https:\\\/\\\/neshio.de\\\/3-tage-bart\\\/#breadcrumb\"},\"inLanguage\":\"pl-PL\",\"potentialAction\":[{\"@type\":\"ReadAction\",\"target\":[\"https:\\\/\\\/neshio.de\\\/3-tage-bart\\\/\"]}]},{\"@type\":\"ImageObject\",\"inLanguage\":\"pl-PL\",\"@id\":\"https:\\\/\\\/neshio.de\\\/3-tage-bart\\\/#primaryimage\",\"url\":\"https:\\\/\\\/neshio.de\\\/wp-content\\\/uploads\\\/2021\\\/11\\\/3-Tage-Bart.jpg\",\"contentUrl\":\"https:\\\/\\\/neshio.de\\\/wp-content\\\/uploads\\\/2021\\\/11\\\/3-Tage-Bart.jpg\",\"width\":900,\"height\":671,\"caption\":\"3-Tage-Bart\"},{\"@type\":\"BreadcrumbList\",\"@id\":\"https:\\\/\\\/neshio.de\\\/3-tage-bart\\\/#breadcrumb\",\"itemListElement\":[{\"@type\":\"ListItem\",\"position\":1,\"name\":\"NESHIO\",\"item\":\"https:\\\/\\\/neshio.de\\\/\"},{\"@type\":\"ListItem\",\"position\":2,\"name\":\"Haare\",\"item\":\"https:\\\/\\\/neshio.de\\\/haare\\\/\"},{\"@type\":\"ListItem\",\"position\":3,\"name\":\"3 Tage Bart Style: 5 Schritte zum kurzem Stoppelbart-Look\"}]},{\"@type\":\"WebSite\",\"@id\":\"https:\\\/\\\/neshio.de\\\/#website\",\"url\":\"https:\\\/\\\/neshio.de\\\/\",\"name\":\"NESHIO\",\"description\":\"Beauty und Gesundheit\",\"publisher\":{\"@id\":\"https:\\\/\\\/neshio.de\\\/#organization\"},\"potentialAction\":[{\"@type\":\"SearchAction\",\"target\":{\"@type\":\"EntryPoint\",\"urlTemplate\":\"https:\\\/\\\/neshio.de\\\/?s={search_term_string}\"},\"query-input\":{\"@type\":\"PropertyValueSpecification\",\"valueRequired\":true,\"valueName\":\"search_term_string\"}}],\"inLanguage\":\"pl-PL\"},{\"@type\":\"Organization\",\"@id\":\"https:\\\/\\\/neshio.de\\\/#organization\",\"name\":\"NESHIO\",\"url\":\"https:\\\/\\\/neshio.de\\\/\",\"logo\":{\"@type\":\"ImageObject\",\"inLanguage\":\"pl-PL\",\"@id\":\"https:\\\/\\\/neshio.de\\\/#\\\/schema\\\/logo\\\/image\\\/\",\"url\":\"https:\\\/\\\/neshio.de\\\/wp-content\\\/uploads\\\/2021\\\/04\\\/Neshio-Logo.png\",\"contentUrl\":\"https:\\\/\\\/neshio.de\\\/wp-content\\\/uploads\\\/2021\\\/04\\\/Neshio-Logo.png\",\"width\":247,\"height\":46,\"caption\":\"NESHIO\"},\"image\":{\"@id\":\"https:\\\/\\\/neshio.de\\\/#\\\/schema\\\/logo\\\/image\\\/\"},\"sameAs\":[\"https:\\\/\\\/www.facebook.com\\\/Neshio.Official\",\"https:\\\/\\\/www.instagram.com\\\/neshio_official\\\/\"]},{\"@type\":\"Person\",\"@id\":\"https:\\\/\\\/neshio.de\\\/#\\\/schema\\\/person\\\/40429a2e11b2dfabdafb9a63921ad6c3\",\"name\":\"Marcel Allen\",\"image\":{\"@type\":\"ImageObject\",\"inLanguage\":\"pl-PL\",\"@id\":\"https:\\\/\\\/secure.gravatar.com\\\/avatar\\\/2456d61256291341b53118995cf048c808cc5273344b5c0a265b839ad51c85a9?s=96&d=mm&r=g\",\"url\":\"https:\\\/\\\/secure.gravatar.com\\\/avatar\\\/2456d61256291341b53118995cf048c808cc5273344b5c0a265b839ad51c85a9?s=96&d=mm&r=g\",\"contentUrl\":\"https:\\\/\\\/secure.gravatar.com\\\/avatar\\\/2456d61256291341b53118995cf048c808cc5273344b5c0a265b839ad51c85a9?s=96&d=mm&r=g\",\"caption\":\"Marcel Allen\"}}]}<\/script>\n<!-- \/ Yoast SEO Premium plugin. -->","yoast_head_json":{"title":"3-dniowa stylizacja zarostu: 5 krok\u00f3w do uzyskania brody z kr\u00f3tkim zarostem","description":"3-dniowy zarost wci\u0105\u017c w modzie. Dzi\u0119ki tym 5 krokom osi\u0105gniesz optymalny wygl\u0105d 3-dniowego zarostu","robots":{"index":"index","follow":"follow","max-snippet":"max-snippet:-1","max-image-preview":"max-image-preview:large","max-video-preview":"max-video-preview:-1"},"canonical":"https:\/\/neshio.de\/pl\/3-dniowy-zarost\/","og_locale":"pl_PL","og_type":"article","og_title":"3 Tage Bart Style: 5 Schritte zum kurzem Stoppelbart-Look","og_description":"Der 3 Tage Bart ist nach wie vor in Mode. Mit diesen 5 Schritten kommen Sie zu Ihren optimalen 3-Tage-Bart-Look","og_url":"https:\/\/neshio.de\/pl\/3-dniowy-zarost\/","og_site_name":"NESHIO","article_publisher":"https:\/\/www.facebook.com\/Neshio.Official","article_published_time":"2023-07-07T00:32:00+00:00","article_modified_time":"2023-07-08T04:32:34+00:00","og_image":[{"width":900,"height":671,"url":"https:\/\/neshio.de\/wp-content\/uploads\/2021\/11\/3-Tage-Bart.jpg","type":"image\/jpeg"}],"author":"Marcel Allen","twitter_card":"summary_large_image","twitter_misc":{"Napisane przez":"Marcel Allen","Szacowany czas czytania":"4 minuty"},"schema":{"@context":"https:\/\/schema.org","@graph":[{"@type":"Article","@id":"https:\/\/neshio.de\/3-tage-bart\/#article","isPartOf":{"@id":"https:\/\/neshio.de\/3-tage-bart\/"},"author":{"name":"Marcel Allen","@id":"https:\/\/neshio.de\/#\/schema\/person\/40429a2e11b2dfabdafb9a63921ad6c3"},"headline":"3 Tage Bart Style: 5 Schritte zum kurzem Stoppelbart-Look","datePublished":"2023-07-07T00:32:00+00:00","dateModified":"2023-07-08T04:32:34+00:00","mainEntityOfPage":{"@id":"https:\/\/neshio.de\/3-tage-bart\/"},"wordCount":694,"publisher":{"@id":"https:\/\/neshio.de\/#organization"},"image":{"@id":"https:\/\/neshio.de\/3-tage-bart\/#primaryimage"},"thumbnailUrl":"https:\/\/neshio.de\/wp-content\/uploads\/2021\/11\/3-Tage-Bart.jpg","articleSection":["Bart","Haare"],"inLanguage":"pl-PL"},{"@type":"WebPage","@id":"https:\/\/neshio.de\/3-tage-bart\/","url":"https:\/\/neshio.de\/3-tage-bart\/","name":"3-dniowa stylizacja zarostu: 5 krok\u00f3w do uzyskania brody z kr\u00f3tkim zarostem","isPartOf":{"@id":"https:\/\/neshio.de\/#website"},"primaryImageOfPage":{"@id":"https:\/\/neshio.de\/3-tage-bart\/#primaryimage"},"image":{"@id":"https:\/\/neshio.de\/3-tage-bart\/#primaryimage"},"thumbnailUrl":"https:\/\/neshio.de\/wp-content\/uploads\/2021\/11\/3-Tage-Bart.jpg","datePublished":"2023-07-07T00:32:00+00:00","dateModified":"2023-07-08T04:32:34+00:00","description":"3-dniowy zarost wci\u0105\u017c w modzie. Dzi\u0119ki tym 5 krokom osi\u0105gniesz optymalny wygl\u0105d 3-dniowego zarostu","breadcrumb":{"@id":"https:\/\/neshio.de\/3-tage-bart\/#breadcrumb"},"inLanguage":"pl-PL","potentialAction":[{"@type":"ReadAction","target":["https:\/\/neshio.de\/3-tage-bart\/"]}]},{"@type":"ImageObject","inLanguage":"pl-PL","@id":"https:\/\/neshio.de\/3-tage-bart\/#primaryimage","url":"https:\/\/neshio.de\/wp-content\/uploads\/2021\/11\/3-Tage-Bart.jpg","contentUrl":"https:\/\/neshio.de\/wp-content\/uploads\/2021\/11\/3-Tage-Bart.jpg","width":900,"height":671,"caption":"3-Tage-Bart"},{"@type":"BreadcrumbList","@id":"https:\/\/neshio.de\/3-tage-bart\/#breadcrumb","itemListElement":[{"@type":"ListItem","position":1,"name":"NESHIO","item":"https:\/\/neshio.de\/"},{"@type":"ListItem","position":2,"name":"Haare","item":"https:\/\/neshio.de\/haare\/"},{"@type":"ListItem","position":3,"name":"3 Tage Bart Style: 5 Schritte zum kurzem Stoppelbart-Look"}]},{"@type":"WebSite","@id":"https:\/\/neshio.de\/#website","url":"https:\/\/neshio.de\/","name":"NESHIO","description":"Uroda i zdrowie","publisher":{"@id":"https:\/\/neshio.de\/#organization"},"potentialAction":[{"@type":"SearchAction","target":{"@type":"EntryPoint","urlTemplate":"https:\/\/neshio.de\/?s={search_term_string}"},"query-input":{"@type":"PropertyValueSpecification","valueRequired":true,"valueName":"search_term_string"}}],"inLanguage":"pl-PL"},{"@type":"Organization","@id":"https:\/\/neshio.de\/#organization","name":"NESHIO","url":"https:\/\/neshio.de\/","logo":{"@type":"ImageObject","inLanguage":"pl-PL","@id":"https:\/\/neshio.de\/#\/schema\/logo\/image\/","url":"https:\/\/neshio.de\/wp-content\/uploads\/2021\/04\/Neshio-Logo.png","contentUrl":"https:\/\/neshio.de\/wp-content\/uploads\/2021\/04\/Neshio-Logo.png","width":247,"height":46,"caption":"NESHIO"},"image":{"@id":"https:\/\/neshio.de\/#\/schema\/logo\/image\/"},"sameAs":["https:\/\/www.facebook.com\/Neshio.Official","https:\/\/www.instagram.com\/neshio_official\/"]},{"@type":"Person","@id":"https:\/\/neshio.de\/#\/schema\/person\/40429a2e11b2dfabdafb9a63921ad6c3","name":"Marcel Allen","image":{"@type":"ImageObject","inLanguage":"pl-PL","@id":"https:\/\/secure.gravatar.com\/avatar\/2456d61256291341b53118995cf048c808cc5273344b5c0a265b839ad51c85a9?s=96&d=mm&r=g","url":"https:\/\/secure.gravatar.com\/avatar\/2456d61256291341b53118995cf048c808cc5273344b5c0a265b839ad51c85a9?s=96&d=mm&r=g","contentUrl":"https:\/\/secure.gravatar.com\/avatar\/2456d61256291341b53118995cf048c808cc5273344b5c0a265b839ad51c85a9?s=96&d=mm&r=g","caption":"Marcel Allen"}}]}},"uagb_featured_image_src":{"full":["https:\/\/neshio.de\/wp-content\/uploads\/2021\/11\/3-Tage-Bart.jpg",900,671,false],"thumbnail":["https:\/\/neshio.de\/wp-content\/uploads\/2021\/11\/3-Tage-Bart-150x150.jpg",150,150,true],"medium":["https:\/\/neshio.de\/wp-content\/uploads\/2021\/11\/3-Tage-Bart-300x224.jpg",300,224,true],"medium_large":["https:\/\/neshio.de\/wp-content\/uploads\/2021\/11\/3-Tage-Bart-768x573.jpg",768,573,true],"large":["https:\/\/neshio.de\/wp-content\/uploads\/2021\/11\/3-Tage-Bart.jpg",900,671,false],"1536x1536":["https:\/\/neshio.de\/wp-content\/uploads\/2021\/11\/3-Tage-Bart.jpg",900,671,false],"2048x2048":["https:\/\/neshio.de\/wp-content\/uploads\/2021\/11\/3-Tage-Bart.jpg",900,671,false],"trp-custom-language-flag":["https:\/\/neshio.de\/wp-content\/uploads\/2021\/11\/3-Tage-Bart.jpg",16,12,false]},"uagb_author_info":{"display_name":"Marcel Allen","author_link":"https:\/\/neshio.de\/pl\/author\/marcel-allen\/"},"uagb_comment_info":0,"uagb_excerpt":"Der 3-Tage-Bart Es gibt viele Gr\u00fcnde, sich f\u00fcr einen 3-Tage-Stoppelbart zu entscheiden. Erstens ist er einfach zu erreichen und zu [&hellip;]","_links":{"self":[{"href":"https:\/\/neshio.de\/pl\/wp-json\/wp\/v2\/posts\/243","targetHints":{"allow":["GET"]}}],"collection":[{"href":"https:\/\/neshio.de\/pl\/wp-json\/wp\/v2\/posts"}],"about":[{"href":"https:\/\/neshio.de\/pl\/wp-json\/wp\/v2\/types\/post"}],"author":[{"embeddable":true,"href":"https:\/\/neshio.de\/pl\/wp-json\/wp\/v2\/users\/3"}],"replies":[{"embeddable":true,"href":"https:\/\/neshio.de\/pl\/wp-json\/wp\/v2\/comments?post=243"}],"version-history":[{"count":12,"href":"https:\/\/neshio.de\/pl\/wp-json\/wp\/v2\/posts\/243\/revisions"}],"predecessor-version":[{"id":343,"href":"https:\/\/neshio.de\/pl\/wp-json\/wp\/v2\/posts\/243\/revisions\/343"}],"wp:featuredmedia":[{"embeddable":true,"href":"https:\/\/neshio.de\/pl\/wp-json\/wp\/v2\/media\/262"}],"wp:attachment":[{"href":"https:\/\/neshio.de\/pl\/wp-json\/wp\/v2\/media?parent=243"}],"wp:term":[{"taxonomy":"category","embeddable":true,"href":"https:\/\/neshio.de\/pl\/wp-json\/wp\/v2\/categories?post=243"},{"taxonomy":"post_tag","embeddable":true,"href":"https:\/\/neshio.de\/pl\/wp-json\/wp\/v2\/tags?post=243"}],"curies":[{"name":"wp","href":"https:\/\/api.w.org\/{rel}","templated":true}]}}