{"id":243,"date":"2023-07-07T00:32:00","date_gmt":"2023-07-07T00:32:00","guid":{"rendered":"https:\/\/neshio.de\/?p=243"},"modified":"2023-07-08T04:32:34","modified_gmt":"2023-07-08T04:32:34","slug":"3-tage-bart","status":"publish","type":"post","link":"https:\/\/neshio.de\/it\/barba-di-3-giorni\/","title":{"rendered":"Stile di barba in 3 giorni: 5 passi per un look da barba a pelo corto"},"content":{"rendered":"<h2 class=\"wp-block-heading\" id=\"h-der-3-tage-bart\">La barba di 3 giorni<\/h2>\n\n\n\n<p>Ci sono molti motivi per scegliere una barba a pelo corto di 3 giorni. In primo luogo, \u00e8 facile da realizzare e da mantenere. In secondo luogo, pu\u00f2 andare bene per quasi tutti i look, la forma del viso e l'et\u00e0. Se avete un viso da bambino, pu\u00f2 anche farvi sembrare pi\u00f9 maturi.<\/p>\n\n\n\n<p>Celebrit\u00e0 come David Beckman, Bradley Cooper e persino Chris Hemsworth sono stati avvistati mentre sfoggiavano il robusto stile con barba di 3 giorni. E per gli uomini attenti alla moda, \u00e8 ancora oggi di moda come non mai. Con alcuni strumenti pratici e una <a href=\"https:\/\/www.amazon.de\/Braun-Barttrimmer-Haarschneider-39-L%C3%A4ngeneinstellungen-volt-gr%C3%BCn\/dp\/B0822Y7MF5\/ref=sr_1_2_sspa?__mk_de_DE=%C3%85M%C3%85%C5%BD%C3%95%C3%91&amp;crid=34XUOX1MSAXP2&amp;keywords=bart+trimmer&amp;qid=1636640447&amp;sprefix=bart+%2Caps%2C175&amp;sr=8-2-spons&amp;psc=1&amp;spLa=ZW5jcnlwdGVkUXVhbGlmaWVyPUFRWkVLNjhURVlRWlImZW5jcnlwdGVkSWQ9QTAwNzUxNzczTDhOTlcwN1ZaV1RLJmVuY3J5cHRlZEFkSWQ9QTA3NTQzODkzN1c0RlVPSkQ0ODBQJndpZGdldE5hbWU9c3BfYXRmJmFjdGlvbj1jbGlja1JlZGlyZWN0JmRvTm90TG9nQ2xpY2s9dHJ1ZQ==\" target=\"_blank\" rel=\"noreferrer noopener\">regolabarba professionale<\/a>, si ottiene una versione ordinata di questo look maschile.<\/p>\n\n\n\n<figure class=\"wp-block-image size-large is-resized\"><img loading=\"lazy\" decoding=\"async\" src=\"https:\/\/neshio.de\/wp-content\/uploads\/2021\/11\/Braun-Bart-Trimmer-1024x1012.jpg\" alt=\"Regolabarba Braun\" class=\"wp-image-245\" width=\"238\" height=\"235\" srcset=\"https:\/\/neshio.de\/wp-content\/uploads\/2021\/11\/Braun-Bart-Trimmer-1024x1012.jpg 1024w, https:\/\/neshio.de\/wp-content\/uploads\/2021\/11\/Braun-Bart-Trimmer-300x297.jpg 300w, https:\/\/neshio.de\/wp-content\/uploads\/2021\/11\/Braun-Bart-Trimmer-768x759.jpg 768w, https:\/\/neshio.de\/wp-content\/uploads\/2021\/11\/Braun-Bart-Trimmer.jpg 1500w\" sizes=\"auto, (max-width: 238px) 100vw, 238px\" \/><\/figure>\n\n\n\n<h2 class=\"wp-block-heading\">Perch\u00e9 farsi crescere la barba di 3 giorni?<\/h2>\n\n\n\n<p>Oltre ad essere alla moda, pu\u00f2 essere una manna dal cielo per gli uomini che preferiscono nascondere le imperfezioni o dare tregua alla pelle sensibile. Inoltre, ha l'ulteriore effetto glamour di migliorare l'aspetto della mascella. Quindi, per coloro che hanno un mento pi\u00f9 debole, bilancia efficacemente la forma del viso.<\/p>\n\n\n\n<h2 class=\"wp-block-heading\">Come ottenere la barba di 3 giorni<\/h2>\n\n\n\n<p>Questo \u00e8 il momento in cui ci si chiede come radere la barba. Ma non si tratta solo di lasciarla crescere. Il diavolo sta nei dettagli e nel creare il look perfetto per la barba di 3 giorni. Ci\u00f2 significa trovare gli strumenti giusti e partire da una base omogenea. E con questo intendiamo la lunghezza dei capelli sul viso. Ecco una guida passo passo per ottenere una barba incolta dall'inizio alla fine.<\/p>\n\n\n\n<h3 class=\"wp-block-heading\">Fase 1: rasatura pulita<\/h3>\n\n\n\n<p>S\u00ec, avete capito bene! Il bello della barba incolta \u00e8 che si pu\u00f2 ottenere in un weekend. Ma per ottenere una crescita uniforme dei peli sul viso, \u00e8 necessario iniziare dal punto giusto. Utilizzate una buona lama pulita come la <a href=\"https:\/\/www.amazon.de\/Gillette-Rasierer-Rasierklingen-Anti-Irritations-Klingen-Rasierklinge\/dp\/B08PVJ91N1\/ref=sr_1_2_sspa?__mk_de_DE=%C3%85M%C3%85%C5%BD%C3%95%C3%91&amp;keywords=rasierklingen&amp;qid=1636642512&amp;sr=8-2-spons&amp;spLa=ZW5jcnlwdGVkUXVhbGlmaWVyPUEzVTQ2NUZBMUhMTzlXJmVuY3J5cHRlZElkPUEwOTMzMzIxMjBQTFM5OE0xSDhFVyZlbmNyeXB0ZWRBZElkPUEwMDYyNzI4MzY1TklEWTNIVUZHWiZ3aWRnZXROYW1lPXNwX2F0ZiZhY3Rpb249Y2xpY2tSZWRpcmVjdCZkb05vdExvZ0NsaWNrPXRydWU&amp;th=1\" target=\"_blank\" rel=\"noreferrer noopener\">Lamette Fusion5 di Gillette<\/a> per radere il viso a umido. Con <a href=\"https:\/\/www.amazon.de\/Gillette-Fusion5-Sensitive-Rasiergel-M%C3%A4nner\/dp\/B082VPFZ5R\/ref=sr_1_9?__mk_de_DE=%C3%85M%C3%85%C5%BD%C3%95%C3%91&amp;keywords=Rasiergel&amp;qid=1636645335&amp;qsid=261-7640201-8036567&amp;sr=8-9&amp;sres=B07RY2V457%2CB000MQAW2I%2CB07VB87B2F%2CB085HD4W9S%2CB082VPFZ5R%2CB085HP3FMH%2CB089R41CBF%2CB000IAHWE4%2CB08THZH4HZ%2CB01BU1CXSO%2CB07RWJXX7H%2CB08WQQVMD3%2CB00RMIKEW2%2CB082VNHXVN%2CB08W5698G6%2CB0024L6LN8%2CB07VCDPBST%2CB07RX11281%2CB0012Y1ELM%2CB08WKS1MTG&amp;th=1\" target=\"_blank\" rel=\"noreferrer noopener\">Gel da barba<\/a> Insaponare e radere con movimenti delicati fino alla pelle. La barba di 3 giorni \u00e8 pi\u00f9 bella quando viene creata da zero. <\/p>\n\n\n\n<h3 class=\"wp-block-heading\">Fase 2: ceretta per i peli del viso<\/h3>\n\n\n\n<p>Non per niente si chiama barba di 3 giorni. La maggior parte riesce a coltivare una crescita sufficiente in 3 giorni. Una volta ottenuta una crescita decente e uniforme dei peli sul viso, si pu\u00f2 pensare alla rasatura. La scelta della lunghezza della barba determina il look finale. Se volete avere un aspetto pi\u00f9 ordinato, optate per una barba pi\u00f9 corta. Ma in ultima analisi, la scelta spetta a voi. Scoprite come far crescere la barba e quali sono gli stili disponibili.<\/p>\n\n\n\n<h3 class=\"wp-block-heading\">Fase 3: Come radere la barba<\/h3>\n\n\n\n<p>Allora, come si rade la barba? Innanzitutto, la rasatura completa. La lunghezza pi\u00f9 comunemente scelta \u00e8 di circa 2-3 mm per un look pi\u00f9 elegante. Poi iniziate a rifinire i peli della barba sul viso e sul collo. Assicuratevi di mantenere la depilazione costante in tutta l'area durante la rifinitura.<\/p>\n\n\n\n<h3 class=\"wp-block-heading\">Fase 4: tagliare i bordi<\/h3>\n\n\n\n<p>Con il vostro <a href=\"https:\/\/www.amazon.de\/Hatteker-Haarschneidemaschine-Pr%C3%A4zisionstrimmer-Langhaarschneider-Nasenhaarschneider\/dp\/B08DJ6TXZN\/ref=sr_1_1_sspa?__mk_de_DE=%C3%85M%C3%85%C5%BD%C3%95%C3%91&amp;keywords=Pr%C3%A4zisionstrimmer&amp;qid=1636645150&amp;sr=8-1-spons&amp;psc=1&amp;smid=A1YR1KUKV2DGWH&amp;spLa=ZW5jcnlwdGVkUXVhbGlmaWVyPUExUFBOUVExSU5FVEFQJmVuY3J5cHRlZElkPUExMDE5ODQ5MVdKOVdWQTRXWjBRMCZlbmNyeXB0ZWRBZElkPUEwOTI3MDg0NUFCVkZFU0hHT1JKJndpZGdldE5hbWU9c3BfYXRmJmFjdGlvbj1jbGlja1JlZGlyZWN0JmRvTm90TG9nQ2xpY2s9dHJ1ZQ==\" target=\"_blank\" rel=\"noreferrer noopener\">Trimmer di precisione<\/a> tagliare il bordo intorno alla scollatura, iniziando dall'esterno e lavorando verso l'interno. La lunghezza del taglio dipende da voi e dal vostro modello di crescita dei capelli. I bordi puliti con una forma pi\u00f9 naturale funzionano meglio se si lavora fino a poco sopra la gola. Quindi occupatevi dell'attaccatura dei capelli lungo gli zigomi. Infine, lavorate intorno alla bocca. <\/p>\n\n\n\n<h3 class=\"wp-block-heading\">Fase 5: Rasatura pulita intorno alla barba<\/h3>\n\n\n\n<p>Ricordate, prima di iniziare con una rasatura pulita, la chiave \u00e8 evitare le linee taglienti. La barba incolta di 3 giorni ha un aspetto piuttosto naturale, quindi questa parte \u00e8 facoltativa. Tuttavia, se volete aggiungere definizione alla vostra barba, radete le aree al di fuori della forma che avete definito con il vostro rifinitore di precisione. Utilizzate un buon gel da barba e un rasoio pulito e affilato per delineare le linee gi\u00e0 create. Asciugate il viso e applicate un dopobarba lenitivo. <a href=\"https:\/\/www.amazon.de\/Sensitive-beruhigende-Gesichtspflege-Feuchtigkeitscreme-Mandel%C3%B6l\/dp\/B07YQ8SHGX\/ref=sr_1_1_sspa?__mk_de_DE=%C3%85M%C3%85%C5%BD%C3%95%C3%91&amp;keywords=balsam+Bart&amp;qid=1636645257&amp;sr=8-1-spons&amp;psc=1&amp;spLa=ZW5jcnlwdGVkUXVhbGlmaWVyPUExUTNJUDBSRVc1VDUwJmVuY3J5cHRlZElkPUEwNTk3NzUxMjlDOVREWVlYSUwxOCZlbmNyeXB0ZWRBZElkPUEwOTk4MDMzMlZBUTBMNElRRVIxTCZ3aWRnZXROYW1lPXNwX2F0ZiZhY3Rpb249Y2xpY2tSZWRpcmVjdCZkb05vdExvZ0NsaWNrPXRydWU=\" target=\"_blank\" rel=\"noreferrer noopener\">Balsamo<\/a> su. <\/p>\n\n\n\n<p>Ecco i 5 semplici passi per creare una barba di 3 giorni degna di una celebrit\u00e0. Per mantenerla in forma, tagliatela ogni pochi giorni e assicuratevi che i peli rimangano puliti e idratati.<\/p>","protected":false},"excerpt":{"rendered":"<p>Der 3-Tage-Bart Es gibt viele Gr\u00fcnde, sich f\u00fcr einen 3-Tage-Stoppelbart zu entscheiden. Erstens ist er einfach zu erreichen und zu [&hellip;]<\/p>\n","protected":false},"author":3,"featured_media":262,"comment_status":"closed","ping_status":"open","sticky":false,"template":"","format":"standard","meta":{"_acf_changed":false,"_uag_custom_page_level_css":"","site-sidebar-layout":"default","site-content-layout":"","ast-site-content-layout":"default","site-content-style":"default","site-sidebar-style":"default","ast-global-header-display":"","ast-banner-title-visibility":"","ast-main-header-display":"","ast-hfb-above-header-display":"","ast-hfb-below-header-display":"","ast-hfb-mobile-header-display":"","site-post-title":"","ast-breadcrumbs-content":"","ast-featured-img":"","footer-sml-layout":"","ast-disable-related-posts":"","theme-transparent-header-meta":"","adv-header-id-meta":"","stick-header-meta":"","header-above-stick-meta":"","header-main-stick-meta":"","header-below-stick-meta":"","astra-migrate-meta-layouts":"default","ast-page-background-enabled":"default","ast-page-background-meta":{"desktop":{"background-color":"","background-image":"","background-repeat":"repeat","background-position":"center center","background-size":"auto","background-attachment":"scroll","background-type":"","background-media":"","overlay-type":"","overlay-color":"","overlay-opacity":"","overlay-gradient":""},"tablet":{"background-color":"","background-image":"","background-repeat":"repeat","background-position":"center center","background-size":"auto","background-attachment":"scroll","background-type":"","background-media":"","overlay-type":"","overlay-color":"","overlay-opacity":"","overlay-gradient":""},"mobile":{"background-color":"","background-image":"","background-repeat":"repeat","background-position":"center center","background-size":"auto","background-attachment":"scroll","background-type":"","background-media":"","overlay-type":"","overlay-color":"","overlay-opacity":"","overlay-gradient":""}},"ast-content-background-meta":{"desktop":{"background-color":"var(--ast-global-color-5)","background-image":"","background-repeat":"repeat","background-position":"center center","background-size":"auto","background-attachment":"scroll","background-type":"","background-media":"","overlay-type":"","overlay-color":"","overlay-opacity":"","overlay-gradient":""},"tablet":{"background-color":"var(--ast-global-color-5)","background-image":"","background-repeat":"repeat","background-position":"center center","background-size":"auto","background-attachment":"scroll","background-type":"","background-media":"","overlay-type":"","overlay-color":"","overlay-opacity":"","overlay-gradient":""},"mobile":{"background-color":"var(--ast-global-color-5)","background-image":"","background-repeat":"repeat","background-position":"center center","background-size":"auto","background-attachment":"scroll","background-type":"","background-media":"","overlay-type":"","overlay-color":"","overlay-opacity":"","overlay-gradient":""}},"footnotes":""},"categories":[19,11],"tags":[],"class_list":["post-243","post","type-post","status-publish","format-standard","has-post-thumbnail","hentry","category-bart","category-haare"],"acf":[],"yoast_head":"<!-- This site is optimized with the Yoast SEO Premium plugin v20.12 (Yoast SEO v27.4) - https:\/\/yoast.com\/product\/yoast-seo-premium-wordpress\/ -->\n<title>3 Tage Bart Style: 5 Schritte zum kurzem Stoppelbart-Look<\/title>\n<meta name=\"description\" content=\"Der 3 Tage Bart ist nach wie vor in Mode. Mit diesen 5 Schritten kommen Sie zu Ihren optimalen 3-Tage-Bart-Look\" \/>\n<meta name=\"robots\" content=\"index, follow, max-snippet:-1, max-image-preview:large, max-video-preview:-1\" \/>\n<link rel=\"canonical\" href=\"https:\/\/neshio.de\/it\/barba-di-3-giorni\/\" \/>\n<meta property=\"og:locale\" content=\"it_IT\" \/>\n<meta property=\"og:type\" content=\"article\" \/>\n<meta property=\"og:title\" content=\"3 Tage Bart Style: 5 Schritte zum kurzem Stoppelbart-Look\" \/>\n<meta property=\"og:description\" content=\"Der 3 Tage Bart ist nach wie vor in Mode. Mit diesen 5 Schritten kommen Sie zu Ihren optimalen 3-Tage-Bart-Look\" \/>\n<meta property=\"og:url\" content=\"https:\/\/neshio.de\/it\/barba-di-3-giorni\/\" \/>\n<meta property=\"og:site_name\" content=\"NESHIO\" \/>\n<meta property=\"article:publisher\" content=\"https:\/\/www.facebook.com\/Neshio.Official\" \/>\n<meta property=\"article:published_time\" content=\"2023-07-07T00:32:00+00:00\" \/>\n<meta property=\"article:modified_time\" content=\"2023-07-08T04:32:34+00:00\" \/>\n<meta property=\"og:image\" content=\"https:\/\/neshio.de\/wp-content\/uploads\/2021\/11\/3-Tage-Bart.jpg\" \/>\n\t<meta property=\"og:image:width\" content=\"900\" \/>\n\t<meta property=\"og:image:height\" content=\"671\" \/>\n\t<meta property=\"og:image:type\" content=\"image\/jpeg\" \/>\n<meta name=\"author\" content=\"Marcel Allen\" \/>\n<meta name=\"twitter:card\" content=\"summary_large_image\" \/>\n<meta name=\"twitter:label1\" content=\"Scritto da\" \/>\n\t<meta name=\"twitter:data1\" content=\"Marcel Allen\" \/>\n\t<meta name=\"twitter:label2\" content=\"Tempo di lettura stimato\" \/>\n\t<meta name=\"twitter:data2\" content=\"4 minuti\" \/>\n<script type=\"application\/ld+json\" class=\"yoast-schema-graph\">{\"@context\":\"https:\\\/\\\/schema.org\",\"@graph\":[{\"@type\":\"Article\",\"@id\":\"https:\\\/\\\/neshio.de\\\/3-tage-bart\\\/#article\",\"isPartOf\":{\"@id\":\"https:\\\/\\\/neshio.de\\\/3-tage-bart\\\/\"},\"author\":{\"name\":\"Marcel Allen\",\"@id\":\"https:\\\/\\\/neshio.de\\\/#\\\/schema\\\/person\\\/40429a2e11b2dfabdafb9a63921ad6c3\"},\"headline\":\"3 Tage Bart Style: 5 Schritte zum kurzem Stoppelbart-Look\",\"datePublished\":\"2023-07-07T00:32:00+00:00\",\"dateModified\":\"2023-07-08T04:32:34+00:00\",\"mainEntityOfPage\":{\"@id\":\"https:\\\/\\\/neshio.de\\\/3-tage-bart\\\/\"},\"wordCount\":694,\"publisher\":{\"@id\":\"https:\\\/\\\/neshio.de\\\/#organization\"},\"image\":{\"@id\":\"https:\\\/\\\/neshio.de\\\/3-tage-bart\\\/#primaryimage\"},\"thumbnailUrl\":\"https:\\\/\\\/neshio.de\\\/wp-content\\\/uploads\\\/2021\\\/11\\\/3-Tage-Bart.jpg\",\"articleSection\":[\"Bart\",\"Haare\"],\"inLanguage\":\"it-IT\"},{\"@type\":\"WebPage\",\"@id\":\"https:\\\/\\\/neshio.de\\\/3-tage-bart\\\/\",\"url\":\"https:\\\/\\\/neshio.de\\\/3-tage-bart\\\/\",\"name\":\"3 Tage Bart Style: 5 Schritte zum kurzem Stoppelbart-Look\",\"isPartOf\":{\"@id\":\"https:\\\/\\\/neshio.de\\\/#website\"},\"primaryImageOfPage\":{\"@id\":\"https:\\\/\\\/neshio.de\\\/3-tage-bart\\\/#primaryimage\"},\"image\":{\"@id\":\"https:\\\/\\\/neshio.de\\\/3-tage-bart\\\/#primaryimage\"},\"thumbnailUrl\":\"https:\\\/\\\/neshio.de\\\/wp-content\\\/uploads\\\/2021\\\/11\\\/3-Tage-Bart.jpg\",\"datePublished\":\"2023-07-07T00:32:00+00:00\",\"dateModified\":\"2023-07-08T04:32:34+00:00\",\"description\":\"Der 3 Tage Bart ist nach wie vor in Mode. Mit diesen 5 Schritten kommen Sie zu Ihren optimalen 3-Tage-Bart-Look\",\"breadcrumb\":{\"@id\":\"https:\\\/\\\/neshio.de\\\/3-tage-bart\\\/#breadcrumb\"},\"inLanguage\":\"it-IT\",\"potentialAction\":[{\"@type\":\"ReadAction\",\"target\":[\"https:\\\/\\\/neshio.de\\\/3-tage-bart\\\/\"]}]},{\"@type\":\"ImageObject\",\"inLanguage\":\"it-IT\",\"@id\":\"https:\\\/\\\/neshio.de\\\/3-tage-bart\\\/#primaryimage\",\"url\":\"https:\\\/\\\/neshio.de\\\/wp-content\\\/uploads\\\/2021\\\/11\\\/3-Tage-Bart.jpg\",\"contentUrl\":\"https:\\\/\\\/neshio.de\\\/wp-content\\\/uploads\\\/2021\\\/11\\\/3-Tage-Bart.jpg\",\"width\":900,\"height\":671,\"caption\":\"3-Tage-Bart\"},{\"@type\":\"BreadcrumbList\",\"@id\":\"https:\\\/\\\/neshio.de\\\/3-tage-bart\\\/#breadcrumb\",\"itemListElement\":[{\"@type\":\"ListItem\",\"position\":1,\"name\":\"NESHIO\",\"item\":\"https:\\\/\\\/neshio.de\\\/\"},{\"@type\":\"ListItem\",\"position\":2,\"name\":\"Haare\",\"item\":\"https:\\\/\\\/neshio.de\\\/haare\\\/\"},{\"@type\":\"ListItem\",\"position\":3,\"name\":\"3 Tage Bart Style: 5 Schritte zum kurzem Stoppelbart-Look\"}]},{\"@type\":\"WebSite\",\"@id\":\"https:\\\/\\\/neshio.de\\\/#website\",\"url\":\"https:\\\/\\\/neshio.de\\\/\",\"name\":\"NESHIO\",\"description\":\"Beauty und Gesundheit\",\"publisher\":{\"@id\":\"https:\\\/\\\/neshio.de\\\/#organization\"},\"potentialAction\":[{\"@type\":\"SearchAction\",\"target\":{\"@type\":\"EntryPoint\",\"urlTemplate\":\"https:\\\/\\\/neshio.de\\\/?s={search_term_string}\"},\"query-input\":{\"@type\":\"PropertyValueSpecification\",\"valueRequired\":true,\"valueName\":\"search_term_string\"}}],\"inLanguage\":\"it-IT\"},{\"@type\":\"Organization\",\"@id\":\"https:\\\/\\\/neshio.de\\\/#organization\",\"name\":\"NESHIO\",\"url\":\"https:\\\/\\\/neshio.de\\\/\",\"logo\":{\"@type\":\"ImageObject\",\"inLanguage\":\"it-IT\",\"@id\":\"https:\\\/\\\/neshio.de\\\/#\\\/schema\\\/logo\\\/image\\\/\",\"url\":\"https:\\\/\\\/neshio.de\\\/wp-content\\\/uploads\\\/2021\\\/04\\\/Neshio-Logo.png\",\"contentUrl\":\"https:\\\/\\\/neshio.de\\\/wp-content\\\/uploads\\\/2021\\\/04\\\/Neshio-Logo.png\",\"width\":247,\"height\":46,\"caption\":\"NESHIO\"},\"image\":{\"@id\":\"https:\\\/\\\/neshio.de\\\/#\\\/schema\\\/logo\\\/image\\\/\"},\"sameAs\":[\"https:\\\/\\\/www.facebook.com\\\/Neshio.Official\",\"https:\\\/\\\/www.instagram.com\\\/neshio_official\\\/\"]},{\"@type\":\"Person\",\"@id\":\"https:\\\/\\\/neshio.de\\\/#\\\/schema\\\/person\\\/40429a2e11b2dfabdafb9a63921ad6c3\",\"name\":\"Marcel Allen\",\"image\":{\"@type\":\"ImageObject\",\"inLanguage\":\"it-IT\",\"@id\":\"https:\\\/\\\/secure.gravatar.com\\\/avatar\\\/2456d61256291341b53118995cf048c808cc5273344b5c0a265b839ad51c85a9?s=96&d=mm&r=g\",\"url\":\"https:\\\/\\\/secure.gravatar.com\\\/avatar\\\/2456d61256291341b53118995cf048c808cc5273344b5c0a265b839ad51c85a9?s=96&d=mm&r=g\",\"contentUrl\":\"https:\\\/\\\/secure.gravatar.com\\\/avatar\\\/2456d61256291341b53118995cf048c808cc5273344b5c0a265b839ad51c85a9?s=96&d=mm&r=g\",\"caption\":\"Marcel Allen\"}}]}<\/script>\n<!-- \/ Yoast SEO Premium plugin. -->","yoast_head_json":{"title":"Stile di barba in 3 giorni: 5 passi per un look da barba a pelo corto","description":"La barba di 3 giorni \u00e8 ancora di moda. Con questi 5 passaggi otterrete il vostro look ottimale per la barba di 3 giorni","robots":{"index":"index","follow":"follow","max-snippet":"max-snippet:-1","max-image-preview":"max-image-preview:large","max-video-preview":"max-video-preview:-1"},"canonical":"https:\/\/neshio.de\/it\/barba-di-3-giorni\/","og_locale":"it_IT","og_type":"article","og_title":"3 Tage Bart Style: 5 Schritte zum kurzem Stoppelbart-Look","og_description":"Der 3 Tage Bart ist nach wie vor in Mode. Mit diesen 5 Schritten kommen Sie zu Ihren optimalen 3-Tage-Bart-Look","og_url":"https:\/\/neshio.de\/it\/barba-di-3-giorni\/","og_site_name":"NESHIO","article_publisher":"https:\/\/www.facebook.com\/Neshio.Official","article_published_time":"2023-07-07T00:32:00+00:00","article_modified_time":"2023-07-08T04:32:34+00:00","og_image":[{"width":900,"height":671,"url":"https:\/\/neshio.de\/wp-content\/uploads\/2021\/11\/3-Tage-Bart.jpg","type":"image\/jpeg"}],"author":"Marcel Allen","twitter_card":"summary_large_image","twitter_misc":{"Scritto da":"Marcel Allen","Tempo di lettura stimato":"4 minuti"},"schema":{"@context":"https:\/\/schema.org","@graph":[{"@type":"Article","@id":"https:\/\/neshio.de\/3-tage-bart\/#article","isPartOf":{"@id":"https:\/\/neshio.de\/3-tage-bart\/"},"author":{"name":"Marcel Allen","@id":"https:\/\/neshio.de\/#\/schema\/person\/40429a2e11b2dfabdafb9a63921ad6c3"},"headline":"3 Tage Bart Style: 5 Schritte zum kurzem Stoppelbart-Look","datePublished":"2023-07-07T00:32:00+00:00","dateModified":"2023-07-08T04:32:34+00:00","mainEntityOfPage":{"@id":"https:\/\/neshio.de\/3-tage-bart\/"},"wordCount":694,"publisher":{"@id":"https:\/\/neshio.de\/#organization"},"image":{"@id":"https:\/\/neshio.de\/3-tage-bart\/#primaryimage"},"thumbnailUrl":"https:\/\/neshio.de\/wp-content\/uploads\/2021\/11\/3-Tage-Bart.jpg","articleSection":["Bart","Haare"],"inLanguage":"it-IT"},{"@type":"WebPage","@id":"https:\/\/neshio.de\/3-tage-bart\/","url":"https:\/\/neshio.de\/3-tage-bart\/","name":"Stile di barba in 3 giorni: 5 passi per un look da barba a pelo corto","isPartOf":{"@id":"https:\/\/neshio.de\/#website"},"primaryImageOfPage":{"@id":"https:\/\/neshio.de\/3-tage-bart\/#primaryimage"},"image":{"@id":"https:\/\/neshio.de\/3-tage-bart\/#primaryimage"},"thumbnailUrl":"https:\/\/neshio.de\/wp-content\/uploads\/2021\/11\/3-Tage-Bart.jpg","datePublished":"2023-07-07T00:32:00+00:00","dateModified":"2023-07-08T04:32:34+00:00","description":"La barba di 3 giorni \u00e8 ancora di moda. Con questi 5 passaggi otterrete il vostro look ottimale per la barba di 3 giorni","breadcrumb":{"@id":"https:\/\/neshio.de\/3-tage-bart\/#breadcrumb"},"inLanguage":"it-IT","potentialAction":[{"@type":"ReadAction","target":["https:\/\/neshio.de\/3-tage-bart\/"]}]},{"@type":"ImageObject","inLanguage":"it-IT","@id":"https:\/\/neshio.de\/3-tage-bart\/#primaryimage","url":"https:\/\/neshio.de\/wp-content\/uploads\/2021\/11\/3-Tage-Bart.jpg","contentUrl":"https:\/\/neshio.de\/wp-content\/uploads\/2021\/11\/3-Tage-Bart.jpg","width":900,"height":671,"caption":"3-Tage-Bart"},{"@type":"BreadcrumbList","@id":"https:\/\/neshio.de\/3-tage-bart\/#breadcrumb","itemListElement":[{"@type":"ListItem","position":1,"name":"NESHIO","item":"https:\/\/neshio.de\/"},{"@type":"ListItem","position":2,"name":"Haare","item":"https:\/\/neshio.de\/haare\/"},{"@type":"ListItem","position":3,"name":"3 Tage Bart Style: 5 Schritte zum kurzem Stoppelbart-Look"}]},{"@type":"WebSite","@id":"https:\/\/neshio.de\/#website","url":"https:\/\/neshio.de\/","name":"NESHIO","description":"Bellezza e salute","publisher":{"@id":"https:\/\/neshio.de\/#organization"},"potentialAction":[{"@type":"SearchAction","target":{"@type":"EntryPoint","urlTemplate":"https:\/\/neshio.de\/?s={search_term_string}"},"query-input":{"@type":"PropertyValueSpecification","valueRequired":true,"valueName":"search_term_string"}}],"inLanguage":"it-IT"},{"@type":"Organization","@id":"https:\/\/neshio.de\/#organization","name":"NESHIO","url":"https:\/\/neshio.de\/","logo":{"@type":"ImageObject","inLanguage":"it-IT","@id":"https:\/\/neshio.de\/#\/schema\/logo\/image\/","url":"https:\/\/neshio.de\/wp-content\/uploads\/2021\/04\/Neshio-Logo.png","contentUrl":"https:\/\/neshio.de\/wp-content\/uploads\/2021\/04\/Neshio-Logo.png","width":247,"height":46,"caption":"NESHIO"},"image":{"@id":"https:\/\/neshio.de\/#\/schema\/logo\/image\/"},"sameAs":["https:\/\/www.facebook.com\/Neshio.Official","https:\/\/www.instagram.com\/neshio_official\/"]},{"@type":"Person","@id":"https:\/\/neshio.de\/#\/schema\/person\/40429a2e11b2dfabdafb9a63921ad6c3","name":"Marcel Allen","image":{"@type":"ImageObject","inLanguage":"it-IT","@id":"https:\/\/secure.gravatar.com\/avatar\/2456d61256291341b53118995cf048c808cc5273344b5c0a265b839ad51c85a9?s=96&d=mm&r=g","url":"https:\/\/secure.gravatar.com\/avatar\/2456d61256291341b53118995cf048c808cc5273344b5c0a265b839ad51c85a9?s=96&d=mm&r=g","contentUrl":"https:\/\/secure.gravatar.com\/avatar\/2456d61256291341b53118995cf048c808cc5273344b5c0a265b839ad51c85a9?s=96&d=mm&r=g","caption":"Marcel Allen"}}]}},"uagb_featured_image_src":{"full":["https:\/\/neshio.de\/wp-content\/uploads\/2021\/11\/3-Tage-Bart.jpg",900,671,false],"thumbnail":["https:\/\/neshio.de\/wp-content\/uploads\/2021\/11\/3-Tage-Bart-150x150.jpg",150,150,true],"medium":["https:\/\/neshio.de\/wp-content\/uploads\/2021\/11\/3-Tage-Bart-300x224.jpg",300,224,true],"medium_large":["https:\/\/neshio.de\/wp-content\/uploads\/2021\/11\/3-Tage-Bart-768x573.jpg",768,573,true],"large":["https:\/\/neshio.de\/wp-content\/uploads\/2021\/11\/3-Tage-Bart.jpg",900,671,false],"1536x1536":["https:\/\/neshio.de\/wp-content\/uploads\/2021\/11\/3-Tage-Bart.jpg",900,671,false],"2048x2048":["https:\/\/neshio.de\/wp-content\/uploads\/2021\/11\/3-Tage-Bart.jpg",900,671,false],"trp-custom-language-flag":["https:\/\/neshio.de\/wp-content\/uploads\/2021\/11\/3-Tage-Bart.jpg",16,12,false]},"uagb_author_info":{"display_name":"Marcel Allen","author_link":"https:\/\/neshio.de\/it\/author\/marcel-allen\/"},"uagb_comment_info":0,"uagb_excerpt":"Der 3-Tage-Bart Es gibt viele Gr\u00fcnde, sich f\u00fcr einen 3-Tage-Stoppelbart zu entscheiden. Erstens ist er einfach zu erreichen und zu [&hellip;]","_links":{"self":[{"href":"https:\/\/neshio.de\/it\/wp-json\/wp\/v2\/posts\/243","targetHints":{"allow":["GET"]}}],"collection":[{"href":"https:\/\/neshio.de\/it\/wp-json\/wp\/v2\/posts"}],"about":[{"href":"https:\/\/neshio.de\/it\/wp-json\/wp\/v2\/types\/post"}],"author":[{"embeddable":true,"href":"https:\/\/neshio.de\/it\/wp-json\/wp\/v2\/users\/3"}],"replies":[{"embeddable":true,"href":"https:\/\/neshio.de\/it\/wp-json\/wp\/v2\/comments?post=243"}],"version-history":[{"count":12,"href":"https:\/\/neshio.de\/it\/wp-json\/wp\/v2\/posts\/243\/revisions"}],"predecessor-version":[{"id":343,"href":"https:\/\/neshio.de\/it\/wp-json\/wp\/v2\/posts\/243\/revisions\/343"}],"wp:featuredmedia":[{"embeddable":true,"href":"https:\/\/neshio.de\/it\/wp-json\/wp\/v2\/media\/262"}],"wp:attachment":[{"href":"https:\/\/neshio.de\/it\/wp-json\/wp\/v2\/media?parent=243"}],"wp:term":[{"taxonomy":"category","embeddable":true,"href":"https:\/\/neshio.de\/it\/wp-json\/wp\/v2\/categories?post=243"},{"taxonomy":"post_tag","embeddable":true,"href":"https:\/\/neshio.de\/it\/wp-json\/wp\/v2\/tags?post=243"}],"curies":[{"name":"wp","href":"https:\/\/api.w.org\/{rel}","templated":true}]}}