{"id":166,"date":"2023-07-07T08:29:52","date_gmt":"2023-07-07T08:29:52","guid":{"rendered":"https:\/\/neshio.de\/?p=166"},"modified":"2023-07-08T04:30:02","modified_gmt":"2023-07-08T04:30:02","slug":"vitamin-a-mangel-symptome","status":"publish","type":"post","link":"https:\/\/neshio.de\/it\/sintomi-di-carenza-di-vitamina-a\/","title":{"rendered":"6 sintomi che possono essere un segno di carenza di vitamina A"},"content":{"rendered":"<h2 class=\"wp-block-heading\">Perch\u00e9 la vitamina A?<\/h2>\n\n\n\n<p>Quando si tratta di mantenersi in salute e di assicurarsi che il nostro corpo funzioni in modo ottimale, la vitamina A \u00e8 molto importante. La vitamina A ci aiuta nella visione, nel sistema immunitario, nella riproduzione e nel metabolismo, oltre che nel funzionamento di cuore, polmoni, reni e cervello. Ma non solo: la vitamina A ha anche propriet\u00e0 antiossidanti in grado di proteggere le cellule dai danni dei radicali liberi.<\/p>\n\n\n\n<p>La vitamina A si trova in molti alimenti diversi, come il salmone, gli spinaci e altre verdure a foglia, il latte, il formaggio, il tuorlo d'uovo, le carni d'organo, il fegato di manzo, i broccoli, la zucca, le carote, il melone, il mango e le albicocche. Inoltre, alcuni cereali per la colazione sono arricchiti con vitamina A.<\/p>\n\n\n\n<p>Le donne adulte dovrebbero consumare circa 700 microgrammi (mcg) di vitamina A al giorno, mentre la raccomandazione per gli uomini \u00e8 di circa 900 microgrammi (mcg) al giorno. La carenza di vitamina A \u00e8 prevalentemente elevata nei Paesi in via di sviluppo. Le persone con problemi di digestione delle vitamine liposolubili possono essere a maggior rischio di carenza di vitamina A.<\/p>\n\n\n\n<h2 class=\"wp-block-heading\">Preparati a base di vitamina A<\/h2>\n\n\n\n<p>Non siete sicuri di dover assumere integratori di vitamina A? Una quantit\u00e0 sufficiente di vitamina A pu\u00f2 essere assunta solo attraverso gli alimenti. Tuttavia, poich\u00e9 la vitamina A non deve essere sovradosata, l'assunzione di integratori non \u00e8 consigliata. Una quantit\u00e0 eccessiva di vitamina A pu\u00f2 essere dannosa, ma alcune persone possono aver bisogno di integratori di vitamina A. Tuttavia, le persone che soffrono di malnutrizione, di malattie del pancreas, di malattie infiammatorie o di morbillo possono trarre beneficio da un'integrazione di vitamina A.<\/p>\n\n\n\n<p>Se si assume troppa vitamina A sotto forma di integratori, si possono avere nausea, vomito, visione offuscata e vertigini. A lungo termine, l'assunzione di una quantit\u00e0 eccessiva di vitamina A pu\u00f2 provocare sintomi quali irritazione della pelle, dolori articolari e ossei, difetti congeniti, assottigliamento delle ossa, danni al fegato e altro ancora.<\/p>\n\n\n\n<p>Se si teme di avere una carenza di vitamina A, chiedere al medico un esame del sangue per determinare i livelli di retinolo o beta-carotene. L'organismo regola i livelli di vitamina A perch\u00e9 questo nutriente viene immagazzinato nel fegato. Quando il fegato \u00e8 esaurito, il livello di vitamina A \u00e8 basso.<\/p>\n\n\n\n<p>Sebbene la carenza di vitamina A sia piuttosto rara, ecco alcuni sintomi che potrebbero indicare che non ne state assumendo a sufficienza.<\/p>\n\n\n\n<h2 class=\"wp-block-heading\">Sintomi di carenza di vitamina A<\/h2>\n\n\n\n<h3 class=\"wp-block-heading\">1 Occhi secchi<\/h3>\n\n\n\n<p>La secchezza oculare pu\u00f2 essere uno dei primi segni di carenza di vitamina A. I nostri occhi sono ricoperti da uno strato di fluido chiamato film lacrimale, che protegge e lubrifica gli occhi mantenendo la superficie dell'occhio pulita.<\/p>\n\n\n\n<p>Un film lacrimale sano e regolare \u00e8 necessario per vedere bene. Quando la luce colpisce la cornea e il film lacrimale \u00e8 irregolare, la luce viene dispersa. Se il film lacrimale non \u00e8 di buona qualit\u00e0, possono comparire i sintomi dell'occhio secco. Uno dei primi segni di carenza di vitamina A sono le cosiddette macchie di Bitot, lesioni bianche e schiumose sulla cornea.<\/p>\n\n\n\n<h3 class=\"wp-block-heading\">2 Cecit\u00e0 notturna<\/h3>\n\n\n\n<p>La cecit\u00e0 notturna \u00e8 un altro segno precoce della carenza di vitamina A. La vitamina A \u00e8 un componente importante della rodopsina, una proteina che assorbe la luce nella retina. La rodopsina \u00e8 la parte \"verga\" dei \"bastoncelli e dei coni\" ed \u00e8 fondamentale per la visione notturna.<\/p>\n\n\n\n<h3 class=\"wp-block-heading\">3 Problemi di guarigione delle ferite<\/h3>\n\n\n\n<p>La vitamina A \u00e8 un componente importante per una buona guarigione delle ferite. Uno dei motivi \u00e8 che la vitamina A smorza la risposta infiammatoria dell'organismo e pu\u00f2 aiutare a controllare l'infiammazione eccessiva. Senza una quantit\u00e0 sufficiente di vitamina A, l'organismo non pu\u00f2 guarire correttamente.<\/p>\n\n\n\n<h3 class=\"wp-block-heading\">4 Aumento delle infezioni al petto, alla gola e alle vie respiratorie.<\/h3>\n\n\n\n<p>La carenza di vitamina A pu\u00f2 essere associata a infezioni alla gola, alle vie respiratorie e al torace. Tuttavia, non bisogna ricorrere agli integratori di vitamina A solo per questo motivo: sono necessarie ulteriori ricerche in questo campo e l'assunzione di integratori pu\u00f2 avere effetti collaterali piuttosto gravi se non si \u00e8 carenti.<\/p>\n\n\n\n<p>Si ritiene che la vitamina A abbia un effetto protettivo contro l'infiammazione eccessiva associata ad agenti patogeni invasivi come raffreddori e infezioni. La vitamina A pu\u00f2 contribuire alla protezione modulando l'infiammazione.<\/p>\n\n\n\n<h3 class=\"wp-block-heading\">5 Pelle secca<\/h3>\n\n\n\n<p>La carenza di vitamina A non \u00e8 certo l'unica causa di pelle secca, eczema e altri problemi cutanei, ma pu\u00f2 svolgere un ruolo importante. Quando si esaminano gli ingredienti dei prodotti per la cura della pelle, il retinolo \u00e8 un termine abbastanza comune. Si scopre che il retinolo deriva dalla vitamina A e ha molti benefici per la pelle, come la riduzione delle rughe, la levigazione della grana della pelle e altro ancora. Comprendendo questo legame, \u00e8 logico che una carenza di vitamina A possa avere un ruolo nei problemi della pelle.<\/p>\n\n\n\n<p>La pelle contiene recettori retinoidi e un adeguato apporto di vitamina A contribuisce alla formazione di nuove cellule cutanee, alla riduzione delle infiammazioni e alla prevenzione della secchezza. Un apporto insufficiente di questa vitamina pu\u00f2 quindi portare alla secchezza cutanea.<\/p>\n\n\n\n<h3 class=\"wp-block-heading\">6 Problemi di fertilit\u00e0<\/h3>\n\n\n\n<p>Studi sugli animali hanno dimostrato che la carenza di vitamina A pu\u00f2 essere associata all'infertilit\u00e0. Sappiamo che la vitamina A svolge un ruolo in diversi processi riproduttivi, ma sono necessarie ulteriori ricerche in questo campo per scoprire se la carenza di vitamina A \u00e8 legata a problemi di fertilit\u00e0 sia negli uomini che nelle donne.<\/p>","protected":false},"excerpt":{"rendered":"<p>Warum Vitamin A? Wenn es darum geht, gesund zu bleiben und daf\u00fcr zu sorgen, dass unser K\u00f6rper optimal funktioniert, ist [&hellip;]<\/p>\n","protected":false},"author":2,"featured_media":174,"comment_status":"closed","ping_status":"open","sticky":false,"template":"","format":"standard","meta":{"_acf_changed":false,"_uag_custom_page_level_css":"","site-sidebar-layout":"default","site-content-layout":"","ast-site-content-layout":"default","site-content-style":"default","site-sidebar-style":"default","ast-global-header-display":"","ast-banner-title-visibility":"","ast-main-header-display":"","ast-hfb-above-header-display":"","ast-hfb-below-header-display":"","ast-hfb-mobile-header-display":"","site-post-title":"","ast-breadcrumbs-content":"","ast-featured-img":"","footer-sml-layout":"","ast-disable-related-posts":"","theme-transparent-header-meta":"","adv-header-id-meta":"","stick-header-meta":"","header-above-stick-meta":"","header-main-stick-meta":"","header-below-stick-meta":"","astra-migrate-meta-layouts":"default","ast-page-background-enabled":"default","ast-page-background-meta":{"desktop":{"background-color":"","background-image":"","background-repeat":"repeat","background-position":"center center","background-size":"auto","background-attachment":"scroll","background-type":"","background-media":"","overlay-type":"","overlay-color":"","overlay-opacity":"","overlay-gradient":""},"tablet":{"background-color":"","background-image":"","background-repeat":"repeat","background-position":"center center","background-size":"auto","background-attachment":"scroll","background-type":"","background-media":"","overlay-type":"","overlay-color":"","overlay-opacity":"","overlay-gradient":""},"mobile":{"background-color":"","background-image":"","background-repeat":"repeat","background-position":"center center","background-size":"auto","background-attachment":"scroll","background-type":"","background-media":"","overlay-type":"","overlay-color":"","overlay-opacity":"","overlay-gradient":""}},"ast-content-background-meta":{"desktop":{"background-color":"var(--ast-global-color-5)","background-image":"","background-repeat":"repeat","background-position":"center center","background-size":"auto","background-attachment":"scroll","background-type":"","background-media":"","overlay-type":"","overlay-color":"","overlay-opacity":"","overlay-gradient":""},"tablet":{"background-color":"var(--ast-global-color-5)","background-image":"","background-repeat":"repeat","background-position":"center center","background-size":"auto","background-attachment":"scroll","background-type":"","background-media":"","overlay-type":"","overlay-color":"","overlay-opacity":"","overlay-gradient":""},"mobile":{"background-color":"var(--ast-global-color-5)","background-image":"","background-repeat":"repeat","background-position":"center center","background-size":"auto","background-attachment":"scroll","background-type":"","background-media":"","overlay-type":"","overlay-color":"","overlay-opacity":"","overlay-gradient":""}},"footnotes":""},"categories":[17,16],"tags":[],"class_list":["post-166","post","type-post","status-publish","format-standard","has-post-thumbnail","hentry","category-ernaehrung","category-gesundheit"],"acf":[],"yoast_head":"<!-- This site is optimized with the Yoast SEO Premium plugin v20.12 (Yoast SEO v27.4) - https:\/\/yoast.com\/product\/yoast-seo-premium-wordpress\/ -->\n<title>Vitamin A Mangel Symptome: 6 Anzeichen und was tun?<\/title>\n<meta name=\"description\" content=\"Was f\u00fcr Symptome hat man bei Vitamin A Mangel? Um daf\u00fcr zu sorgen, dass unser K\u00f6rper optimal funktioniert ist Vitamin A wichtig.\" \/>\n<meta name=\"robots\" content=\"index, follow, max-snippet:-1, max-image-preview:large, max-video-preview:-1\" \/>\n<link rel=\"canonical\" href=\"https:\/\/neshio.de\/it\/sintomi-di-carenza-di-vitamina-a\/\" \/>\n<meta property=\"og:locale\" content=\"it_IT\" \/>\n<meta property=\"og:type\" content=\"article\" \/>\n<meta property=\"og:title\" content=\"6 Symptome, die ein Zeichen f\u00fcr einen Vitamin-A-Mangel sein k\u00f6nnen\" \/>\n<meta property=\"og:description\" content=\"Was f\u00fcr Symptome hat man bei Vitamin A Mangel? Um daf\u00fcr zu sorgen, dass unser K\u00f6rper optimal funktioniert ist Vitamin A wichtig.\" \/>\n<meta property=\"og:url\" content=\"https:\/\/neshio.de\/it\/sintomi-di-carenza-di-vitamina-a\/\" \/>\n<meta property=\"og:site_name\" content=\"NESHIO\" \/>\n<meta property=\"article:publisher\" content=\"https:\/\/www.facebook.com\/Neshio.Official\" \/>\n<meta property=\"article:published_time\" content=\"2023-07-07T08:29:52+00:00\" \/>\n<meta property=\"article:modified_time\" content=\"2023-07-08T04:30:02+00:00\" \/>\n<meta property=\"og:image\" content=\"https:\/\/neshio.de\/wp-content\/uploads\/2021\/11\/vitamin-a-mangel-symptome.jpg\" \/>\n\t<meta property=\"og:image:width\" content=\"900\" \/>\n\t<meta property=\"og:image:height\" content=\"671\" \/>\n\t<meta property=\"og:image:type\" content=\"image\/jpeg\" \/>\n<meta name=\"author\" content=\"Sophie Anderson\" \/>\n<meta name=\"twitter:card\" content=\"summary_large_image\" \/>\n<meta name=\"twitter:label1\" content=\"Scritto da\" \/>\n\t<meta name=\"twitter:data1\" content=\"Sophie Anderson\" \/>\n\t<meta name=\"twitter:label2\" content=\"Tempo di lettura stimato\" \/>\n\t<meta name=\"twitter:data2\" content=\"5 minuti\" \/>\n<script type=\"application\/ld+json\" class=\"yoast-schema-graph\">{\"@context\":\"https:\\\/\\\/schema.org\",\"@graph\":[{\"@type\":\"Article\",\"@id\":\"https:\\\/\\\/neshio.de\\\/vitamin-a-mangel-symptome\\\/#article\",\"isPartOf\":{\"@id\":\"https:\\\/\\\/neshio.de\\\/vitamin-a-mangel-symptome\\\/\"},\"author\":{\"name\":\"Sophie Anderson\",\"@id\":\"https:\\\/\\\/neshio.de\\\/#\\\/schema\\\/person\\\/b200f62173b05950188360ca99c9035a\"},\"headline\":\"6 Symptome, die ein Zeichen f\u00fcr einen Vitamin-A-Mangel sein k\u00f6nnen\",\"datePublished\":\"2023-07-07T08:29:52+00:00\",\"dateModified\":\"2023-07-08T04:30:02+00:00\",\"mainEntityOfPage\":{\"@id\":\"https:\\\/\\\/neshio.de\\\/vitamin-a-mangel-symptome\\\/\"},\"wordCount\":891,\"publisher\":{\"@id\":\"https:\\\/\\\/neshio.de\\\/#organization\"},\"image\":{\"@id\":\"https:\\\/\\\/neshio.de\\\/vitamin-a-mangel-symptome\\\/#primaryimage\"},\"thumbnailUrl\":\"https:\\\/\\\/neshio.de\\\/wp-content\\\/uploads\\\/2021\\\/11\\\/vitamin-a-mangel-symptome.jpg\",\"articleSection\":[\"Ern\u00e4hrung\",\"Gesundheit\"],\"inLanguage\":\"it-IT\"},{\"@type\":\"WebPage\",\"@id\":\"https:\\\/\\\/neshio.de\\\/vitamin-a-mangel-symptome\\\/\",\"url\":\"https:\\\/\\\/neshio.de\\\/vitamin-a-mangel-symptome\\\/\",\"name\":\"Vitamin A Mangel Symptome: 6 Anzeichen und was tun?\",\"isPartOf\":{\"@id\":\"https:\\\/\\\/neshio.de\\\/#website\"},\"primaryImageOfPage\":{\"@id\":\"https:\\\/\\\/neshio.de\\\/vitamin-a-mangel-symptome\\\/#primaryimage\"},\"image\":{\"@id\":\"https:\\\/\\\/neshio.de\\\/vitamin-a-mangel-symptome\\\/#primaryimage\"},\"thumbnailUrl\":\"https:\\\/\\\/neshio.de\\\/wp-content\\\/uploads\\\/2021\\\/11\\\/vitamin-a-mangel-symptome.jpg\",\"datePublished\":\"2023-07-07T08:29:52+00:00\",\"dateModified\":\"2023-07-08T04:30:02+00:00\",\"description\":\"Was f\u00fcr Symptome hat man bei Vitamin A Mangel? Um daf\u00fcr zu sorgen, dass unser K\u00f6rper optimal funktioniert ist Vitamin A wichtig.\",\"breadcrumb\":{\"@id\":\"https:\\\/\\\/neshio.de\\\/vitamin-a-mangel-symptome\\\/#breadcrumb\"},\"inLanguage\":\"it-IT\",\"potentialAction\":[{\"@type\":\"ReadAction\",\"target\":[\"https:\\\/\\\/neshio.de\\\/vitamin-a-mangel-symptome\\\/\"]}]},{\"@type\":\"ImageObject\",\"inLanguage\":\"it-IT\",\"@id\":\"https:\\\/\\\/neshio.de\\\/vitamin-a-mangel-symptome\\\/#primaryimage\",\"url\":\"https:\\\/\\\/neshio.de\\\/wp-content\\\/uploads\\\/2021\\\/11\\\/vitamin-a-mangel-symptome.jpg\",\"contentUrl\":\"https:\\\/\\\/neshio.de\\\/wp-content\\\/uploads\\\/2021\\\/11\\\/vitamin-a-mangel-symptome.jpg\",\"width\":900,\"height\":671,\"caption\":\"vitamin-a-mangel-symptome\"},{\"@type\":\"BreadcrumbList\",\"@id\":\"https:\\\/\\\/neshio.de\\\/vitamin-a-mangel-symptome\\\/#breadcrumb\",\"itemListElement\":[{\"@type\":\"ListItem\",\"position\":1,\"name\":\"NESHIO\",\"item\":\"https:\\\/\\\/neshio.de\\\/\"},{\"@type\":\"ListItem\",\"position\":2,\"name\":\"Gesundheit\",\"item\":\"https:\\\/\\\/neshio.de\\\/gesundheit\\\/\"},{\"@type\":\"ListItem\",\"position\":3,\"name\":\"6 Symptome, die ein Zeichen f\u00fcr einen Vitamin-A-Mangel sein k\u00f6nnen\"}]},{\"@type\":\"WebSite\",\"@id\":\"https:\\\/\\\/neshio.de\\\/#website\",\"url\":\"https:\\\/\\\/neshio.de\\\/\",\"name\":\"NESHIO\",\"description\":\"Beauty und Gesundheit\",\"publisher\":{\"@id\":\"https:\\\/\\\/neshio.de\\\/#organization\"},\"potentialAction\":[{\"@type\":\"SearchAction\",\"target\":{\"@type\":\"EntryPoint\",\"urlTemplate\":\"https:\\\/\\\/neshio.de\\\/?s={search_term_string}\"},\"query-input\":{\"@type\":\"PropertyValueSpecification\",\"valueRequired\":true,\"valueName\":\"search_term_string\"}}],\"inLanguage\":\"it-IT\"},{\"@type\":\"Organization\",\"@id\":\"https:\\\/\\\/neshio.de\\\/#organization\",\"name\":\"NESHIO\",\"url\":\"https:\\\/\\\/neshio.de\\\/\",\"logo\":{\"@type\":\"ImageObject\",\"inLanguage\":\"it-IT\",\"@id\":\"https:\\\/\\\/neshio.de\\\/#\\\/schema\\\/logo\\\/image\\\/\",\"url\":\"https:\\\/\\\/neshio.de\\\/wp-content\\\/uploads\\\/2021\\\/04\\\/Neshio-Logo.png\",\"contentUrl\":\"https:\\\/\\\/neshio.de\\\/wp-content\\\/uploads\\\/2021\\\/04\\\/Neshio-Logo.png\",\"width\":247,\"height\":46,\"caption\":\"NESHIO\"},\"image\":{\"@id\":\"https:\\\/\\\/neshio.de\\\/#\\\/schema\\\/logo\\\/image\\\/\"},\"sameAs\":[\"https:\\\/\\\/www.facebook.com\\\/Neshio.Official\",\"https:\\\/\\\/www.instagram.com\\\/neshio_official\\\/\"]},{\"@type\":\"Person\",\"@id\":\"https:\\\/\\\/neshio.de\\\/#\\\/schema\\\/person\\\/b200f62173b05950188360ca99c9035a\",\"name\":\"Sophie Anderson\",\"image\":{\"@type\":\"ImageObject\",\"inLanguage\":\"it-IT\",\"@id\":\"https:\\\/\\\/secure.gravatar.com\\\/avatar\\\/0642c44d71b5ff914134d4fae0229a1526b62082433e6a2715882bcac0479812?s=96&d=mm&r=g\",\"url\":\"https:\\\/\\\/secure.gravatar.com\\\/avatar\\\/0642c44d71b5ff914134d4fae0229a1526b62082433e6a2715882bcac0479812?s=96&d=mm&r=g\",\"contentUrl\":\"https:\\\/\\\/secure.gravatar.com\\\/avatar\\\/0642c44d71b5ff914134d4fae0229a1526b62082433e6a2715882bcac0479812?s=96&d=mm&r=g\",\"caption\":\"Sophie Anderson\"}}]}<\/script>\n<!-- \/ Yoast SEO Premium plugin. -->","yoast_head_json":{"title":"I sintomi della carenza di vitamina A: 6 segnali e cosa fare?","description":"Quali sono i sintomi della carenza di vitamina A? La vitamina A \u00e8 importante per garantire un funzionamento ottimale del nostro organismo.","robots":{"index":"index","follow":"follow","max-snippet":"max-snippet:-1","max-image-preview":"max-image-preview:large","max-video-preview":"max-video-preview:-1"},"canonical":"https:\/\/neshio.de\/it\/sintomi-di-carenza-di-vitamina-a\/","og_locale":"it_IT","og_type":"article","og_title":"6 Symptome, die ein Zeichen f\u00fcr einen Vitamin-A-Mangel sein k\u00f6nnen","og_description":"Was f\u00fcr Symptome hat man bei Vitamin A Mangel? Um daf\u00fcr zu sorgen, dass unser K\u00f6rper optimal funktioniert ist Vitamin A wichtig.","og_url":"https:\/\/neshio.de\/it\/sintomi-di-carenza-di-vitamina-a\/","og_site_name":"NESHIO","article_publisher":"https:\/\/www.facebook.com\/Neshio.Official","article_published_time":"2023-07-07T08:29:52+00:00","article_modified_time":"2023-07-08T04:30:02+00:00","og_image":[{"width":900,"height":671,"url":"https:\/\/neshio.de\/wp-content\/uploads\/2021\/11\/vitamin-a-mangel-symptome.jpg","type":"image\/jpeg"}],"author":"Sophie Anderson","twitter_card":"summary_large_image","twitter_misc":{"Scritto da":"Sophie Anderson","Tempo di lettura stimato":"5 minuti"},"schema":{"@context":"https:\/\/schema.org","@graph":[{"@type":"Article","@id":"https:\/\/neshio.de\/vitamin-a-mangel-symptome\/#article","isPartOf":{"@id":"https:\/\/neshio.de\/vitamin-a-mangel-symptome\/"},"author":{"name":"Sophie Anderson","@id":"https:\/\/neshio.de\/#\/schema\/person\/b200f62173b05950188360ca99c9035a"},"headline":"6 Symptome, die ein Zeichen f\u00fcr einen Vitamin-A-Mangel sein k\u00f6nnen","datePublished":"2023-07-07T08:29:52+00:00","dateModified":"2023-07-08T04:30:02+00:00","mainEntityOfPage":{"@id":"https:\/\/neshio.de\/vitamin-a-mangel-symptome\/"},"wordCount":891,"publisher":{"@id":"https:\/\/neshio.de\/#organization"},"image":{"@id":"https:\/\/neshio.de\/vitamin-a-mangel-symptome\/#primaryimage"},"thumbnailUrl":"https:\/\/neshio.de\/wp-content\/uploads\/2021\/11\/vitamin-a-mangel-symptome.jpg","articleSection":["Ern\u00e4hrung","Gesundheit"],"inLanguage":"it-IT"},{"@type":"WebPage","@id":"https:\/\/neshio.de\/vitamin-a-mangel-symptome\/","url":"https:\/\/neshio.de\/vitamin-a-mangel-symptome\/","name":"I sintomi della carenza di vitamina A: 6 segnali e cosa fare?","isPartOf":{"@id":"https:\/\/neshio.de\/#website"},"primaryImageOfPage":{"@id":"https:\/\/neshio.de\/vitamin-a-mangel-symptome\/#primaryimage"},"image":{"@id":"https:\/\/neshio.de\/vitamin-a-mangel-symptome\/#primaryimage"},"thumbnailUrl":"https:\/\/neshio.de\/wp-content\/uploads\/2021\/11\/vitamin-a-mangel-symptome.jpg","datePublished":"2023-07-07T08:29:52+00:00","dateModified":"2023-07-08T04:30:02+00:00","description":"Quali sono i sintomi della carenza di vitamina A? La vitamina A \u00e8 importante per garantire un funzionamento ottimale del nostro organismo.","breadcrumb":{"@id":"https:\/\/neshio.de\/vitamin-a-mangel-symptome\/#breadcrumb"},"inLanguage":"it-IT","potentialAction":[{"@type":"ReadAction","target":["https:\/\/neshio.de\/vitamin-a-mangel-symptome\/"]}]},{"@type":"ImageObject","inLanguage":"it-IT","@id":"https:\/\/neshio.de\/vitamin-a-mangel-symptome\/#primaryimage","url":"https:\/\/neshio.de\/wp-content\/uploads\/2021\/11\/vitamin-a-mangel-symptome.jpg","contentUrl":"https:\/\/neshio.de\/wp-content\/uploads\/2021\/11\/vitamin-a-mangel-symptome.jpg","width":900,"height":671,"caption":"vitamin-a-mangel-symptome"},{"@type":"BreadcrumbList","@id":"https:\/\/neshio.de\/vitamin-a-mangel-symptome\/#breadcrumb","itemListElement":[{"@type":"ListItem","position":1,"name":"NESHIO","item":"https:\/\/neshio.de\/"},{"@type":"ListItem","position":2,"name":"Gesundheit","item":"https:\/\/neshio.de\/gesundheit\/"},{"@type":"ListItem","position":3,"name":"6 Symptome, die ein Zeichen f\u00fcr einen Vitamin-A-Mangel sein k\u00f6nnen"}]},{"@type":"WebSite","@id":"https:\/\/neshio.de\/#website","url":"https:\/\/neshio.de\/","name":"NESHIO","description":"Bellezza e salute","publisher":{"@id":"https:\/\/neshio.de\/#organization"},"potentialAction":[{"@type":"SearchAction","target":{"@type":"EntryPoint","urlTemplate":"https:\/\/neshio.de\/?s={search_term_string}"},"query-input":{"@type":"PropertyValueSpecification","valueRequired":true,"valueName":"search_term_string"}}],"inLanguage":"it-IT"},{"@type":"Organization","@id":"https:\/\/neshio.de\/#organization","name":"NESHIO","url":"https:\/\/neshio.de\/","logo":{"@type":"ImageObject","inLanguage":"it-IT","@id":"https:\/\/neshio.de\/#\/schema\/logo\/image\/","url":"https:\/\/neshio.de\/wp-content\/uploads\/2021\/04\/Neshio-Logo.png","contentUrl":"https:\/\/neshio.de\/wp-content\/uploads\/2021\/04\/Neshio-Logo.png","width":247,"height":46,"caption":"NESHIO"},"image":{"@id":"https:\/\/neshio.de\/#\/schema\/logo\/image\/"},"sameAs":["https:\/\/www.facebook.com\/Neshio.Official","https:\/\/www.instagram.com\/neshio_official\/"]},{"@type":"Person","@id":"https:\/\/neshio.de\/#\/schema\/person\/b200f62173b05950188360ca99c9035a","name":"Sophie Anderson","image":{"@type":"ImageObject","inLanguage":"it-IT","@id":"https:\/\/secure.gravatar.com\/avatar\/0642c44d71b5ff914134d4fae0229a1526b62082433e6a2715882bcac0479812?s=96&d=mm&r=g","url":"https:\/\/secure.gravatar.com\/avatar\/0642c44d71b5ff914134d4fae0229a1526b62082433e6a2715882bcac0479812?s=96&d=mm&r=g","contentUrl":"https:\/\/secure.gravatar.com\/avatar\/0642c44d71b5ff914134d4fae0229a1526b62082433e6a2715882bcac0479812?s=96&d=mm&r=g","caption":"Sophie Anderson"}}]}},"uagb_featured_image_src":{"full":["https:\/\/neshio.de\/wp-content\/uploads\/2021\/11\/vitamin-a-mangel-symptome.jpg",900,671,false],"thumbnail":["https:\/\/neshio.de\/wp-content\/uploads\/2021\/11\/vitamin-a-mangel-symptome-150x150.jpg",150,150,true],"medium":["https:\/\/neshio.de\/wp-content\/uploads\/2021\/11\/vitamin-a-mangel-symptome-300x224.jpg",300,224,true],"medium_large":["https:\/\/neshio.de\/wp-content\/uploads\/2021\/11\/vitamin-a-mangel-symptome-768x573.jpg",768,573,true],"large":["https:\/\/neshio.de\/wp-content\/uploads\/2021\/11\/vitamin-a-mangel-symptome.jpg",900,671,false],"1536x1536":["https:\/\/neshio.de\/wp-content\/uploads\/2021\/11\/vitamin-a-mangel-symptome.jpg",900,671,false],"2048x2048":["https:\/\/neshio.de\/wp-content\/uploads\/2021\/11\/vitamin-a-mangel-symptome.jpg",900,671,false],"trp-custom-language-flag":["https:\/\/neshio.de\/wp-content\/uploads\/2021\/11\/vitamin-a-mangel-symptome.jpg",16,12,false]},"uagb_author_info":{"display_name":"Sophie Anderson","author_link":"https:\/\/neshio.de\/it\/author\/a-gladon\/"},"uagb_comment_info":1,"uagb_excerpt":"Warum Vitamin A? Wenn es darum geht, gesund zu bleiben und daf\u00fcr zu sorgen, dass unser K\u00f6rper optimal funktioniert, ist [&hellip;]","_links":{"self":[{"href":"https:\/\/neshio.de\/it\/wp-json\/wp\/v2\/posts\/166","targetHints":{"allow":["GET"]}}],"collection":[{"href":"https:\/\/neshio.de\/it\/wp-json\/wp\/v2\/posts"}],"about":[{"href":"https:\/\/neshio.de\/it\/wp-json\/wp\/v2\/types\/post"}],"author":[{"embeddable":true,"href":"https:\/\/neshio.de\/it\/wp-json\/wp\/v2\/users\/2"}],"replies":[{"embeddable":true,"href":"https:\/\/neshio.de\/it\/wp-json\/wp\/v2\/comments?post=166"}],"version-history":[{"count":3,"href":"https:\/\/neshio.de\/it\/wp-json\/wp\/v2\/posts\/166\/revisions"}],"predecessor-version":[{"id":338,"href":"https:\/\/neshio.de\/it\/wp-json\/wp\/v2\/posts\/166\/revisions\/338"}],"wp:featuredmedia":[{"embeddable":true,"href":"https:\/\/neshio.de\/it\/wp-json\/wp\/v2\/media\/174"}],"wp:attachment":[{"href":"https:\/\/neshio.de\/it\/wp-json\/wp\/v2\/media?parent=166"}],"wp:term":[{"taxonomy":"category","embeddable":true,"href":"https:\/\/neshio.de\/it\/wp-json\/wp\/v2\/categories?post=166"},{"taxonomy":"post_tag","embeddable":true,"href":"https:\/\/neshio.de\/it\/wp-json\/wp\/v2\/tags?post=166"}],"curies":[{"name":"wp","href":"https:\/\/api.w.org\/{rel}","templated":true}]}}