{"id":243,"date":"2023-07-07T00:32:00","date_gmt":"2023-07-07T00:32:00","guid":{"rendered":"https:\/\/neshio.de\/?p=243"},"modified":"2023-07-08T04:32:34","modified_gmt":"2023-07-08T04:32:34","slug":"3-tage-bart","status":"publish","type":"post","link":"https:\/\/neshio.de\/fr\/barbe-de-3-jours\/","title":{"rendered":"3 jours de style de barbe : 5 \u00e9tapes pour un look court de barbe courte"},"content":{"rendered":"<h2 class=\"wp-block-heading\" id=\"h-der-3-tage-bart\">La barbe de 3 jours<\/h2>\n\n\n\n<p>Il y a de nombreuses raisons d'opter pour une barbe de 3 jours. Premi\u00e8rement, elle est facile \u00e0 obtenir et \u00e0 entretenir. Deuxi\u00e8mement, elle peut fonctionner pour presque toutes les apparences, toutes les formes de visage et tous les \u00e2ges. Si vous avez un visage de b\u00e9b\u00e9, cela peut aussi vous donner l'air plus m\u00fbr.<\/p>\n\n\n\n<p>Des c\u00e9l\u00e9brit\u00e9s telles que David Beckman, Bradley Cooper ou encore Chris Hemsworth ont \u00e9t\u00e9 aper\u00e7ues avec le style robuste de la barrette de 3 jours. Et pour les hommes soucieux de la mode, il est aujourd'hui toujours aussi sexy. Avec quelques outils pratiques et un <a href=\"https:\/\/www.amazon.de\/Braun-Barttrimmer-Haarschneider-39-L%C3%A4ngeneinstellungen-volt-gr%C3%BCn\/dp\/B0822Y7MF5\/ref=sr_1_2_sspa?__mk_de_DE=%C3%85M%C3%85%C5%BD%C3%95%C3%91&amp;crid=34XUOX1MSAXP2&amp;keywords=bart+trimmer&amp;qid=1636640447&amp;sprefix=bart+%2Caps%2C175&amp;sr=8-2-spons&amp;psc=1&amp;spLa=ZW5jcnlwdGVkUXVhbGlmaWVyPUFRWkVLNjhURVlRWlImZW5jcnlwdGVkSWQ9QTAwNzUxNzczTDhOTlcwN1ZaV1RLJmVuY3J5cHRlZEFkSWQ9QTA3NTQzODkzN1c0RlVPSkQ0ODBQJndpZGdldE5hbWU9c3BfYXRmJmFjdGlvbj1jbGlja1JlZGlyZWN0JmRvTm90TG9nQ2xpY2s9dHJ1ZQ==\" target=\"_blank\" rel=\"noreferrer noopener\">tondeuse \u00e0 barbe professionnelle<\/a>Vous obtenez ainsi une version soign\u00e9e de ce look masculin.<\/p>\n\n\n\n<figure class=\"wp-block-image size-large is-resized\"><img loading=\"lazy\" decoding=\"async\" src=\"https:\/\/neshio.de\/wp-content\/uploads\/2021\/11\/Braun-Bart-Trimmer-1024x1012.jpg\" alt=\"Tondeuse \u00e0 barbe Braun\" class=\"wp-image-245\" width=\"238\" height=\"235\" srcset=\"https:\/\/neshio.de\/wp-content\/uploads\/2021\/11\/Braun-Bart-Trimmer-1024x1012.jpg 1024w, https:\/\/neshio.de\/wp-content\/uploads\/2021\/11\/Braun-Bart-Trimmer-300x297.jpg 300w, https:\/\/neshio.de\/wp-content\/uploads\/2021\/11\/Braun-Bart-Trimmer-768x759.jpg 768w, https:\/\/neshio.de\/wp-content\/uploads\/2021\/11\/Braun-Bart-Trimmer.jpg 1500w\" sizes=\"auto, (max-width: 238px) 100vw, 238px\" \/><\/figure>\n\n\n\n<h2 class=\"wp-block-heading\">Pourquoi faire pousser une barbe de trois jours ?<\/h2>\n\n\n\n<p>Outre le fait qu'il soit \u00e0 la mode, il peut \u00eatre une aubaine pour les hommes qui pr\u00e9f\u00e8rent dissimuler les imperfections ou donner un peu de r\u00e9pit aux peaux sensibles. Il a \u00e9galement l'effet glamour suppl\u00e9mentaire d'am\u00e9liorer l'apparence de votre m\u00e2choire. Donc, pour ceux d'entre nous qui ont un menton plus faible, il \u00e9quilibre efficacement la forme de votre visage.<\/p>\n\n\n\n<h2 class=\"wp-block-heading\">Comment obtenir la barbe de 3 jours<\/h2>\n\n\n\n<p>C'est le moment o\u00f9 vous vous demandez comment raser le chaume. Mais il ne s'agit pas seulement de le laisser pousser. Le diable se cache dans les d\u00e9tails et permet d'obtenir le look parfait de la barbe de trois jours. Cela signifie trouver les bons outils et partir d'une base plane. Et par l\u00e0, nous entendons la longueur des poils de votre visage. Voici un guide \u00e9tape par \u00e9tape pour obtenir une barbe de chauve du d\u00e9but \u00e0 la fin.<\/p>\n\n\n\n<h3 class=\"wp-block-heading\">\u00c9tape 1 : rasage propre<\/h3>\n\n\n\n<p>Oui, vous nous avez bien entendus ! L'avantage d'avoir une barbe de chauve, c'est que vous pouvez l'obtenir en un week-end. Mais pour obtenir une croissance r\u00e9guli\u00e8re des poils sur le visage, vous devez commencer au bon endroit. Utilisez une bonne lame propre comme la <a href=\"https:\/\/www.amazon.de\/Gillette-Rasierer-Rasierklingen-Anti-Irritations-Klingen-Rasierklinge\/dp\/B08PVJ91N1\/ref=sr_1_2_sspa?__mk_de_DE=%C3%85M%C3%85%C5%BD%C3%95%C3%91&amp;keywords=rasierklingen&amp;qid=1636642512&amp;sr=8-2-spons&amp;spLa=ZW5jcnlwdGVkUXVhbGlmaWVyPUEzVTQ2NUZBMUhMTzlXJmVuY3J5cHRlZElkPUEwOTMzMzIxMjBQTFM5OE0xSDhFVyZlbmNyeXB0ZWRBZElkPUEwMDYyNzI4MzY1TklEWTNIVUZHWiZ3aWRnZXROYW1lPXNwX2F0ZiZhY3Rpb249Y2xpY2tSZWRpcmVjdCZkb05vdExvZ0NsaWNrPXRydWU&amp;th=1\" target=\"_blank\" rel=\"noreferrer noopener\">Lames de rasoir Fusion5 de Gillette<\/a> pour raser votre visage. Avec <a href=\"https:\/\/www.amazon.de\/Gillette-Fusion5-Sensitive-Rasiergel-M%C3%A4nner\/dp\/B082VPFZ5R\/ref=sr_1_9?__mk_de_DE=%C3%85M%C3%85%C5%BD%C3%95%C3%91&amp;keywords=Rasiergel&amp;qid=1636645335&amp;qsid=261-7640201-8036567&amp;sr=8-9&amp;sres=B07RY2V457%2CB000MQAW2I%2CB07VB87B2F%2CB085HD4W9S%2CB082VPFZ5R%2CB085HP3FMH%2CB089R41CBF%2CB000IAHWE4%2CB08THZH4HZ%2CB01BU1CXSO%2CB07RWJXX7H%2CB08WQQVMD3%2CB00RMIKEW2%2CB082VNHXVN%2CB08W5698G6%2CB0024L6LN8%2CB07VCDPBST%2CB07RX11281%2CB0012Y1ELM%2CB08WKS1MTG&amp;th=1\" target=\"_blank\" rel=\"noreferrer noopener\">Gel \u00e0 raser<\/a> faire mousser et raser en douceur jusqu'\u00e0 la peau. La barbe de 3 jours est la plus belle lorsqu'elle est cr\u00e9\u00e9e de toutes pi\u00e8ces. <\/p>\n\n\n\n<h3 class=\"wp-block-heading\">\u00c9tape 2 : \u00c9piler les poils de votre visage<\/h3>\n\n\n\n<p>Ce n'est pas pour rien qu'on l'appelle la barbe de chauve-souris de 3 jours. La plupart des gens peuvent cultiver une croissance suffisante en 3 jours. Une fois que vous avez permis une croissance d\u00e9cente et r\u00e9guli\u00e8re des poils sur votre visage, vous pouvez envisager de vous raser. Le choix de la longueur de la barbe d\u00e9termine l'aspect final. Si vous voulez avoir l'air plus ordonn\u00e9, allez plus court. Mais en fin de compte, ce choix vous appartient. Renseignez-vous sur la mani\u00e8re de se laisser pousser la barbe et sur les diff\u00e9rents styles disponibles.<\/p>\n\n\n\n<h3 class=\"wp-block-heading\">\u00c9tape 3 : Comment raser les chaumes<\/h3>\n\n\n\n<p>Alors, comment raser les poils ? Premi\u00e8rement, c'est le rasage all-over. Environ 2 mm \u00e0 3 mm est la longueur la plus souvent choisie pour un look plus styl\u00e9. Ensuite, commencez \u00e0 tondre les poils de la barbe sur le visage et le cou. Assurez-vous de garder une \u00e9pilation coh\u00e9rente sur toute la zone pendant que vous coupez.<\/p>\n\n\n\n<h3 class=\"wp-block-heading\">\u00c9tape 4 : D\u00e9couper les bords<\/h3>\n\n\n\n<p>Avec votre <a href=\"https:\/\/www.amazon.de\/Hatteker-Haarschneidemaschine-Pr%C3%A4zisionstrimmer-Langhaarschneider-Nasenhaarschneider\/dp\/B08DJ6TXZN\/ref=sr_1_1_sspa?__mk_de_DE=%C3%85M%C3%85%C5%BD%C3%95%C3%91&amp;keywords=Pr%C3%A4zisionstrimmer&amp;qid=1636645150&amp;sr=8-1-spons&amp;psc=1&amp;smid=A1YR1KUKV2DGWH&amp;spLa=ZW5jcnlwdGVkUXVhbGlmaWVyPUExUFBOUVExSU5FVEFQJmVuY3J5cHRlZElkPUExMDE5ODQ5MVdKOVdWQTRXWjBRMCZlbmNyeXB0ZWRBZElkPUEwOTI3MDg0NUFCVkZFU0hHT1JKJndpZGdldE5hbWU9c3BfYXRmJmFjdGlvbj1jbGlja1JlZGlyZWN0JmRvTm90TG9nQ2xpY2s9dHJ1ZQ==\" target=\"_blank\" rel=\"noreferrer noopener\">Tondeuse de pr\u00e9cision<\/a> coupez le bord autour de votre encolure, en commen\u00e7ant vers l'ext\u00e9rieur et en travaillant vers l'int\u00e9rieur. La distance \u00e0 laquelle vous la rentrez d\u00e9pend de vous et de votre mod\u00e8le de pilosit\u00e9. Des bords propres avec une forme plus naturelle fonctionnent mieux ici si vous travaillez jusqu'\u00e0 et juste au-dessus de votre larynx. Occupez-vous ensuite des lignes de cheveux le long de vos pommettes. Ensuite, travaillez autour de votre bouche. <\/p>\n\n\n\n<h3 class=\"wp-block-heading\">\u00c9tape 5 : Raser proprement votre barbe<\/h3>\n\n\n\n<p>N'oubliez pas qu'avant de commencer \u00e0 raser proprement, la cl\u00e9 ici est d'\u00e9viter les lignes nettes. La barbe de 3 jours a l'air plut\u00f4t naturelle, cette partie est donc tr\u00e8s facultative. Toutefois, si vous souhaitez donner une d\u00e9finition suppl\u00e9mentaire \u00e0 votre barbe, rasez les zones en dehors de la forme que vous avez d\u00e9finie avec votre tondeuse de pr\u00e9cision. Utilisez un bon gel \u00e0 raser et un rasoir propre et bien aiguis\u00e9 pour ourler les lignes que vous avez d\u00e9j\u00e0 cr\u00e9\u00e9es. S\u00e9chez votre visage en le tamponnant et appliquez un produit apaisant apr\u00e8s le rasage. <a href=\"https:\/\/www.amazon.de\/Sensitive-beruhigende-Gesichtspflege-Feuchtigkeitscreme-Mandel%C3%B6l\/dp\/B07YQ8SHGX\/ref=sr_1_1_sspa?__mk_de_DE=%C3%85M%C3%85%C5%BD%C3%95%C3%91&amp;keywords=balsam+Bart&amp;qid=1636645257&amp;sr=8-1-spons&amp;psc=1&amp;spLa=ZW5jcnlwdGVkUXVhbGlmaWVyPUExUTNJUDBSRVc1VDUwJmVuY3J5cHRlZElkPUEwNTk3NzUxMjlDOVREWVlYSUwxOCZlbmNyeXB0ZWRBZElkPUEwOTk4MDMzMlZBUTBMNElRRVIxTCZ3aWRnZXROYW1lPXNwX2F0ZiZhY3Rpb249Y2xpY2tSZWRpcmVjdCZkb05vdExvZ0NsaWNrPXRydWU=\" target=\"_blank\" rel=\"noreferrer noopener\">Baume<\/a> sur. <\/p>\n\n\n\n<p>Voici les 5 \u00e9tapes simples pour cr\u00e9er une barbe de trois jours digne d'une c\u00e9l\u00e9brit\u00e9. Pour la maintenir en forme, coupez-la tous les deux jours et assurez-vous que les poils restent propres et hydrat\u00e9s.<\/p>","protected":false},"excerpt":{"rendered":"<p>Der 3-Tage-Bart Es gibt viele Gr\u00fcnde, sich f\u00fcr einen 3-Tage-Stoppelbart zu entscheiden. Erstens ist er einfach zu erreichen und zu [&hellip;]<\/p>\n","protected":false},"author":3,"featured_media":262,"comment_status":"closed","ping_status":"open","sticky":false,"template":"","format":"standard","meta":{"_acf_changed":false,"_uag_custom_page_level_css":"","site-sidebar-layout":"default","site-content-layout":"","ast-site-content-layout":"default","site-content-style":"default","site-sidebar-style":"default","ast-global-header-display":"","ast-banner-title-visibility":"","ast-main-header-display":"","ast-hfb-above-header-display":"","ast-hfb-below-header-display":"","ast-hfb-mobile-header-display":"","site-post-title":"","ast-breadcrumbs-content":"","ast-featured-img":"","footer-sml-layout":"","ast-disable-related-posts":"","theme-transparent-header-meta":"","adv-header-id-meta":"","stick-header-meta":"","header-above-stick-meta":"","header-main-stick-meta":"","header-below-stick-meta":"","astra-migrate-meta-layouts":"default","ast-page-background-enabled":"default","ast-page-background-meta":{"desktop":{"background-color":"","background-image":"","background-repeat":"repeat","background-position":"center center","background-size":"auto","background-attachment":"scroll","background-type":"","background-media":"","overlay-type":"","overlay-color":"","overlay-opacity":"","overlay-gradient":""},"tablet":{"background-color":"","background-image":"","background-repeat":"repeat","background-position":"center center","background-size":"auto","background-attachment":"scroll","background-type":"","background-media":"","overlay-type":"","overlay-color":"","overlay-opacity":"","overlay-gradient":""},"mobile":{"background-color":"","background-image":"","background-repeat":"repeat","background-position":"center center","background-size":"auto","background-attachment":"scroll","background-type":"","background-media":"","overlay-type":"","overlay-color":"","overlay-opacity":"","overlay-gradient":""}},"ast-content-background-meta":{"desktop":{"background-color":"var(--ast-global-color-5)","background-image":"","background-repeat":"repeat","background-position":"center center","background-size":"auto","background-attachment":"scroll","background-type":"","background-media":"","overlay-type":"","overlay-color":"","overlay-opacity":"","overlay-gradient":""},"tablet":{"background-color":"var(--ast-global-color-5)","background-image":"","background-repeat":"repeat","background-position":"center center","background-size":"auto","background-attachment":"scroll","background-type":"","background-media":"","overlay-type":"","overlay-color":"","overlay-opacity":"","overlay-gradient":""},"mobile":{"background-color":"var(--ast-global-color-5)","background-image":"","background-repeat":"repeat","background-position":"center center","background-size":"auto","background-attachment":"scroll","background-type":"","background-media":"","overlay-type":"","overlay-color":"","overlay-opacity":"","overlay-gradient":""}},"footnotes":""},"categories":[19,11],"tags":[],"class_list":["post-243","post","type-post","status-publish","format-standard","has-post-thumbnail","hentry","category-bart","category-haare"],"acf":[],"yoast_head":"<!-- This site is optimized with the Yoast SEO Premium plugin v20.12 (Yoast SEO v27.4) - https:\/\/yoast.com\/product\/yoast-seo-premium-wordpress\/ -->\n<title>3 Tage Bart Style: 5 Schritte zum kurzem Stoppelbart-Look<\/title>\n<meta name=\"description\" content=\"Der 3 Tage Bart ist nach wie vor in Mode. Mit diesen 5 Schritten kommen Sie zu Ihren optimalen 3-Tage-Bart-Look\" \/>\n<meta name=\"robots\" content=\"index, follow, max-snippet:-1, max-image-preview:large, max-video-preview:-1\" \/>\n<link rel=\"canonical\" href=\"https:\/\/neshio.de\/fr\/barbe-de-3-jours\/\" \/>\n<meta property=\"og:locale\" content=\"fr_FR\" \/>\n<meta property=\"og:type\" content=\"article\" \/>\n<meta property=\"og:title\" content=\"3 Tage Bart Style: 5 Schritte zum kurzem Stoppelbart-Look\" \/>\n<meta property=\"og:description\" content=\"Der 3 Tage Bart ist nach wie vor in Mode. Mit diesen 5 Schritten kommen Sie zu Ihren optimalen 3-Tage-Bart-Look\" \/>\n<meta property=\"og:url\" content=\"https:\/\/neshio.de\/fr\/barbe-de-3-jours\/\" \/>\n<meta property=\"og:site_name\" content=\"NESHIO\" \/>\n<meta property=\"article:publisher\" content=\"https:\/\/www.facebook.com\/Neshio.Official\" \/>\n<meta property=\"article:published_time\" content=\"2023-07-07T00:32:00+00:00\" \/>\n<meta property=\"article:modified_time\" content=\"2023-07-08T04:32:34+00:00\" \/>\n<meta property=\"og:image\" content=\"https:\/\/neshio.de\/wp-content\/uploads\/2021\/11\/3-Tage-Bart.jpg\" \/>\n\t<meta property=\"og:image:width\" content=\"900\" \/>\n\t<meta property=\"og:image:height\" content=\"671\" \/>\n\t<meta property=\"og:image:type\" content=\"image\/jpeg\" \/>\n<meta name=\"author\" content=\"Marcel Allen\" \/>\n<meta name=\"twitter:card\" content=\"summary_large_image\" \/>\n<meta name=\"twitter:label1\" content=\"\u00c9crit par\" \/>\n\t<meta name=\"twitter:data1\" content=\"Marcel Allen\" \/>\n\t<meta name=\"twitter:label2\" content=\"Dur\u00e9e de lecture estim\u00e9e\" \/>\n\t<meta name=\"twitter:data2\" content=\"4 minutes\" \/>\n<script type=\"application\/ld+json\" class=\"yoast-schema-graph\">{\"@context\":\"https:\\\/\\\/schema.org\",\"@graph\":[{\"@type\":\"Article\",\"@id\":\"https:\\\/\\\/neshio.de\\\/3-tage-bart\\\/#article\",\"isPartOf\":{\"@id\":\"https:\\\/\\\/neshio.de\\\/3-tage-bart\\\/\"},\"author\":{\"name\":\"Marcel Allen\",\"@id\":\"https:\\\/\\\/neshio.de\\\/#\\\/schema\\\/person\\\/40429a2e11b2dfabdafb9a63921ad6c3\"},\"headline\":\"3 Tage Bart Style: 5 Schritte zum kurzem Stoppelbart-Look\",\"datePublished\":\"2023-07-07T00:32:00+00:00\",\"dateModified\":\"2023-07-08T04:32:34+00:00\",\"mainEntityOfPage\":{\"@id\":\"https:\\\/\\\/neshio.de\\\/3-tage-bart\\\/\"},\"wordCount\":694,\"publisher\":{\"@id\":\"https:\\\/\\\/neshio.de\\\/#organization\"},\"image\":{\"@id\":\"https:\\\/\\\/neshio.de\\\/3-tage-bart\\\/#primaryimage\"},\"thumbnailUrl\":\"https:\\\/\\\/neshio.de\\\/wp-content\\\/uploads\\\/2021\\\/11\\\/3-Tage-Bart.jpg\",\"articleSection\":[\"Bart\",\"Haare\"],\"inLanguage\":\"fr-FR\"},{\"@type\":\"WebPage\",\"@id\":\"https:\\\/\\\/neshio.de\\\/3-tage-bart\\\/\",\"url\":\"https:\\\/\\\/neshio.de\\\/3-tage-bart\\\/\",\"name\":\"3 Tage Bart Style: 5 Schritte zum kurzem Stoppelbart-Look\",\"isPartOf\":{\"@id\":\"https:\\\/\\\/neshio.de\\\/#website\"},\"primaryImageOfPage\":{\"@id\":\"https:\\\/\\\/neshio.de\\\/3-tage-bart\\\/#primaryimage\"},\"image\":{\"@id\":\"https:\\\/\\\/neshio.de\\\/3-tage-bart\\\/#primaryimage\"},\"thumbnailUrl\":\"https:\\\/\\\/neshio.de\\\/wp-content\\\/uploads\\\/2021\\\/11\\\/3-Tage-Bart.jpg\",\"datePublished\":\"2023-07-07T00:32:00+00:00\",\"dateModified\":\"2023-07-08T04:32:34+00:00\",\"description\":\"Der 3 Tage Bart ist nach wie vor in Mode. Mit diesen 5 Schritten kommen Sie zu Ihren optimalen 3-Tage-Bart-Look\",\"breadcrumb\":{\"@id\":\"https:\\\/\\\/neshio.de\\\/3-tage-bart\\\/#breadcrumb\"},\"inLanguage\":\"fr-FR\",\"potentialAction\":[{\"@type\":\"ReadAction\",\"target\":[\"https:\\\/\\\/neshio.de\\\/3-tage-bart\\\/\"]}]},{\"@type\":\"ImageObject\",\"inLanguage\":\"fr-FR\",\"@id\":\"https:\\\/\\\/neshio.de\\\/3-tage-bart\\\/#primaryimage\",\"url\":\"https:\\\/\\\/neshio.de\\\/wp-content\\\/uploads\\\/2021\\\/11\\\/3-Tage-Bart.jpg\",\"contentUrl\":\"https:\\\/\\\/neshio.de\\\/wp-content\\\/uploads\\\/2021\\\/11\\\/3-Tage-Bart.jpg\",\"width\":900,\"height\":671,\"caption\":\"3-Tage-Bart\"},{\"@type\":\"BreadcrumbList\",\"@id\":\"https:\\\/\\\/neshio.de\\\/3-tage-bart\\\/#breadcrumb\",\"itemListElement\":[{\"@type\":\"ListItem\",\"position\":1,\"name\":\"NESHIO\",\"item\":\"https:\\\/\\\/neshio.de\\\/\"},{\"@type\":\"ListItem\",\"position\":2,\"name\":\"Haare\",\"item\":\"https:\\\/\\\/neshio.de\\\/haare\\\/\"},{\"@type\":\"ListItem\",\"position\":3,\"name\":\"3 Tage Bart Style: 5 Schritte zum kurzem Stoppelbart-Look\"}]},{\"@type\":\"WebSite\",\"@id\":\"https:\\\/\\\/neshio.de\\\/#website\",\"url\":\"https:\\\/\\\/neshio.de\\\/\",\"name\":\"NESHIO\",\"description\":\"Beauty und Gesundheit\",\"publisher\":{\"@id\":\"https:\\\/\\\/neshio.de\\\/#organization\"},\"potentialAction\":[{\"@type\":\"SearchAction\",\"target\":{\"@type\":\"EntryPoint\",\"urlTemplate\":\"https:\\\/\\\/neshio.de\\\/?s={search_term_string}\"},\"query-input\":{\"@type\":\"PropertyValueSpecification\",\"valueRequired\":true,\"valueName\":\"search_term_string\"}}],\"inLanguage\":\"fr-FR\"},{\"@type\":\"Organization\",\"@id\":\"https:\\\/\\\/neshio.de\\\/#organization\",\"name\":\"NESHIO\",\"url\":\"https:\\\/\\\/neshio.de\\\/\",\"logo\":{\"@type\":\"ImageObject\",\"inLanguage\":\"fr-FR\",\"@id\":\"https:\\\/\\\/neshio.de\\\/#\\\/schema\\\/logo\\\/image\\\/\",\"url\":\"https:\\\/\\\/neshio.de\\\/wp-content\\\/uploads\\\/2021\\\/04\\\/Neshio-Logo.png\",\"contentUrl\":\"https:\\\/\\\/neshio.de\\\/wp-content\\\/uploads\\\/2021\\\/04\\\/Neshio-Logo.png\",\"width\":247,\"height\":46,\"caption\":\"NESHIO\"},\"image\":{\"@id\":\"https:\\\/\\\/neshio.de\\\/#\\\/schema\\\/logo\\\/image\\\/\"},\"sameAs\":[\"https:\\\/\\\/www.facebook.com\\\/Neshio.Official\",\"https:\\\/\\\/www.instagram.com\\\/neshio_official\\\/\"]},{\"@type\":\"Person\",\"@id\":\"https:\\\/\\\/neshio.de\\\/#\\\/schema\\\/person\\\/40429a2e11b2dfabdafb9a63921ad6c3\",\"name\":\"Marcel Allen\",\"image\":{\"@type\":\"ImageObject\",\"inLanguage\":\"fr-FR\",\"@id\":\"https:\\\/\\\/secure.gravatar.com\\\/avatar\\\/2456d61256291341b53118995cf048c808cc5273344b5c0a265b839ad51c85a9?s=96&d=mm&r=g\",\"url\":\"https:\\\/\\\/secure.gravatar.com\\\/avatar\\\/2456d61256291341b53118995cf048c808cc5273344b5c0a265b839ad51c85a9?s=96&d=mm&r=g\",\"contentUrl\":\"https:\\\/\\\/secure.gravatar.com\\\/avatar\\\/2456d61256291341b53118995cf048c808cc5273344b5c0a265b839ad51c85a9?s=96&d=mm&r=g\",\"caption\":\"Marcel Allen\"}}]}<\/script>\n<!-- \/ Yoast SEO Premium plugin. -->","yoast_head_json":{"title":"3 jours de style de barbe : 5 \u00e9tapes pour un look court de barbe courte","description":"La barbe de 3 jours est toujours \u00e0 la mode. Suivez ces 5 \u00e9tapes pour obtenir votre look barbe de 3 jours optimal","robots":{"index":"index","follow":"follow","max-snippet":"max-snippet:-1","max-image-preview":"max-image-preview:large","max-video-preview":"max-video-preview:-1"},"canonical":"https:\/\/neshio.de\/fr\/barbe-de-3-jours\/","og_locale":"fr_FR","og_type":"article","og_title":"3 Tage Bart Style: 5 Schritte zum kurzem Stoppelbart-Look","og_description":"Der 3 Tage Bart ist nach wie vor in Mode. Mit diesen 5 Schritten kommen Sie zu Ihren optimalen 3-Tage-Bart-Look","og_url":"https:\/\/neshio.de\/fr\/barbe-de-3-jours\/","og_site_name":"NESHIO","article_publisher":"https:\/\/www.facebook.com\/Neshio.Official","article_published_time":"2023-07-07T00:32:00+00:00","article_modified_time":"2023-07-08T04:32:34+00:00","og_image":[{"width":900,"height":671,"url":"https:\/\/neshio.de\/wp-content\/uploads\/2021\/11\/3-Tage-Bart.jpg","type":"image\/jpeg"}],"author":"Marcel Allen","twitter_card":"summary_large_image","twitter_misc":{"\u00c9crit par":"Marcel Allen","Dur\u00e9e de lecture estim\u00e9e":"4 minutes"},"schema":{"@context":"https:\/\/schema.org","@graph":[{"@type":"Article","@id":"https:\/\/neshio.de\/3-tage-bart\/#article","isPartOf":{"@id":"https:\/\/neshio.de\/3-tage-bart\/"},"author":{"name":"Marcel Allen","@id":"https:\/\/neshio.de\/#\/schema\/person\/40429a2e11b2dfabdafb9a63921ad6c3"},"headline":"3 Tage Bart Style: 5 Schritte zum kurzem Stoppelbart-Look","datePublished":"2023-07-07T00:32:00+00:00","dateModified":"2023-07-08T04:32:34+00:00","mainEntityOfPage":{"@id":"https:\/\/neshio.de\/3-tage-bart\/"},"wordCount":694,"publisher":{"@id":"https:\/\/neshio.de\/#organization"},"image":{"@id":"https:\/\/neshio.de\/3-tage-bart\/#primaryimage"},"thumbnailUrl":"https:\/\/neshio.de\/wp-content\/uploads\/2021\/11\/3-Tage-Bart.jpg","articleSection":["Bart","Haare"],"inLanguage":"fr-FR"},{"@type":"WebPage","@id":"https:\/\/neshio.de\/3-tage-bart\/","url":"https:\/\/neshio.de\/3-tage-bart\/","name":"3 jours de style de barbe : 5 \u00e9tapes pour un look court de barbe courte","isPartOf":{"@id":"https:\/\/neshio.de\/#website"},"primaryImageOfPage":{"@id":"https:\/\/neshio.de\/3-tage-bart\/#primaryimage"},"image":{"@id":"https:\/\/neshio.de\/3-tage-bart\/#primaryimage"},"thumbnailUrl":"https:\/\/neshio.de\/wp-content\/uploads\/2021\/11\/3-Tage-Bart.jpg","datePublished":"2023-07-07T00:32:00+00:00","dateModified":"2023-07-08T04:32:34+00:00","description":"La barbe de 3 jours est toujours \u00e0 la mode. Suivez ces 5 \u00e9tapes pour obtenir votre look barbe de 3 jours optimal","breadcrumb":{"@id":"https:\/\/neshio.de\/3-tage-bart\/#breadcrumb"},"inLanguage":"fr-FR","potentialAction":[{"@type":"ReadAction","target":["https:\/\/neshio.de\/3-tage-bart\/"]}]},{"@type":"ImageObject","inLanguage":"fr-FR","@id":"https:\/\/neshio.de\/3-tage-bart\/#primaryimage","url":"https:\/\/neshio.de\/wp-content\/uploads\/2021\/11\/3-Tage-Bart.jpg","contentUrl":"https:\/\/neshio.de\/wp-content\/uploads\/2021\/11\/3-Tage-Bart.jpg","width":900,"height":671,"caption":"3-Tage-Bart"},{"@type":"BreadcrumbList","@id":"https:\/\/neshio.de\/3-tage-bart\/#breadcrumb","itemListElement":[{"@type":"ListItem","position":1,"name":"NESHIO","item":"https:\/\/neshio.de\/"},{"@type":"ListItem","position":2,"name":"Haare","item":"https:\/\/neshio.de\/haare\/"},{"@type":"ListItem","position":3,"name":"3 Tage Bart Style: 5 Schritte zum kurzem Stoppelbart-Look"}]},{"@type":"WebSite","@id":"https:\/\/neshio.de\/#website","url":"https:\/\/neshio.de\/","name":"NESHIO","description":"Beaut\u00e9 et sant\u00e9","publisher":{"@id":"https:\/\/neshio.de\/#organization"},"potentialAction":[{"@type":"SearchAction","target":{"@type":"EntryPoint","urlTemplate":"https:\/\/neshio.de\/?s={search_term_string}"},"query-input":{"@type":"PropertyValueSpecification","valueRequired":true,"valueName":"search_term_string"}}],"inLanguage":"fr-FR"},{"@type":"Organization","@id":"https:\/\/neshio.de\/#organization","name":"NESHIO","url":"https:\/\/neshio.de\/","logo":{"@type":"ImageObject","inLanguage":"fr-FR","@id":"https:\/\/neshio.de\/#\/schema\/logo\/image\/","url":"https:\/\/neshio.de\/wp-content\/uploads\/2021\/04\/Neshio-Logo.png","contentUrl":"https:\/\/neshio.de\/wp-content\/uploads\/2021\/04\/Neshio-Logo.png","width":247,"height":46,"caption":"NESHIO"},"image":{"@id":"https:\/\/neshio.de\/#\/schema\/logo\/image\/"},"sameAs":["https:\/\/www.facebook.com\/Neshio.Official","https:\/\/www.instagram.com\/neshio_official\/"]},{"@type":"Person","@id":"https:\/\/neshio.de\/#\/schema\/person\/40429a2e11b2dfabdafb9a63921ad6c3","name":"Marcel Allen","image":{"@type":"ImageObject","inLanguage":"fr-FR","@id":"https:\/\/secure.gravatar.com\/avatar\/2456d61256291341b53118995cf048c808cc5273344b5c0a265b839ad51c85a9?s=96&d=mm&r=g","url":"https:\/\/secure.gravatar.com\/avatar\/2456d61256291341b53118995cf048c808cc5273344b5c0a265b839ad51c85a9?s=96&d=mm&r=g","contentUrl":"https:\/\/secure.gravatar.com\/avatar\/2456d61256291341b53118995cf048c808cc5273344b5c0a265b839ad51c85a9?s=96&d=mm&r=g","caption":"Marcel Allen"}}]}},"uagb_featured_image_src":{"full":["https:\/\/neshio.de\/wp-content\/uploads\/2021\/11\/3-Tage-Bart.jpg",900,671,false],"thumbnail":["https:\/\/neshio.de\/wp-content\/uploads\/2021\/11\/3-Tage-Bart-150x150.jpg",150,150,true],"medium":["https:\/\/neshio.de\/wp-content\/uploads\/2021\/11\/3-Tage-Bart-300x224.jpg",300,224,true],"medium_large":["https:\/\/neshio.de\/wp-content\/uploads\/2021\/11\/3-Tage-Bart-768x573.jpg",768,573,true],"large":["https:\/\/neshio.de\/wp-content\/uploads\/2021\/11\/3-Tage-Bart.jpg",900,671,false],"1536x1536":["https:\/\/neshio.de\/wp-content\/uploads\/2021\/11\/3-Tage-Bart.jpg",900,671,false],"2048x2048":["https:\/\/neshio.de\/wp-content\/uploads\/2021\/11\/3-Tage-Bart.jpg",900,671,false],"trp-custom-language-flag":["https:\/\/neshio.de\/wp-content\/uploads\/2021\/11\/3-Tage-Bart.jpg",16,12,false]},"uagb_author_info":{"display_name":"Marcel Allen","author_link":"https:\/\/neshio.de\/fr\/author\/marcel-allen\/"},"uagb_comment_info":0,"uagb_excerpt":"Der 3-Tage-Bart Es gibt viele Gr\u00fcnde, sich f\u00fcr einen 3-Tage-Stoppelbart zu entscheiden. Erstens ist er einfach zu erreichen und zu [&hellip;]","_links":{"self":[{"href":"https:\/\/neshio.de\/fr\/wp-json\/wp\/v2\/posts\/243","targetHints":{"allow":["GET"]}}],"collection":[{"href":"https:\/\/neshio.de\/fr\/wp-json\/wp\/v2\/posts"}],"about":[{"href":"https:\/\/neshio.de\/fr\/wp-json\/wp\/v2\/types\/post"}],"author":[{"embeddable":true,"href":"https:\/\/neshio.de\/fr\/wp-json\/wp\/v2\/users\/3"}],"replies":[{"embeddable":true,"href":"https:\/\/neshio.de\/fr\/wp-json\/wp\/v2\/comments?post=243"}],"version-history":[{"count":12,"href":"https:\/\/neshio.de\/fr\/wp-json\/wp\/v2\/posts\/243\/revisions"}],"predecessor-version":[{"id":343,"href":"https:\/\/neshio.de\/fr\/wp-json\/wp\/v2\/posts\/243\/revisions\/343"}],"wp:featuredmedia":[{"embeddable":true,"href":"https:\/\/neshio.de\/fr\/wp-json\/wp\/v2\/media\/262"}],"wp:attachment":[{"href":"https:\/\/neshio.de\/fr\/wp-json\/wp\/v2\/media?parent=243"}],"wp:term":[{"taxonomy":"category","embeddable":true,"href":"https:\/\/neshio.de\/fr\/wp-json\/wp\/v2\/categories?post=243"},{"taxonomy":"post_tag","embeddable":true,"href":"https:\/\/neshio.de\/fr\/wp-json\/wp\/v2\/tags?post=243"}],"curies":[{"name":"wp","href":"https:\/\/api.w.org\/{rel}","templated":true}]}}