{"id":243,"date":"2023-07-07T00:32:00","date_gmt":"2023-07-07T00:32:00","guid":{"rendered":"https:\/\/neshio.de\/?p=243"},"modified":"2023-07-08T04:32:34","modified_gmt":"2023-07-08T04:32:34","slug":"3-tage-bart","status":"publish","type":"post","link":"https:\/\/neshio.de\/et\/3-paeevane-habe\/","title":{"rendered":"3 p\u00e4eva habeme stiil: 5 sammu l\u00fchikese habeme v\u00e4limuse saavutamiseks"},"content":{"rendered":"<h2 class=\"wp-block-heading\" id=\"h-der-3-tage-bart\">3-p\u00e4evane habe<\/h2>\n\n\n\n<p>On palju p\u00f5hjusi, miks valida 3-p\u00e4evane habemeajamine. Esiteks on seda lihtne saavutada ja hooldada. Teiseks sobib see peaaegu iga v\u00e4limuse, n\u00e4okujundi ja vanuse puhul. Kui teil on beebi n\u00e4gu, v\u00f5ib see teid ka k\u00fcpsemaks muuta.<\/p>\n\n\n\n<p>Kuulsusi nagu David Beckman, Bradley Cooper ja isegi Chris Hemsworth on n\u00e4htud karmi 3-p\u00e4evase habemega. Ja moeteadlikele meestele on see t\u00e4nap\u00e4eval endiselt sama kuum kui kunagi varem. M\u00f5ne k\u00e4ep\u00e4rase t\u00f6\u00f6riista ja <a href=\"https:\/\/www.amazon.de\/Braun-Barttrimmer-Haarschneider-39-L%C3%A4ngeneinstellungen-volt-gr%C3%BCn\/dp\/B0822Y7MF5\/ref=sr_1_2_sspa?__mk_de_DE=%C3%85M%C3%85%C5%BD%C3%95%C3%91&amp;crid=34XUOX1MSAXP2&amp;keywords=bart+trimmer&amp;qid=1636640447&amp;sprefix=bart+%2Caps%2C175&amp;sr=8-2-spons&amp;psc=1&amp;spLa=ZW5jcnlwdGVkUXVhbGlmaWVyPUFRWkVLNjhURVlRWlImZW5jcnlwdGVkSWQ9QTAwNzUxNzczTDhOTlcwN1ZaV1RLJmVuY3J5cHRlZEFkSWQ9QTA3NTQzODkzN1c0RlVPSkQ0ODBQJndpZGdldE5hbWU9c3BfYXRmJmFjdGlvbj1jbGlja1JlZGlyZWN0JmRvTm90TG9nQ2xpY2s9dHJ1ZQ==\" target=\"_blank\" rel=\"noreferrer noopener\">professionaalne habemetsa trimmer<\/a>, saad selle maskuliinse v\u00e4limuse korraliku versiooni.<\/p>\n\n\n\n<figure class=\"wp-block-image size-large is-resized\"><img loading=\"lazy\" decoding=\"async\" src=\"https:\/\/neshio.de\/wp-content\/uploads\/2021\/11\/Braun-Bart-Trimmer-1024x1012.jpg\" alt=\"Braun habemetsa trimmer\" class=\"wp-image-245\" width=\"238\" height=\"235\" srcset=\"https:\/\/neshio.de\/wp-content\/uploads\/2021\/11\/Braun-Bart-Trimmer-1024x1012.jpg 1024w, https:\/\/neshio.de\/wp-content\/uploads\/2021\/11\/Braun-Bart-Trimmer-300x297.jpg 300w, https:\/\/neshio.de\/wp-content\/uploads\/2021\/11\/Braun-Bart-Trimmer-768x759.jpg 768w, https:\/\/neshio.de\/wp-content\/uploads\/2021\/11\/Braun-Bart-Trimmer.jpg 1500w\" sizes=\"auto, (max-width: 238px) 100vw, 238px\" \/><\/figure>\n\n\n\n<h2 class=\"wp-block-heading\">Miks kasvatada 3-p\u00e4evane habemega habe?<\/h2>\n\n\n\n<p>Lisaks sellele, et see on moes, v\u00f5ib see olla jumalateenistus meestele, kes eelistavad varjata ebat\u00e4iuslikkust v\u00f5i anda tundlikule nahale puhkust. Samuti on sellel glamuurne lisaefekt, mis suurendab teie l\u00f5uajoone v\u00e4ljan\u00e4gemist. Nii et neile, kellel on n\u00f5rgem l\u00f5ug, tasakaalustab see t\u00f5husalt teie n\u00e4okujundust.<\/p>\n\n\n\n<h2 class=\"wp-block-heading\">Kuidas saavutada 3-p\u00e4evane habe<\/h2>\n\n\n\n<p>See on punkt, kus te k\u00fcsite, kuidas raseerida habemetsa. Kuid asi ei ole ainult selles, et lasta tal kasvada. Kurat peitub detailides ja t\u00e4iusliku 3 p\u00e4eva habeme v\u00e4limuse loomises. See t\u00e4hendab, et tuleb leida \u00f5iged vahendid ja alustada tasasest alusest. Ja selle all m\u00f5tleme me sinu n\u00e4okarva pikkust. Siin on samm-sammuline juhend, kuidas saavutada habemega habemik algusest l\u00f5puni.<\/p>\n\n\n\n<h3 class=\"wp-block-heading\">1. samm: puhas raseerimine<\/h3>\n\n\n\n<p>Jah, te kuulsite meid \u00f5igesti! Habemetsa ilu seisneb selles, et seda saab saavutada n\u00e4dalavahetuse jooksul. Kuid selleks, et saavutada \u00fchtlane karvakasv n\u00e4ol, tuleb alustada \u00f5igest kohast. Kasutage head, puhast tera nagu <a href=\"https:\/\/www.amazon.de\/Gillette-Rasierer-Rasierklingen-Anti-Irritations-Klingen-Rasierklinge\/dp\/B08PVJ91N1\/ref=sr_1_2_sspa?__mk_de_DE=%C3%85M%C3%85%C5%BD%C3%95%C3%91&amp;keywords=rasierklingen&amp;qid=1636642512&amp;sr=8-2-spons&amp;spLa=ZW5jcnlwdGVkUXVhbGlmaWVyPUEzVTQ2NUZBMUhMTzlXJmVuY3J5cHRlZElkPUEwOTMzMzIxMjBQTFM5OE0xSDhFVyZlbmNyeXB0ZWRBZElkPUEwMDYyNzI4MzY1TklEWTNIVUZHWiZ3aWRnZXROYW1lPXNwX2F0ZiZhY3Rpb249Y2xpY2tSZWRpcmVjdCZkb05vdExvZ0NsaWNrPXRydWU&amp;th=1\" target=\"_blank\" rel=\"noreferrer noopener\">Gillette'i Fusion5 habemeajamislabad<\/a> raseerida oma n\u00e4gu m\u00e4rjaks. Koos <a href=\"https:\/\/www.amazon.de\/Gillette-Fusion5-Sensitive-Rasiergel-M%C3%A4nner\/dp\/B082VPFZ5R\/ref=sr_1_9?__mk_de_DE=%C3%85M%C3%85%C5%BD%C3%95%C3%91&amp;keywords=Rasiergel&amp;qid=1636645335&amp;qsid=261-7640201-8036567&amp;sr=8-9&amp;sres=B07RY2V457%2CB000MQAW2I%2CB07VB87B2F%2CB085HD4W9S%2CB082VPFZ5R%2CB085HP3FMH%2CB089R41CBF%2CB000IAHWE4%2CB08THZH4HZ%2CB01BU1CXSO%2CB07RWJXX7H%2CB08WQQVMD3%2CB00RMIKEW2%2CB082VNHXVN%2CB08W5698G6%2CB0024L6LN8%2CB07VCDPBST%2CB07RX11281%2CB0012Y1ELM%2CB08WKS1MTG&amp;th=1\" target=\"_blank\" rel=\"noreferrer noopener\">Raseerimisgeel<\/a> Vahuta ja raseeri \u00f5rnade liigutustega kuni nahani v\u00e4lja. 3-p\u00e4evane habe on k\u00f5ige ilusam, kui see on loodud nullist. <\/p>\n\n\n\n<h3 class=\"wp-block-heading\">2. samm: Vahatage oma n\u00e4okarvad<\/h3>\n\n\n\n<p>Seda ei kutsuta mitte ilmaasjata 3-p\u00e4evase habemega habemeks. Enamik suudab 3 p\u00e4eva jooksul piisavalt kasvada. Kui olete lubanud korraliku, \u00fchtlase karvakasvu oma n\u00e4ole, v\u00f5ite m\u00f5elda selle raseerimisele. Habeme pikkuse valik m\u00e4\u00e4rab l\u00f5pliku v\u00e4limuse. Kui tahad n\u00e4ida korrastatum, mine l\u00fchemaks. Kuid l\u00f5ppkokkuv\u00f5ttes on see valik sinu enda teha. Uuri, kuidas habet kasvatada ja milliseid stiilid on saadaval.<\/p>\n\n\n\n<h3 class=\"wp-block-heading\">3. samm: Kuidas raseerida kubemetsa<\/h3>\n\n\n\n<p>Niisiis, kuidas raseerida habemetsa? Esiteks, see on k\u00f5ikeh\u00f5lmav raseerimine. Umbes 2 mm kuni 3 mm on k\u00f5ige tavalisem pikkus, mis valitakse stiilsema v\u00e4limuse saavutamiseks. Seej\u00e4rel alusta habemekarvade trimmimist n\u00e4ol ja kaelal. J\u00e4lgi, et karvade eemaldamine oleks trimmimisel kogu piirkonnas \u00fchtlane.<\/p>\n\n\n\n<h3 class=\"wp-block-heading\">4. samm: L\u00f5ika servad<\/h3>\n\n\n\n<p>Teie <a href=\"https:\/\/www.amazon.de\/Hatteker-Haarschneidemaschine-Pr%C3%A4zisionstrimmer-Langhaarschneider-Nasenhaarschneider\/dp\/B08DJ6TXZN\/ref=sr_1_1_sspa?__mk_de_DE=%C3%85M%C3%85%C5%BD%C3%95%C3%91&amp;keywords=Pr%C3%A4zisionstrimmer&amp;qid=1636645150&amp;sr=8-1-spons&amp;psc=1&amp;smid=A1YR1KUKV2DGWH&amp;spLa=ZW5jcnlwdGVkUXVhbGlmaWVyPUExUFBOUVExSU5FVEFQJmVuY3J5cHRlZElkPUExMDE5ODQ5MVdKOVdWQTRXWjBRMCZlbmNyeXB0ZWRBZElkPUEwOTI3MDg0NUFCVkZFU0hHT1JKJndpZGdldE5hbWU9c3BfYXRmJmFjdGlvbj1jbGlja1JlZGlyZWN0JmRvTm90TG9nQ2xpY2s9dHJ1ZQ==\" target=\"_blank\" rel=\"noreferrer noopener\">T\u00e4ppistrimmer<\/a> l\u00f5ika serv \u00fcmber kaelakaare, alustades v\u00e4ljastpoolt ja t\u00f6\u00f6tades sissepoole. See, kui kaugele te seda sissepoole t\u00f5mbate, s\u00f5ltub teiest ja teie juuste kasvumustrist. Puhta ja loomulikuma kujuga servad toimivad siin k\u00f5ige paremini, kui t\u00f6\u00f6tate kuni kurguni ja veidi \u00fcle kurgu. Seej\u00e4rel hoolitsege juuksejoonte eest piki p\u00f5sesarnasid. P\u00e4rast seda t\u00f6\u00f6tage suu \u00fcmber. <\/p>\n\n\n\n<h3 class=\"wp-block-heading\">5. samm: Puhas raseerimine habeme \u00fcmber<\/h3>\n\n\n\n<p>Pea meeles, et enne kui alustame puhta raseerimisega, on siinkohal oluline v\u00e4ltida teravaid jooni. 3-p\u00e4evane habemega habe n\u00e4eb \u00fcsna loomulik v\u00e4lja, nii et see osa on v\u00e4ga vabatahtlik. Kui soovite siiski oma habemele definitsiooni lisada, siis raseerige t\u00e4psustrimmeriga m\u00e4\u00e4ratletud vormistikust v\u00e4ljapoole j\u00e4\u00e4vaid piirkondi. Kasutage head raseerimisgeeli ja puhast, teravat habemeajamisrinda, et joonistada juba loodud jooned. Patsutage oma n\u00e4gu kuivaks ja p\u00e4rast raseerimist kandke peale rahustavat <a href=\"https:\/\/www.amazon.de\/Sensitive-beruhigende-Gesichtspflege-Feuchtigkeitscreme-Mandel%C3%B6l\/dp\/B07YQ8SHGX\/ref=sr_1_1_sspa?__mk_de_DE=%C3%85M%C3%85%C5%BD%C3%95%C3%91&amp;keywords=balsam+Bart&amp;qid=1636645257&amp;sr=8-1-spons&amp;psc=1&amp;spLa=ZW5jcnlwdGVkUXVhbGlmaWVyPUExUTNJUDBSRVc1VDUwJmVuY3J5cHRlZElkPUEwNTk3NzUxMjlDOVREWVlYSUwxOCZlbmNyeXB0ZWRBZElkPUEwOTk4MDMzMlZBUTBMNElRRVIxTCZ3aWRnZXROYW1lPXNwX2F0ZiZhY3Rpb249Y2xpY2tSZWRpcmVjdCZkb05vdExvZ0NsaWNrPXRydWU=\" target=\"_blank\" rel=\"noreferrer noopener\">Balsam<\/a> edasi. <\/p>\n\n\n\n<p>Need on 5 lihtsat sammu, et luua kuulsusele v\u00e4\u00e4riline 3-p\u00e4evane habe. Selleks, et habemet hoida vormis, trimmi seda iga paari p\u00e4eva tagant ning veendu, et juuksed p\u00fcsiksid puhtad ja niisutatud.<\/p>","protected":false},"excerpt":{"rendered":"<p>Der 3-Tage-Bart Es gibt viele Gr\u00fcnde, sich f\u00fcr einen 3-Tage-Stoppelbart zu entscheiden. Erstens ist er einfach zu erreichen und zu [&hellip;]<\/p>\n","protected":false},"author":3,"featured_media":262,"comment_status":"closed","ping_status":"open","sticky":false,"template":"","format":"standard","meta":{"_acf_changed":false,"_uag_custom_page_level_css":"","site-sidebar-layout":"default","site-content-layout":"","ast-site-content-layout":"default","site-content-style":"default","site-sidebar-style":"default","ast-global-header-display":"","ast-banner-title-visibility":"","ast-main-header-display":"","ast-hfb-above-header-display":"","ast-hfb-below-header-display":"","ast-hfb-mobile-header-display":"","site-post-title":"","ast-breadcrumbs-content":"","ast-featured-img":"","footer-sml-layout":"","ast-disable-related-posts":"","theme-transparent-header-meta":"","adv-header-id-meta":"","stick-header-meta":"","header-above-stick-meta":"","header-main-stick-meta":"","header-below-stick-meta":"","astra-migrate-meta-layouts":"default","ast-page-background-enabled":"default","ast-page-background-meta":{"desktop":{"background-color":"","background-image":"","background-repeat":"repeat","background-position":"center center","background-size":"auto","background-attachment":"scroll","background-type":"","background-media":"","overlay-type":"","overlay-color":"","overlay-opacity":"","overlay-gradient":""},"tablet":{"background-color":"","background-image":"","background-repeat":"repeat","background-position":"center center","background-size":"auto","background-attachment":"scroll","background-type":"","background-media":"","overlay-type":"","overlay-color":"","overlay-opacity":"","overlay-gradient":""},"mobile":{"background-color":"","background-image":"","background-repeat":"repeat","background-position":"center center","background-size":"auto","background-attachment":"scroll","background-type":"","background-media":"","overlay-type":"","overlay-color":"","overlay-opacity":"","overlay-gradient":""}},"ast-content-background-meta":{"desktop":{"background-color":"var(--ast-global-color-5)","background-image":"","background-repeat":"repeat","background-position":"center center","background-size":"auto","background-attachment":"scroll","background-type":"","background-media":"","overlay-type":"","overlay-color":"","overlay-opacity":"","overlay-gradient":""},"tablet":{"background-color":"var(--ast-global-color-5)","background-image":"","background-repeat":"repeat","background-position":"center center","background-size":"auto","background-attachment":"scroll","background-type":"","background-media":"","overlay-type":"","overlay-color":"","overlay-opacity":"","overlay-gradient":""},"mobile":{"background-color":"var(--ast-global-color-5)","background-image":"","background-repeat":"repeat","background-position":"center center","background-size":"auto","background-attachment":"scroll","background-type":"","background-media":"","overlay-type":"","overlay-color":"","overlay-opacity":"","overlay-gradient":""}},"footnotes":""},"categories":[19,11],"tags":[],"class_list":["post-243","post","type-post","status-publish","format-standard","has-post-thumbnail","hentry","category-bart","category-haare"],"acf":[],"yoast_head":"<!-- This site is optimized with the Yoast SEO Premium plugin v20.12 (Yoast SEO v27.4) - https:\/\/yoast.com\/product\/yoast-seo-premium-wordpress\/ -->\n<title>3 Tage Bart Style: 5 Schritte zum kurzem Stoppelbart-Look<\/title>\n<meta name=\"description\" content=\"Der 3 Tage Bart ist nach wie vor in Mode. Mit diesen 5 Schritten kommen Sie zu Ihren optimalen 3-Tage-Bart-Look\" \/>\n<meta name=\"robots\" content=\"index, follow, max-snippet:-1, max-image-preview:large, max-video-preview:-1\" \/>\n<link rel=\"canonical\" href=\"https:\/\/neshio.de\/et\/3-paeevane-habe\/\" \/>\n<meta property=\"og:locale\" content=\"et_EE\" \/>\n<meta property=\"og:type\" content=\"article\" \/>\n<meta property=\"og:title\" content=\"3 Tage Bart Style: 5 Schritte zum kurzem Stoppelbart-Look\" \/>\n<meta property=\"og:description\" content=\"Der 3 Tage Bart ist nach wie vor in Mode. Mit diesen 5 Schritten kommen Sie zu Ihren optimalen 3-Tage-Bart-Look\" \/>\n<meta property=\"og:url\" content=\"https:\/\/neshio.de\/et\/3-paeevane-habe\/\" \/>\n<meta property=\"og:site_name\" content=\"NESHIO\" \/>\n<meta property=\"article:publisher\" content=\"https:\/\/www.facebook.com\/Neshio.Official\" \/>\n<meta property=\"article:published_time\" content=\"2023-07-07T00:32:00+00:00\" \/>\n<meta property=\"article:modified_time\" content=\"2023-07-08T04:32:34+00:00\" \/>\n<meta property=\"og:image\" content=\"https:\/\/neshio.de\/wp-content\/uploads\/2021\/11\/3-Tage-Bart.jpg\" \/>\n\t<meta property=\"og:image:width\" content=\"900\" \/>\n\t<meta property=\"og:image:height\" content=\"671\" \/>\n\t<meta property=\"og:image:type\" content=\"image\/jpeg\" \/>\n<meta name=\"author\" content=\"Marcel Allen\" \/>\n<meta name=\"twitter:card\" content=\"summary_large_image\" \/>\n<meta name=\"twitter:label1\" content=\"Written by\" \/>\n\t<meta name=\"twitter:data1\" content=\"Marcel Allen\" \/>\n\t<meta name=\"twitter:label2\" content=\"Est. reading time\" \/>\n\t<meta name=\"twitter:data2\" content=\"4 minutit\" \/>\n<script type=\"application\/ld+json\" class=\"yoast-schema-graph\">{\"@context\":\"https:\\\/\\\/schema.org\",\"@graph\":[{\"@type\":\"Article\",\"@id\":\"https:\\\/\\\/neshio.de\\\/3-tage-bart\\\/#article\",\"isPartOf\":{\"@id\":\"https:\\\/\\\/neshio.de\\\/3-tage-bart\\\/\"},\"author\":{\"name\":\"Marcel Allen\",\"@id\":\"https:\\\/\\\/neshio.de\\\/#\\\/schema\\\/person\\\/40429a2e11b2dfabdafb9a63921ad6c3\"},\"headline\":\"3 Tage Bart Style: 5 Schritte zum kurzem Stoppelbart-Look\",\"datePublished\":\"2023-07-07T00:32:00+00:00\",\"dateModified\":\"2023-07-08T04:32:34+00:00\",\"mainEntityOfPage\":{\"@id\":\"https:\\\/\\\/neshio.de\\\/3-tage-bart\\\/\"},\"wordCount\":694,\"publisher\":{\"@id\":\"https:\\\/\\\/neshio.de\\\/#organization\"},\"image\":{\"@id\":\"https:\\\/\\\/neshio.de\\\/3-tage-bart\\\/#primaryimage\"},\"thumbnailUrl\":\"https:\\\/\\\/neshio.de\\\/wp-content\\\/uploads\\\/2021\\\/11\\\/3-Tage-Bart.jpg\",\"articleSection\":[\"Bart\",\"Haare\"],\"inLanguage\":\"et\"},{\"@type\":\"WebPage\",\"@id\":\"https:\\\/\\\/neshio.de\\\/3-tage-bart\\\/\",\"url\":\"https:\\\/\\\/neshio.de\\\/3-tage-bart\\\/\",\"name\":\"3 Tage Bart Style: 5 Schritte zum kurzem Stoppelbart-Look\",\"isPartOf\":{\"@id\":\"https:\\\/\\\/neshio.de\\\/#website\"},\"primaryImageOfPage\":{\"@id\":\"https:\\\/\\\/neshio.de\\\/3-tage-bart\\\/#primaryimage\"},\"image\":{\"@id\":\"https:\\\/\\\/neshio.de\\\/3-tage-bart\\\/#primaryimage\"},\"thumbnailUrl\":\"https:\\\/\\\/neshio.de\\\/wp-content\\\/uploads\\\/2021\\\/11\\\/3-Tage-Bart.jpg\",\"datePublished\":\"2023-07-07T00:32:00+00:00\",\"dateModified\":\"2023-07-08T04:32:34+00:00\",\"description\":\"Der 3 Tage Bart ist nach wie vor in Mode. Mit diesen 5 Schritten kommen Sie zu Ihren optimalen 3-Tage-Bart-Look\",\"breadcrumb\":{\"@id\":\"https:\\\/\\\/neshio.de\\\/3-tage-bart\\\/#breadcrumb\"},\"inLanguage\":\"et\",\"potentialAction\":[{\"@type\":\"ReadAction\",\"target\":[\"https:\\\/\\\/neshio.de\\\/3-tage-bart\\\/\"]}]},{\"@type\":\"ImageObject\",\"inLanguage\":\"et\",\"@id\":\"https:\\\/\\\/neshio.de\\\/3-tage-bart\\\/#primaryimage\",\"url\":\"https:\\\/\\\/neshio.de\\\/wp-content\\\/uploads\\\/2021\\\/11\\\/3-Tage-Bart.jpg\",\"contentUrl\":\"https:\\\/\\\/neshio.de\\\/wp-content\\\/uploads\\\/2021\\\/11\\\/3-Tage-Bart.jpg\",\"width\":900,\"height\":671,\"caption\":\"3-Tage-Bart\"},{\"@type\":\"BreadcrumbList\",\"@id\":\"https:\\\/\\\/neshio.de\\\/3-tage-bart\\\/#breadcrumb\",\"itemListElement\":[{\"@type\":\"ListItem\",\"position\":1,\"name\":\"NESHIO\",\"item\":\"https:\\\/\\\/neshio.de\\\/\"},{\"@type\":\"ListItem\",\"position\":2,\"name\":\"Haare\",\"item\":\"https:\\\/\\\/neshio.de\\\/haare\\\/\"},{\"@type\":\"ListItem\",\"position\":3,\"name\":\"3 Tage Bart Style: 5 Schritte zum kurzem Stoppelbart-Look\"}]},{\"@type\":\"WebSite\",\"@id\":\"https:\\\/\\\/neshio.de\\\/#website\",\"url\":\"https:\\\/\\\/neshio.de\\\/\",\"name\":\"NESHIO\",\"description\":\"Beauty und Gesundheit\",\"publisher\":{\"@id\":\"https:\\\/\\\/neshio.de\\\/#organization\"},\"potentialAction\":[{\"@type\":\"SearchAction\",\"target\":{\"@type\":\"EntryPoint\",\"urlTemplate\":\"https:\\\/\\\/neshio.de\\\/?s={search_term_string}\"},\"query-input\":{\"@type\":\"PropertyValueSpecification\",\"valueRequired\":true,\"valueName\":\"search_term_string\"}}],\"inLanguage\":\"et\"},{\"@type\":\"Organization\",\"@id\":\"https:\\\/\\\/neshio.de\\\/#organization\",\"name\":\"NESHIO\",\"url\":\"https:\\\/\\\/neshio.de\\\/\",\"logo\":{\"@type\":\"ImageObject\",\"inLanguage\":\"et\",\"@id\":\"https:\\\/\\\/neshio.de\\\/#\\\/schema\\\/logo\\\/image\\\/\",\"url\":\"https:\\\/\\\/neshio.de\\\/wp-content\\\/uploads\\\/2021\\\/04\\\/Neshio-Logo.png\",\"contentUrl\":\"https:\\\/\\\/neshio.de\\\/wp-content\\\/uploads\\\/2021\\\/04\\\/Neshio-Logo.png\",\"width\":247,\"height\":46,\"caption\":\"NESHIO\"},\"image\":{\"@id\":\"https:\\\/\\\/neshio.de\\\/#\\\/schema\\\/logo\\\/image\\\/\"},\"sameAs\":[\"https:\\\/\\\/www.facebook.com\\\/Neshio.Official\",\"https:\\\/\\\/www.instagram.com\\\/neshio_official\\\/\"]},{\"@type\":\"Person\",\"@id\":\"https:\\\/\\\/neshio.de\\\/#\\\/schema\\\/person\\\/40429a2e11b2dfabdafb9a63921ad6c3\",\"name\":\"Marcel Allen\",\"image\":{\"@type\":\"ImageObject\",\"inLanguage\":\"et\",\"@id\":\"https:\\\/\\\/secure.gravatar.com\\\/avatar\\\/2456d61256291341b53118995cf048c808cc5273344b5c0a265b839ad51c85a9?s=96&d=mm&r=g\",\"url\":\"https:\\\/\\\/secure.gravatar.com\\\/avatar\\\/2456d61256291341b53118995cf048c808cc5273344b5c0a265b839ad51c85a9?s=96&d=mm&r=g\",\"contentUrl\":\"https:\\\/\\\/secure.gravatar.com\\\/avatar\\\/2456d61256291341b53118995cf048c808cc5273344b5c0a265b839ad51c85a9?s=96&d=mm&r=g\",\"caption\":\"Marcel Allen\"}}]}<\/script>\n<!-- \/ Yoast SEO Premium plugin. -->","yoast_head_json":{"title":"3 p\u00e4eva habeme stiil: 5 sammu l\u00fchikese habeme v\u00e4limuse saavutamiseks","description":"3-p\u00e4evane habe on endiselt moes. Nende 5 sammuga saavutate oma optimaalse 3-p\u00e4evase habeme v\u00e4limuse.","robots":{"index":"index","follow":"follow","max-snippet":"max-snippet:-1","max-image-preview":"max-image-preview:large","max-video-preview":"max-video-preview:-1"},"canonical":"https:\/\/neshio.de\/et\/3-paeevane-habe\/","og_locale":"et_EE","og_type":"article","og_title":"3 Tage Bart Style: 5 Schritte zum kurzem Stoppelbart-Look","og_description":"Der 3 Tage Bart ist nach wie vor in Mode. Mit diesen 5 Schritten kommen Sie zu Ihren optimalen 3-Tage-Bart-Look","og_url":"https:\/\/neshio.de\/et\/3-paeevane-habe\/","og_site_name":"NESHIO","article_publisher":"https:\/\/www.facebook.com\/Neshio.Official","article_published_time":"2023-07-07T00:32:00+00:00","article_modified_time":"2023-07-08T04:32:34+00:00","og_image":[{"width":900,"height":671,"url":"https:\/\/neshio.de\/wp-content\/uploads\/2021\/11\/3-Tage-Bart.jpg","type":"image\/jpeg"}],"author":"Marcel Allen","twitter_card":"summary_large_image","twitter_misc":{"Written by":"Marcel Allen","Est. reading time":"4 minutit"},"schema":{"@context":"https:\/\/schema.org","@graph":[{"@type":"Article","@id":"https:\/\/neshio.de\/3-tage-bart\/#article","isPartOf":{"@id":"https:\/\/neshio.de\/3-tage-bart\/"},"author":{"name":"Marcel Allen","@id":"https:\/\/neshio.de\/#\/schema\/person\/40429a2e11b2dfabdafb9a63921ad6c3"},"headline":"3 Tage Bart Style: 5 Schritte zum kurzem Stoppelbart-Look","datePublished":"2023-07-07T00:32:00+00:00","dateModified":"2023-07-08T04:32:34+00:00","mainEntityOfPage":{"@id":"https:\/\/neshio.de\/3-tage-bart\/"},"wordCount":694,"publisher":{"@id":"https:\/\/neshio.de\/#organization"},"image":{"@id":"https:\/\/neshio.de\/3-tage-bart\/#primaryimage"},"thumbnailUrl":"https:\/\/neshio.de\/wp-content\/uploads\/2021\/11\/3-Tage-Bart.jpg","articleSection":["Bart","Haare"],"inLanguage":"et"},{"@type":"WebPage","@id":"https:\/\/neshio.de\/3-tage-bart\/","url":"https:\/\/neshio.de\/3-tage-bart\/","name":"3 p\u00e4eva habeme stiil: 5 sammu l\u00fchikese habeme v\u00e4limuse saavutamiseks","isPartOf":{"@id":"https:\/\/neshio.de\/#website"},"primaryImageOfPage":{"@id":"https:\/\/neshio.de\/3-tage-bart\/#primaryimage"},"image":{"@id":"https:\/\/neshio.de\/3-tage-bart\/#primaryimage"},"thumbnailUrl":"https:\/\/neshio.de\/wp-content\/uploads\/2021\/11\/3-Tage-Bart.jpg","datePublished":"2023-07-07T00:32:00+00:00","dateModified":"2023-07-08T04:32:34+00:00","description":"3-p\u00e4evane habe on endiselt moes. Nende 5 sammuga saavutate oma optimaalse 3-p\u00e4evase habeme v\u00e4limuse.","breadcrumb":{"@id":"https:\/\/neshio.de\/3-tage-bart\/#breadcrumb"},"inLanguage":"et","potentialAction":[{"@type":"ReadAction","target":["https:\/\/neshio.de\/3-tage-bart\/"]}]},{"@type":"ImageObject","inLanguage":"et","@id":"https:\/\/neshio.de\/3-tage-bart\/#primaryimage","url":"https:\/\/neshio.de\/wp-content\/uploads\/2021\/11\/3-Tage-Bart.jpg","contentUrl":"https:\/\/neshio.de\/wp-content\/uploads\/2021\/11\/3-Tage-Bart.jpg","width":900,"height":671,"caption":"3-Tage-Bart"},{"@type":"BreadcrumbList","@id":"https:\/\/neshio.de\/3-tage-bart\/#breadcrumb","itemListElement":[{"@type":"ListItem","position":1,"name":"NESHIO","item":"https:\/\/neshio.de\/"},{"@type":"ListItem","position":2,"name":"Haare","item":"https:\/\/neshio.de\/haare\/"},{"@type":"ListItem","position":3,"name":"3 Tage Bart Style: 5 Schritte zum kurzem Stoppelbart-Look"}]},{"@type":"WebSite","@id":"https:\/\/neshio.de\/#website","url":"https:\/\/neshio.de\/","name":"NESHIO","description":"Ilu ja tervis","publisher":{"@id":"https:\/\/neshio.de\/#organization"},"potentialAction":[{"@type":"SearchAction","target":{"@type":"EntryPoint","urlTemplate":"https:\/\/neshio.de\/?s={search_term_string}"},"query-input":{"@type":"PropertyValueSpecification","valueRequired":true,"valueName":"search_term_string"}}],"inLanguage":"et"},{"@type":"Organization","@id":"https:\/\/neshio.de\/#organization","name":"NESHIO","url":"https:\/\/neshio.de\/","logo":{"@type":"ImageObject","inLanguage":"et","@id":"https:\/\/neshio.de\/#\/schema\/logo\/image\/","url":"https:\/\/neshio.de\/wp-content\/uploads\/2021\/04\/Neshio-Logo.png","contentUrl":"https:\/\/neshio.de\/wp-content\/uploads\/2021\/04\/Neshio-Logo.png","width":247,"height":46,"caption":"NESHIO"},"image":{"@id":"https:\/\/neshio.de\/#\/schema\/logo\/image\/"},"sameAs":["https:\/\/www.facebook.com\/Neshio.Official","https:\/\/www.instagram.com\/neshio_official\/"]},{"@type":"Person","@id":"https:\/\/neshio.de\/#\/schema\/person\/40429a2e11b2dfabdafb9a63921ad6c3","name":"Marcel Allen","image":{"@type":"ImageObject","inLanguage":"et","@id":"https:\/\/secure.gravatar.com\/avatar\/2456d61256291341b53118995cf048c808cc5273344b5c0a265b839ad51c85a9?s=96&d=mm&r=g","url":"https:\/\/secure.gravatar.com\/avatar\/2456d61256291341b53118995cf048c808cc5273344b5c0a265b839ad51c85a9?s=96&d=mm&r=g","contentUrl":"https:\/\/secure.gravatar.com\/avatar\/2456d61256291341b53118995cf048c808cc5273344b5c0a265b839ad51c85a9?s=96&d=mm&r=g","caption":"Marcel Allen"}}]}},"uagb_featured_image_src":{"full":["https:\/\/neshio.de\/wp-content\/uploads\/2021\/11\/3-Tage-Bart.jpg",900,671,false],"thumbnail":["https:\/\/neshio.de\/wp-content\/uploads\/2021\/11\/3-Tage-Bart-150x150.jpg",150,150,true],"medium":["https:\/\/neshio.de\/wp-content\/uploads\/2021\/11\/3-Tage-Bart-300x224.jpg",300,224,true],"medium_large":["https:\/\/neshio.de\/wp-content\/uploads\/2021\/11\/3-Tage-Bart-768x573.jpg",768,573,true],"large":["https:\/\/neshio.de\/wp-content\/uploads\/2021\/11\/3-Tage-Bart.jpg",900,671,false],"1536x1536":["https:\/\/neshio.de\/wp-content\/uploads\/2021\/11\/3-Tage-Bart.jpg",900,671,false],"2048x2048":["https:\/\/neshio.de\/wp-content\/uploads\/2021\/11\/3-Tage-Bart.jpg",900,671,false],"trp-custom-language-flag":["https:\/\/neshio.de\/wp-content\/uploads\/2021\/11\/3-Tage-Bart.jpg",16,12,false]},"uagb_author_info":{"display_name":"Marcel Allen","author_link":"https:\/\/neshio.de\/et\/author\/marcel-allen\/"},"uagb_comment_info":0,"uagb_excerpt":"Der 3-Tage-Bart Es gibt viele Gr\u00fcnde, sich f\u00fcr einen 3-Tage-Stoppelbart zu entscheiden. Erstens ist er einfach zu erreichen und zu [&hellip;]","_links":{"self":[{"href":"https:\/\/neshio.de\/et\/wp-json\/wp\/v2\/posts\/243","targetHints":{"allow":["GET"]}}],"collection":[{"href":"https:\/\/neshio.de\/et\/wp-json\/wp\/v2\/posts"}],"about":[{"href":"https:\/\/neshio.de\/et\/wp-json\/wp\/v2\/types\/post"}],"author":[{"embeddable":true,"href":"https:\/\/neshio.de\/et\/wp-json\/wp\/v2\/users\/3"}],"replies":[{"embeddable":true,"href":"https:\/\/neshio.de\/et\/wp-json\/wp\/v2\/comments?post=243"}],"version-history":[{"count":12,"href":"https:\/\/neshio.de\/et\/wp-json\/wp\/v2\/posts\/243\/revisions"}],"predecessor-version":[{"id":343,"href":"https:\/\/neshio.de\/et\/wp-json\/wp\/v2\/posts\/243\/revisions\/343"}],"wp:featuredmedia":[{"embeddable":true,"href":"https:\/\/neshio.de\/et\/wp-json\/wp\/v2\/media\/262"}],"wp:attachment":[{"href":"https:\/\/neshio.de\/et\/wp-json\/wp\/v2\/media?parent=243"}],"wp:term":[{"taxonomy":"category","embeddable":true,"href":"https:\/\/neshio.de\/et\/wp-json\/wp\/v2\/categories?post=243"},{"taxonomy":"post_tag","embeddable":true,"href":"https:\/\/neshio.de\/et\/wp-json\/wp\/v2\/tags?post=243"}],"curies":[{"name":"wp","href":"https:\/\/api.w.org\/{rel}","templated":true}]}}