{"id":325,"date":"2023-07-08T04:27:52","date_gmt":"2023-07-08T04:27:52","guid":{"rendered":"https:\/\/neshio.de\/?p=325"},"modified":"2023-07-08T04:38:20","modified_gmt":"2023-07-08T04:38:20","slug":"lazale","status":"publish","type":"post","link":"https:\/\/neshio.de\/es\/lazale\/","title":{"rendered":"Experiencia Lazale: Prueba a fondo de la crema antiestr\u00edas"},"content":{"rendered":"<p>Cuando se trata del cuidado de la piel, las estr\u00edas y las estr\u00edas son un tema habitual. Muchos de nosotros las tenemos y, para algunos, pueden suponer una merma de la confianza en uno mismo. Existen innumerables productos en el mercado que prometen combatir estas inconsistencias est\u00e9ticas, pero \u00bfhasta qu\u00e9 punto funcionan realmente? Para responder a esta pregunta, hemos probado Lazale, una crema antiestr\u00edas muy aclamada. Aqu\u00ed compartimos nuestra experiencia con Lazale.<\/p>\n\n\n\n<h2 class=\"wp-block-heading\" id=\"h-was-macht-lazale-so-besonders\">\u00bfQu\u00e9 hace que Lazale sea tan especial?<\/h2>\n\n\n\n<p>A diferencia de las cremas antiestr\u00edas convencionales, Lazale ha llamado nuestra atenci\u00f3n por su formulaci\u00f3n de alta calidad y sus innovadores m\u00e9todos de fabricaci\u00f3n. El producto contiene extracto de guaran\u00e1, \u00e1cido hialur\u00f3nico, extracto de soja negra, niacinamida (vitamina B3), extracto de ra\u00edz de regaliz, extracto de manzanilla y muchos otros ingredientes valiosos.<\/p>\n\n\n\n<p>Nos impresion\u00f3 especialmente el uso de t\u00e9cnicas de fermentaci\u00f3n y fabricaci\u00f3n liposomal. Estos procesos permiten que los ingredientes activos penetren m\u00e1s profundamente en la piel para una acci\u00f3n espec\u00edfica. Es una prueba clara del cuidado y el compromiso de Lazale con el cuidado de la piel.<\/p>\n\n\n\n<h2 class=\"wp-block-heading\">Nuestra experiencia con Lazale<\/h2>\n\n\n\n<p>Sinceramente, nos sorprendi\u00f3 la eficacia de Lazale. Tras una breve aplicaci\u00f3n, notamos una mejora en el aspecto de nuestra piel. La crema se siente c\u00f3moda sobre la piel y la deja bien hidratada y nutrida.<\/p>\n\n\n\n<p>Adem\u00e1s, la crema no s\u00f3lo nos ha convencido a nosotros, sino tambi\u00e9n a muchos de nuestros clientes que tambi\u00e9n han tenido experiencias positivas con Lazale. Muchos informaron de mejoras visibles en sus estr\u00edas tras unas semanas de uso regular.<\/p>\n\n\n\n<figure class=\"wp-block-image size-full is-resized\"><img loading=\"lazy\" decoding=\"async\" src=\"https:\/\/neshio.de\/wp-content\/uploads\/2023\/07\/Lazale-Test.jpg\" alt=\"Lazale\" class=\"wp-image-332\" width=\"596\" height=\"444\" srcset=\"https:\/\/neshio.de\/wp-content\/uploads\/2023\/07\/Lazale-Test.jpg 900w, https:\/\/neshio.de\/wp-content\/uploads\/2023\/07\/Lazale-Test-300x224.jpg 300w, https:\/\/neshio.de\/wp-content\/uploads\/2023\/07\/Lazale-Test-768x573.jpg 768w\" sizes=\"auto, (max-width: 596px) 100vw, 596px\" \/><\/figure>\n\n\n\n<h2 class=\"wp-block-heading\">Lazale: m\u00e1s que una crema<\/h2>\n\n\n\n<p>Pero lo que realmente hace que Lazale destaque es la filosof\u00eda que hay detr\u00e1s del producto. Los creadores de Lazale entienden que las estr\u00edas no s\u00f3lo pueden ser un problema f\u00edsico, sino tambi\u00e9n emocional. Su objetivo no es s\u00f3lo cuidar la piel, sino tambi\u00e9n reforzar la confianza en uno mismo.<\/p>\n\n\n\n<h2 class=\"wp-block-heading\"><strong>Resultado<\/strong><\/h2>\n\n\n\n<p>Nuestra experiencia con Lazale ha sido siempre positiva. Es un producto de alta calidad que destaca de la competencia por su formulaci\u00f3n eficaz y sus m\u00e9todos de fabricaci\u00f3n innovadores. Si buscas una crema que realmente act\u00fae contra las estr\u00edas, te recomendamos Lazale. Pru\u00e9bela y compruebe por s\u00ed misma c\u00f3mo puede mejorar la textura de su piel y aumentar la confianza en s\u00ed misma.<\/p>\n\n\n\n<p>Importante: Cada piel es \u00fanica y reacciona de forma diferente a los productos de cuidado de la piel. Es posible que tarde alg\u00fan tiempo en ver los resultados deseados. S\u00e9 paciente y dale a tu piel el tiempo que necesita para adaptarse y regenerarse.<\/p>\n\n\n\n<figure class=\"wp-block-image size-large is-resized\"><img loading=\"lazy\" decoding=\"async\" src=\"https:\/\/neshio.de\/wp-content\/uploads\/2023\/07\/Lazale-Cream-1024x788.jpg\" alt=\"Prueba Lazale\" class=\"wp-image-336\" width=\"408\" height=\"314\" srcset=\"https:\/\/neshio.de\/wp-content\/uploads\/2023\/07\/Lazale-Cream-1024x788.jpg 1024w, https:\/\/neshio.de\/wp-content\/uploads\/2023\/07\/Lazale-Cream-300x231.jpg 300w, https:\/\/neshio.de\/wp-content\/uploads\/2023\/07\/Lazale-Cream-768x591.jpg 768w, https:\/\/neshio.de\/wp-content\/uploads\/2023\/07\/Lazale-Cream.jpg 1300w\" sizes=\"auto, (max-width: 408px) 100vw, 408px\" \/><\/figure>\n\n\n\n<h2 class=\"wp-block-heading\">Hechos de Lazale: <\/h2>\n\n\n\n<ol class=\"wp-block-list\">\n<li><strong>Formulaci\u00f3n dirigida: <\/strong>Lazale se ha desarrollado especialmente para combatir y prevenir las estr\u00edas y las estr\u00edas.<\/li>\n\n\n\n<li><strong>Ingredientes de alta calidad:<\/strong> La crema contiene ingredientes cuidadosamente seleccionados y avalados cient\u00edficamente, como extracto de guaran\u00e1, \u00e1cido hialur\u00f3nico y extracto de soja negra.<\/li>\n\n\n\n<li><strong>T\u00e9cnicas de fabricaci\u00f3n innovadoras:<\/strong> Lazale utiliza procesos de fabricaci\u00f3n avanzados, como la fermentaci\u00f3n y la tecnolog\u00eda liposomal, para garantizar la m\u00e1xima absorci\u00f3n y eficacia de los ingredientes.<\/li>\n\n\n\n<li><strong>Eficacia: <\/strong>Lazale ofrece una soluci\u00f3n eficaz para mejorar el aspecto de las estr\u00edas y favorece una mayor confianza en la apariencia de la piel.<\/li>\n\n\n\n<li><strong>Adecuado para todo tipo de pieles: <\/strong>Lazale es adecuado para todo tipo de pieles, incluidas las sensibles.<\/li>\n\n\n\n<li><strong>Comentarios positivos de los clientes:<\/strong> Nuestra experiencia y la de nuestros clientes confirman la alta calidad y eficacia de Lazale en comparaci\u00f3n con los productos convencionales.<\/li>\n<\/ol>\n\n\n\n<h2 class=\"wp-block-heading\">Preguntas sobre Lazale contestadas: <\/h2>\n\n\n<div class=\"wp-block-uagb-faq uagb-faq__outer-wrap uagb-block-ce3a97d8 uagb-faq-icon-row uagb-faq-layout-accordion uagb-faq-expand-first-true uagb-faq-inactive-other-true uagb-faq__wrap uagb-buttons-layout-wrap uagb-faq-equal-height\" data-faqtoggle=\"true\" role=\"tablist\"><div class=\"wp-block-uagb-faq-child uagb-faq-child__outer-wrap uagb-faq-item uagb-block-ab560751\" role=\"tab\" tabindex=\"0\"><div class=\"uagb-faq-questions-button uagb-faq-questions\">\t\t\t<span class=\"uagb-icon uagb-faq-icon-wrap\">\n\t\t\t\t\t\t\t\t<svg xmlns=\"https:\/\/www.w3.org\/2000\/svg\" viewbox= \"0 0 448 512\"><path d=\"M432 256c0 17.69-14.33 32.01-32 32.01H256v144c0 17.69-14.33 31.99-32 31.99s-32-14.3-32-31.99v-144H48c-17.67 0-32-14.32-32-32.01s14.33-31.99 32-31.99H192v-144c0-17.69 14.33-32.01 32-32.01s32 14.32 32 32.01v144h144C417.7 224 432 238.3 432 256z\"><\/path><\/svg>\n\t\t\t\t\t\t\t<\/span>\n\t\t\t\t\t\t<span class=\"uagb-icon-active uagb-faq-icon-wrap\">\n\t\t\t\t\t\t\t\t<svg xmlns=\"https:\/\/www.w3.org\/2000\/svg\" viewbox= \"0 0 448 512\"><path d=\"M400 288h-352c-17.69 0-32-14.32-32-32.01s14.31-31.99 32-31.99h352c17.69 0 32 14.3 32 31.99S417.7 288 400 288z\"><\/path><\/svg>\n\t\t\t\t\t\t\t<\/span>\n\t\t\t<span class=\"uagb-question\"><strong><strong>\u00bfCu\u00e1ndo veremos los primeros resultados con Lazale?<\/strong><\/strong><\/span><\/div><div class=\"uagb-faq-content\"><p>Dependiendo del tipo de piel, las primeras mejoras pueden ser visibles al cabo de pocas semanas.<\/p><\/div><\/div><div class=\"wp-block-uagb-faq-child uagb-faq-child__outer-wrap uagb-faq-item uagb-block-bf98d290\" role=\"tab\" tabindex=\"0\"><div class=\"uagb-faq-questions-button uagb-faq-questions\">\t\t\t<span class=\"uagb-icon uagb-faq-icon-wrap\">\n\t\t\t\t\t\t\t\t<svg xmlns=\"https:\/\/www.w3.org\/2000\/svg\" viewbox= \"0 0 448 512\"><path d=\"M432 256c0 17.69-14.33 32.01-32 32.01H256v144c0 17.69-14.33 31.99-32 31.99s-32-14.3-32-31.99v-144H48c-17.67 0-32-14.32-32-32.01s14.33-31.99 32-31.99H192v-144c0-17.69 14.33-32.01 32-32.01s32 14.32 32 32.01v144h144C417.7 224 432 238.3 432 256z\"><\/path><\/svg>\n\t\t\t\t\t\t\t<\/span>\n\t\t\t\t\t\t<span class=\"uagb-icon-active uagb-faq-icon-wrap\">\n\t\t\t\t\t\t\t\t<svg xmlns=\"https:\/\/www.w3.org\/2000\/svg\" viewbox= \"0 0 448 512\"><path d=\"M400 288h-352c-17.69 0-32-14.32-32-32.01s14.31-31.99 32-31.99h352c17.69 0 32 14.3 32 31.99S417.7 288 400 288z\"><\/path><\/svg>\n\t\t\t\t\t\t\t<\/span>\n\t\t\t<span class=\"uagb-question\"><strong>\u00bfCu\u00e1l es la mejor manera de utilizar Lazale?<\/strong><\/span><\/div><div class=\"uagb-faq-content\"><p>Lo mejor es masajear suavemente las zonas afectadas todos los d\u00edas despu\u00e9s de la ducha.<\/p><\/div><\/div><div class=\"wp-block-uagb-faq-child uagb-faq-child__outer-wrap uagb-faq-item uagb-block-4a72534d\" role=\"tab\" tabindex=\"0\"><div class=\"uagb-faq-questions-button uagb-faq-questions\">\t\t\t<span class=\"uagb-icon uagb-faq-icon-wrap\">\n\t\t\t\t\t\t\t\t<svg xmlns=\"https:\/\/www.w3.org\/2000\/svg\" viewbox= \"0 0 448 512\"><path d=\"M432 256c0 17.69-14.33 32.01-32 32.01H256v144c0 17.69-14.33 31.99-32 31.99s-32-14.3-32-31.99v-144H48c-17.67 0-32-14.32-32-32.01s14.33-31.99 32-31.99H192v-144c0-17.69 14.33-32.01 32-32.01s32 14.32 32 32.01v144h144C417.7 224 432 238.3 432 256z\"><\/path><\/svg>\n\t\t\t\t\t\t\t<\/span>\n\t\t\t\t\t\t<span class=\"uagb-icon-active uagb-faq-icon-wrap\">\n\t\t\t\t\t\t\t\t<svg xmlns=\"https:\/\/www.w3.org\/2000\/svg\" viewbox= \"0 0 448 512\"><path d=\"M400 288h-352c-17.69 0-32-14.32-32-32.01s14.31-31.99 32-31.99h352c17.69 0 32 14.3 32 31.99S417.7 288 400 288z\"><\/path><\/svg>\n\t\t\t\t\t\t\t<\/span>\n\t\t\t<span class=\"uagb-question\"><strong>\u00bfPuede tolerar Lazale mi piel sensible?<\/strong><\/span><\/div><div class=\"uagb-faq-content\"><p>S\u00ed, Lazale es adecuado para todo tipo de pieles, incluidas las sensibles.<\/p><\/div><\/div><div class=\"wp-block-uagb-faq-child uagb-faq-child__outer-wrap uagb-faq-item uagb-block-70b1dded\" role=\"tab\" tabindex=\"0\"><div class=\"uagb-faq-questions-button uagb-faq-questions\">\t\t\t<span class=\"uagb-icon uagb-faq-icon-wrap\">\n\t\t\t\t\t\t\t\t<svg xmlns=\"https:\/\/www.w3.org\/2000\/svg\" viewbox= \"0 0 448 512\"><path d=\"M432 256c0 17.69-14.33 32.01-32 32.01H256v144c0 17.69-14.33 31.99-32 31.99s-32-14.3-32-31.99v-144H48c-17.67 0-32-14.32-32-32.01s14.33-31.99 32-31.99H192v-144c0-17.69 14.33-32.01 32-32.01s32 14.32 32 32.01v144h144C417.7 224 432 238.3 432 256z\"><\/path><\/svg>\n\t\t\t\t\t\t\t<\/span>\n\t\t\t\t\t\t<span class=\"uagb-icon-active uagb-faq-icon-wrap\">\n\t\t\t\t\t\t\t\t<svg xmlns=\"https:\/\/www.w3.org\/2000\/svg\" viewbox= \"0 0 448 512\"><path d=\"M400 288h-352c-17.69 0-32-14.32-32-32.01s14.31-31.99 32-31.99h352c17.69 0 32 14.3 32 31.99S417.7 288 400 288z\"><\/path><\/svg>\n\t\t\t\t\t\t\t<\/span>\n\t\t\t<span class=\"uagb-question\"><strong>\u00bfPuedo utilizar Lazale para prevenir las estr\u00edas?<\/strong><\/span><\/div><div class=\"uagb-faq-content\"><p>Lazale puede utilizarse para prevenir las estr\u00edas, pero se recomienda consultar al m\u00e9dico.<\/p><\/div><\/div><\/div>\n\n\n<div style=\"height:68px\" aria-hidden=\"true\" class=\"wp-block-spacer\"><\/div>\n\n\n\n<h2 class=\"wp-block-heading\">Nuevas entradas del blog<\/h2>\n\n\n\n\t\t\t<div class=\"wp-block-uagb-post-grid uagb-post-grid  uagb-post__image-position-top uagb-post__image-enabled uagb-block-bb9a9715     uagb-post__items uagb-post__columns-3 is-grid uagb-post__columns-tablet-2 uagb-post__columns-mobile-1 uagb-post__equal-height\" data-total=\"2\" style=\"\">\n\n\t\t\t\t\t\t\t\t\t\t\t\t<article class=\"uagb-post__inner-wrap\">\t\t\t\t\t\t\t\t<div class='uagb-post__image'>\n\t\t\t\t\t\t\t\t\t<a href=\"https:\/\/neshio.de\/es\/sintomas-de-carencia-de-vitamina-a\/\" target=\"_self\" rel=\"bookmark noopener noreferrer\" class='uagb-image-ratio-inherit'><img loading=\"lazy\" decoding=\"async\" width=\"900\" height=\"671\" src=\"https:\/\/neshio.de\/wp-content\/uploads\/2021\/11\/vitamin-a-mangel-symptome.jpg\" class=\"attachment-large size-large\" alt=\"s\u00edntomas de carencia de vitamina a\" srcset=\"https:\/\/neshio.de\/wp-content\/uploads\/2021\/11\/vitamin-a-mangel-symptome.jpg 900w, https:\/\/neshio.de\/wp-content\/uploads\/2021\/11\/vitamin-a-mangel-symptome-300x224.jpg 300w, https:\/\/neshio.de\/wp-content\/uploads\/2021\/11\/vitamin-a-mangel-symptome-768x573.jpg 768w\" sizes=\"auto, (max-width: 900px) 100vw, 900px\" \/>\t\t\t\t\t<\/a>\n\t\t\t\t\t\t\t<\/div>\n\t\t\t\t\t\t<h4 class=\"uagb-post__title uagb-post__text\">\n\t\t\t\t<a href=\"https:\/\/neshio.de\/es\/sintomas-de-carencia-de-vitamina-a\/\" target=\"_self\" rel=\"bookmark noopener noreferrer\">6 s\u00edntomas de carencia de vitamina A<\/a>\n\t\t\t<\/h4>\n\t\t\t\t\t\t<div class='uagb-post__text uagb-post-grid-byline'>\n\t\t\t\t\t\t\t<\/div>\n\t\t\t\t\t\t\t<div class='uagb-post__text uagb-post__excerpt'>\n\t\t\t\t\t<p>\u00bfPor qu\u00e9 vitamina A? Cuando se trata de mantenerse sano...\t\t\t\t<\/div>\n\t\t\t\n\t\t\t\t\t\t\t\t\t<\/article>\n\t\t\t\t\t\t\t\t\t\t\t\t\t\t\t\t<article class=\"uagb-post__inner-wrap\">\t\t\t\t\t\t\t\t<div class='uagb-post__image'>\n\t\t\t\t\t\t\t\t\t<a href=\"https:\/\/neshio.de\/es\/cuanta-proteina-al-dia\/\" target=\"_self\" rel=\"bookmark noopener noreferrer\" class='uagb-image-ratio-inherit'><img loading=\"lazy\" decoding=\"async\" width=\"900\" height=\"671\" src=\"https:\/\/neshio.de\/wp-content\/uploads\/2021\/11\/wie-viel-protein-am-tag.jpg\" class=\"attachment-large size-large\" alt=\"cu\u00e1nta prote\u00edna al d\u00eda\" srcset=\"https:\/\/neshio.de\/wp-content\/uploads\/2021\/11\/wie-viel-protein-am-tag.jpg 900w, https:\/\/neshio.de\/wp-content\/uploads\/2021\/11\/wie-viel-protein-am-tag-300x224.jpg 300w, https:\/\/neshio.de\/wp-content\/uploads\/2021\/11\/wie-viel-protein-am-tag-768x573.jpg 768w\" sizes=\"auto, (max-width: 900px) 100vw, 900px\" \/>\t\t\t\t\t<\/a>\n\t\t\t\t\t\t\t<\/div>\n\t\t\t\t\t\t<h4 class=\"uagb-post__title uagb-post__text\">\n\t\t\t\t<a href=\"https:\/\/neshio.de\/es\/cuanta-proteina-al-dia\/\" target=\"_self\" rel=\"bookmark noopener noreferrer\">Esta es la cantidad de prote\u00ednas que realmente debes consumir al d\u00eda<\/a>\n\t\t\t<\/h4>\n\t\t\t\t\t\t<div class='uagb-post__text uagb-post-grid-byline'>\n\t\t\t\t\t\t\t<\/div>\n\t\t\t\t\t\t\t<div class='uagb-post__text uagb-post__excerpt'>\n\t\t\t\t\t<p>La ingesta diaria de prote\u00ednas no es necesariamente la misma para todos...\t\t\t\t<\/div>\n\t\t\t\n\t\t\t\t\t\t\t\t\t<\/article>\n\t\t\t\t\t\t\t\t\t\t\t\t\t\t\t\t<article class=\"uagb-post__inner-wrap\">\t\t\t\t\t\t\t\t<div class='uagb-post__image'>\n\t\t\t\t\t\t\t\t\t<a href=\"https:\/\/neshio.de\/es\/alimentos-ricos-en-proteinas\/\" target=\"_self\" rel=\"bookmark noopener noreferrer\" class='uagb-image-ratio-inherit'><img loading=\"lazy\" decoding=\"async\" width=\"900\" height=\"671\" src=\"https:\/\/neshio.de\/wp-content\/uploads\/2021\/04\/proteinreiche-Lebensmittel.jpg\" class=\"attachment-large size-large\" alt=\"Alimentos ricos en prote\u00ednas\" srcset=\"https:\/\/neshio.de\/wp-content\/uploads\/2021\/04\/proteinreiche-Lebensmittel.jpg 900w, https:\/\/neshio.de\/wp-content\/uploads\/2021\/04\/proteinreiche-Lebensmittel-300x224.jpg 300w, https:\/\/neshio.de\/wp-content\/uploads\/2021\/04\/proteinreiche-Lebensmittel-768x573.jpg 768w\" sizes=\"auto, (max-width: 900px) 100vw, 900px\" \/>\t\t\t\t\t<\/a>\n\t\t\t\t\t\t\t<\/div>\n\t\t\t\t\t\t<h4 class=\"uagb-post__title uagb-post__text\">\n\t\t\t\t<a href=\"https:\/\/neshio.de\/es\/alimentos-ricos-en-proteinas\/\" target=\"_self\" rel=\"bookmark noopener noreferrer\">6 alimentos ricos en prote\u00ednas que no debes pasar por alto<\/a>\n\t\t\t<\/h4>\n\t\t\t\t\t\t<div class='uagb-post__text uagb-post-grid-byline'>\n\t\t\t\t\t\t\t<\/div>\n\t\t\t\t\t\t\t<div class='uagb-post__text uagb-post__excerpt'>\n\t\t\t\t\t<p>Incluya estos alimentos ricos en prote\u00ednas en su pr\u00f3xima lista de la compra....\t\t\t\t<\/div>\n\t\t\t\n\t\t\t\t\t\t\t\t\t<\/article>\n\t\t\t\t\t\t\t\t\t\t\t<\/div>","protected":false},"excerpt":{"rendered":"<p>Wenn es um Hautpflege geht, sind Dehnungsstreifen und Schwangerschaftsstreifen ein h\u00e4ufiges Thema. Viele von uns haben sie und f\u00fcr einige [&hellip;]<\/p>\n","protected":false},"author":2,"featured_media":328,"comment_status":"closed","ping_status":"open","sticky":false,"template":"","format":"standard","meta":{"_acf_changed":false,"_uag_custom_page_level_css":"","site-sidebar-layout":"default","site-content-layout":"","ast-site-content-layout":"default","site-content-style":"default","site-sidebar-style":"default","ast-global-header-display":"","ast-banner-title-visibility":"","ast-main-header-display":"","ast-hfb-above-header-display":"","ast-hfb-below-header-display":"","ast-hfb-mobile-header-display":"","site-post-title":"","ast-breadcrumbs-content":"","ast-featured-img":"","footer-sml-layout":"","ast-disable-related-posts":"","theme-transparent-header-meta":"","adv-header-id-meta":"","stick-header-meta":"","header-above-stick-meta":"","header-main-stick-meta":"","header-below-stick-meta":"","astra-migrate-meta-layouts":"default","ast-page-background-enabled":"default","ast-page-background-meta":{"desktop":{"background-color":"","background-image":"","background-repeat":"repeat","background-position":"center center","background-size":"auto","background-attachment":"scroll","background-type":"","background-media":"","overlay-type":"","overlay-color":"","overlay-opacity":"","overlay-gradient":""},"tablet":{"background-color":"","background-image":"","background-repeat":"repeat","background-position":"center center","background-size":"auto","background-attachment":"scroll","background-type":"","background-media":"","overlay-type":"","overlay-color":"","overlay-opacity":"","overlay-gradient":""},"mobile":{"background-color":"","background-image":"","background-repeat":"repeat","background-position":"center center","background-size":"auto","background-attachment":"scroll","background-type":"","background-media":"","overlay-type":"","overlay-color":"","overlay-opacity":"","overlay-gradient":""}},"ast-content-background-meta":{"desktop":{"background-color":"var(--ast-global-color-5)","background-image":"","background-repeat":"repeat","background-position":"center center","background-size":"auto","background-attachment":"scroll","background-type":"","background-media":"","overlay-type":"","overlay-color":"","overlay-opacity":"","overlay-gradient":""},"tablet":{"background-color":"var(--ast-global-color-5)","background-image":"","background-repeat":"repeat","background-position":"center center","background-size":"auto","background-attachment":"scroll","background-type":"","background-media":"","overlay-type":"","overlay-color":"","overlay-opacity":"","overlay-gradient":""},"mobile":{"background-color":"var(--ast-global-color-5)","background-image":"","background-repeat":"repeat","background-position":"center center","background-size":"auto","background-attachment":"scroll","background-type":"","background-media":"","overlay-type":"","overlay-color":"","overlay-opacity":"","overlay-gradient":""}},"footnotes":""},"categories":[7],"tags":[],"class_list":["post-325","post","type-post","status-publish","format-standard","has-post-thumbnail","hentry","category-haut"],"acf":[],"yoast_head":"<!-- This site is optimized with the Yoast SEO Premium plugin v20.12 (Yoast SEO v27.4) - https:\/\/yoast.com\/product\/yoast-seo-premium-wordpress\/ -->\n<title>Lazale - Wirkt die Dehnungsstreifen Creme wirklich? Neu!<\/title>\n<meta name=\"description\" content=\"Lazale Erfahrungen: Ein tiefgreifender Test der Dehnungsstreifen Creme. Was macht die Creme besonders und h\u00e4lt es sein versprechen?\" \/>\n<meta name=\"robots\" content=\"index, follow, max-snippet:-1, max-image-preview:large, max-video-preview:-1\" \/>\n<link rel=\"canonical\" href=\"https:\/\/neshio.de\/es\/lazale\/\" \/>\n<meta property=\"og:locale\" content=\"es_ES\" \/>\n<meta property=\"og:type\" content=\"article\" \/>\n<meta property=\"og:title\" content=\"Lazale Erfahrungen: Ein tiefgreifender Test der Dehnungsstreifen Creme\" \/>\n<meta property=\"og:description\" content=\"Lazale Erfahrungen: Ein tiefgreifender Test der Dehnungsstreifen Creme. Was macht die Creme besonders und h\u00e4lt es sein versprechen?\" \/>\n<meta property=\"og:url\" content=\"https:\/\/neshio.de\/es\/lazale\/\" \/>\n<meta property=\"og:site_name\" content=\"NESHIO\" \/>\n<meta property=\"article:publisher\" content=\"https:\/\/www.facebook.com\/Neshio.Official\" \/>\n<meta property=\"article:published_time\" content=\"2023-07-08T04:27:52+00:00\" \/>\n<meta property=\"article:modified_time\" content=\"2023-07-08T04:38:20+00:00\" \/>\n<meta property=\"og:image\" content=\"https:\/\/neshio.de\/wp-content\/uploads\/2023\/07\/Lazale.jpg\" \/>\n\t<meta property=\"og:image:width\" content=\"900\" \/>\n\t<meta property=\"og:image:height\" content=\"671\" \/>\n\t<meta property=\"og:image:type\" content=\"image\/jpeg\" \/>\n<meta name=\"author\" content=\"Sophie Anderson\" \/>\n<meta name=\"twitter:card\" content=\"summary_large_image\" \/>\n<meta name=\"twitter:label1\" content=\"Escrito por\" \/>\n\t<meta name=\"twitter:data1\" content=\"Sophie Anderson\" \/>\n\t<meta name=\"twitter:label2\" content=\"Tiempo de lectura\" \/>\n\t<meta name=\"twitter:data2\" content=\"4 minutos\" \/>\n<script type=\"application\/ld+json\" class=\"yoast-schema-graph\">{\"@context\":\"https:\\\/\\\/schema.org\",\"@graph\":[{\"@type\":\"Article\",\"@id\":\"https:\\\/\\\/neshio.de\\\/lazale\\\/#article\",\"isPartOf\":{\"@id\":\"https:\\\/\\\/neshio.de\\\/lazale\\\/\"},\"author\":{\"name\":\"Sophie Anderson\",\"@id\":\"https:\\\/\\\/neshio.de\\\/#\\\/schema\\\/person\\\/b200f62173b05950188360ca99c9035a\"},\"headline\":\"Lazale Erfahrungen: Ein tiefgreifender Test der Dehnungsstreifen Creme\",\"datePublished\":\"2023-07-08T04:27:52+00:00\",\"dateModified\":\"2023-07-08T04:38:20+00:00\",\"mainEntityOfPage\":{\"@id\":\"https:\\\/\\\/neshio.de\\\/lazale\\\/\"},\"wordCount\":623,\"publisher\":{\"@id\":\"https:\\\/\\\/neshio.de\\\/#organization\"},\"image\":{\"@id\":\"https:\\\/\\\/neshio.de\\\/lazale\\\/#primaryimage\"},\"thumbnailUrl\":\"https:\\\/\\\/neshio.de\\\/wp-content\\\/uploads\\\/2023\\\/07\\\/Lazale.jpg\",\"articleSection\":[\"Haut\"],\"inLanguage\":\"es\"},{\"@type\":\"WebPage\",\"@id\":\"https:\\\/\\\/neshio.de\\\/lazale\\\/\",\"url\":\"https:\\\/\\\/neshio.de\\\/lazale\\\/\",\"name\":\"Lazale - Wirkt die Dehnungsstreifen Creme wirklich? Neu!\",\"isPartOf\":{\"@id\":\"https:\\\/\\\/neshio.de\\\/#website\"},\"primaryImageOfPage\":{\"@id\":\"https:\\\/\\\/neshio.de\\\/lazale\\\/#primaryimage\"},\"image\":{\"@id\":\"https:\\\/\\\/neshio.de\\\/lazale\\\/#primaryimage\"},\"thumbnailUrl\":\"https:\\\/\\\/neshio.de\\\/wp-content\\\/uploads\\\/2023\\\/07\\\/Lazale.jpg\",\"datePublished\":\"2023-07-08T04:27:52+00:00\",\"dateModified\":\"2023-07-08T04:38:20+00:00\",\"description\":\"Lazale Erfahrungen: Ein tiefgreifender Test der Dehnungsstreifen Creme. Was macht die Creme besonders und h\u00e4lt es sein versprechen?\",\"breadcrumb\":{\"@id\":\"https:\\\/\\\/neshio.de\\\/lazale\\\/#breadcrumb\"},\"inLanguage\":\"es\",\"potentialAction\":[{\"@type\":\"ReadAction\",\"target\":[\"https:\\\/\\\/neshio.de\\\/lazale\\\/\"]}]},{\"@type\":\"ImageObject\",\"inLanguage\":\"es\",\"@id\":\"https:\\\/\\\/neshio.de\\\/lazale\\\/#primaryimage\",\"url\":\"https:\\\/\\\/neshio.de\\\/wp-content\\\/uploads\\\/2023\\\/07\\\/Lazale.jpg\",\"contentUrl\":\"https:\\\/\\\/neshio.de\\\/wp-content\\\/uploads\\\/2023\\\/07\\\/Lazale.jpg\",\"width\":900,\"height\":671,\"caption\":\"Lazale\"},{\"@type\":\"BreadcrumbList\",\"@id\":\"https:\\\/\\\/neshio.de\\\/lazale\\\/#breadcrumb\",\"itemListElement\":[{\"@type\":\"ListItem\",\"position\":1,\"name\":\"NESHIO\",\"item\":\"https:\\\/\\\/neshio.de\\\/\"},{\"@type\":\"ListItem\",\"position\":2,\"name\":\"Haut\",\"item\":\"https:\\\/\\\/neshio.de\\\/haut\\\/\"},{\"@type\":\"ListItem\",\"position\":3,\"name\":\"Lazale Test\"}]},{\"@type\":\"WebSite\",\"@id\":\"https:\\\/\\\/neshio.de\\\/#website\",\"url\":\"https:\\\/\\\/neshio.de\\\/\",\"name\":\"NESHIO\",\"description\":\"Beauty und Gesundheit\",\"publisher\":{\"@id\":\"https:\\\/\\\/neshio.de\\\/#organization\"},\"potentialAction\":[{\"@type\":\"SearchAction\",\"target\":{\"@type\":\"EntryPoint\",\"urlTemplate\":\"https:\\\/\\\/neshio.de\\\/?s={search_term_string}\"},\"query-input\":{\"@type\":\"PropertyValueSpecification\",\"valueRequired\":true,\"valueName\":\"search_term_string\"}}],\"inLanguage\":\"es\"},{\"@type\":\"Organization\",\"@id\":\"https:\\\/\\\/neshio.de\\\/#organization\",\"name\":\"NESHIO\",\"url\":\"https:\\\/\\\/neshio.de\\\/\",\"logo\":{\"@type\":\"ImageObject\",\"inLanguage\":\"es\",\"@id\":\"https:\\\/\\\/neshio.de\\\/#\\\/schema\\\/logo\\\/image\\\/\",\"url\":\"https:\\\/\\\/neshio.de\\\/wp-content\\\/uploads\\\/2021\\\/04\\\/Neshio-Logo.png\",\"contentUrl\":\"https:\\\/\\\/neshio.de\\\/wp-content\\\/uploads\\\/2021\\\/04\\\/Neshio-Logo.png\",\"width\":247,\"height\":46,\"caption\":\"NESHIO\"},\"image\":{\"@id\":\"https:\\\/\\\/neshio.de\\\/#\\\/schema\\\/logo\\\/image\\\/\"},\"sameAs\":[\"https:\\\/\\\/www.facebook.com\\\/Neshio.Official\",\"https:\\\/\\\/www.instagram.com\\\/neshio_official\\\/\"]},{\"@type\":\"Person\",\"@id\":\"https:\\\/\\\/neshio.de\\\/#\\\/schema\\\/person\\\/b200f62173b05950188360ca99c9035a\",\"name\":\"Sophie Anderson\",\"image\":{\"@type\":\"ImageObject\",\"inLanguage\":\"es\",\"@id\":\"https:\\\/\\\/secure.gravatar.com\\\/avatar\\\/0642c44d71b5ff914134d4fae0229a1526b62082433e6a2715882bcac0479812?s=96&d=mm&r=g\",\"url\":\"https:\\\/\\\/secure.gravatar.com\\\/avatar\\\/0642c44d71b5ff914134d4fae0229a1526b62082433e6a2715882bcac0479812?s=96&d=mm&r=g\",\"contentUrl\":\"https:\\\/\\\/secure.gravatar.com\\\/avatar\\\/0642c44d71b5ff914134d4fae0229a1526b62082433e6a2715882bcac0479812?s=96&d=mm&r=g\",\"caption\":\"Sophie Anderson\"}}]}<\/script>\n<!-- \/ Yoast SEO Premium plugin. -->","yoast_head_json":{"title":"Lazale - \u00bfFunciona realmente la crema antiestr\u00edas? Novedad","description":"La experiencia Lazale: Una prueba en profundidad de la crema antiestr\u00edas. Qu\u00e9 hace especial a la crema y cumple lo que promete?","robots":{"index":"index","follow":"follow","max-snippet":"max-snippet:-1","max-image-preview":"max-image-preview:large","max-video-preview":"max-video-preview:-1"},"canonical":"https:\/\/neshio.de\/es\/lazale\/","og_locale":"es_ES","og_type":"article","og_title":"Lazale Erfahrungen: Ein tiefgreifender Test der Dehnungsstreifen Creme","og_description":"Lazale Erfahrungen: Ein tiefgreifender Test der Dehnungsstreifen Creme. Was macht die Creme besonders und h\u00e4lt es sein versprechen?","og_url":"https:\/\/neshio.de\/es\/lazale\/","og_site_name":"NESHIO","article_publisher":"https:\/\/www.facebook.com\/Neshio.Official","article_published_time":"2023-07-08T04:27:52+00:00","article_modified_time":"2023-07-08T04:38:20+00:00","og_image":[{"width":900,"height":671,"url":"https:\/\/neshio.de\/wp-content\/uploads\/2023\/07\/Lazale.jpg","type":"image\/jpeg"}],"author":"Sophie Anderson","twitter_card":"summary_large_image","twitter_misc":{"Escrito por":"Sophie Anderson","Tiempo de lectura":"4 minutos"},"schema":{"@context":"https:\/\/schema.org","@graph":[{"@type":"Article","@id":"https:\/\/neshio.de\/lazale\/#article","isPartOf":{"@id":"https:\/\/neshio.de\/lazale\/"},"author":{"name":"Sophie Anderson","@id":"https:\/\/neshio.de\/#\/schema\/person\/b200f62173b05950188360ca99c9035a"},"headline":"Lazale Erfahrungen: Ein tiefgreifender Test der Dehnungsstreifen Creme","datePublished":"2023-07-08T04:27:52+00:00","dateModified":"2023-07-08T04:38:20+00:00","mainEntityOfPage":{"@id":"https:\/\/neshio.de\/lazale\/"},"wordCount":623,"publisher":{"@id":"https:\/\/neshio.de\/#organization"},"image":{"@id":"https:\/\/neshio.de\/lazale\/#primaryimage"},"thumbnailUrl":"https:\/\/neshio.de\/wp-content\/uploads\/2023\/07\/Lazale.jpg","articleSection":["Haut"],"inLanguage":"es"},{"@type":"WebPage","@id":"https:\/\/neshio.de\/lazale\/","url":"https:\/\/neshio.de\/lazale\/","name":"Lazale - \u00bfFunciona realmente la crema antiestr\u00edas? Novedad","isPartOf":{"@id":"https:\/\/neshio.de\/#website"},"primaryImageOfPage":{"@id":"https:\/\/neshio.de\/lazale\/#primaryimage"},"image":{"@id":"https:\/\/neshio.de\/lazale\/#primaryimage"},"thumbnailUrl":"https:\/\/neshio.de\/wp-content\/uploads\/2023\/07\/Lazale.jpg","datePublished":"2023-07-08T04:27:52+00:00","dateModified":"2023-07-08T04:38:20+00:00","description":"La experiencia Lazale: Una prueba en profundidad de la crema antiestr\u00edas. Qu\u00e9 hace especial a la crema y cumple lo que promete?","breadcrumb":{"@id":"https:\/\/neshio.de\/lazale\/#breadcrumb"},"inLanguage":"es","potentialAction":[{"@type":"ReadAction","target":["https:\/\/neshio.de\/lazale\/"]}]},{"@type":"ImageObject","inLanguage":"es","@id":"https:\/\/neshio.de\/lazale\/#primaryimage","url":"https:\/\/neshio.de\/wp-content\/uploads\/2023\/07\/Lazale.jpg","contentUrl":"https:\/\/neshio.de\/wp-content\/uploads\/2023\/07\/Lazale.jpg","width":900,"height":671,"caption":"Lazale"},{"@type":"BreadcrumbList","@id":"https:\/\/neshio.de\/lazale\/#breadcrumb","itemListElement":[{"@type":"ListItem","position":1,"name":"NESHIO","item":"https:\/\/neshio.de\/"},{"@type":"ListItem","position":2,"name":"Haut","item":"https:\/\/neshio.de\/haut\/"},{"@type":"ListItem","position":3,"name":"Lazale Test"}]},{"@type":"WebSite","@id":"https:\/\/neshio.de\/#website","url":"https:\/\/neshio.de\/","name":"NESHIO","description":"Belleza y salud","publisher":{"@id":"https:\/\/neshio.de\/#organization"},"potentialAction":[{"@type":"SearchAction","target":{"@type":"EntryPoint","urlTemplate":"https:\/\/neshio.de\/?s={search_term_string}"},"query-input":{"@type":"PropertyValueSpecification","valueRequired":true,"valueName":"search_term_string"}}],"inLanguage":"es"},{"@type":"Organization","@id":"https:\/\/neshio.de\/#organization","name":"NESHIO","url":"https:\/\/neshio.de\/","logo":{"@type":"ImageObject","inLanguage":"es","@id":"https:\/\/neshio.de\/#\/schema\/logo\/image\/","url":"https:\/\/neshio.de\/wp-content\/uploads\/2021\/04\/Neshio-Logo.png","contentUrl":"https:\/\/neshio.de\/wp-content\/uploads\/2021\/04\/Neshio-Logo.png","width":247,"height":46,"caption":"NESHIO"},"image":{"@id":"https:\/\/neshio.de\/#\/schema\/logo\/image\/"},"sameAs":["https:\/\/www.facebook.com\/Neshio.Official","https:\/\/www.instagram.com\/neshio_official\/"]},{"@type":"Person","@id":"https:\/\/neshio.de\/#\/schema\/person\/b200f62173b05950188360ca99c9035a","name":"Sophie Anderson","image":{"@type":"ImageObject","inLanguage":"es","@id":"https:\/\/secure.gravatar.com\/avatar\/0642c44d71b5ff914134d4fae0229a1526b62082433e6a2715882bcac0479812?s=96&d=mm&r=g","url":"https:\/\/secure.gravatar.com\/avatar\/0642c44d71b5ff914134d4fae0229a1526b62082433e6a2715882bcac0479812?s=96&d=mm&r=g","contentUrl":"https:\/\/secure.gravatar.com\/avatar\/0642c44d71b5ff914134d4fae0229a1526b62082433e6a2715882bcac0479812?s=96&d=mm&r=g","caption":"Sophie Anderson"}}]}},"uagb_featured_image_src":{"full":["https:\/\/neshio.de\/wp-content\/uploads\/2023\/07\/Lazale.jpg",900,671,false],"thumbnail":["https:\/\/neshio.de\/wp-content\/uploads\/2023\/07\/Lazale-150x150.jpg",150,150,true],"medium":["https:\/\/neshio.de\/wp-content\/uploads\/2023\/07\/Lazale-300x224.jpg",300,224,true],"medium_large":["https:\/\/neshio.de\/wp-content\/uploads\/2023\/07\/Lazale-768x573.jpg",768,573,true],"large":["https:\/\/neshio.de\/wp-content\/uploads\/2023\/07\/Lazale.jpg",900,671,false],"1536x1536":["https:\/\/neshio.de\/wp-content\/uploads\/2023\/07\/Lazale.jpg",900,671,false],"2048x2048":["https:\/\/neshio.de\/wp-content\/uploads\/2023\/07\/Lazale.jpg",900,671,false],"trp-custom-language-flag":["https:\/\/neshio.de\/wp-content\/uploads\/2023\/07\/Lazale.jpg",16,12,false]},"uagb_author_info":{"display_name":"Sophie Anderson","author_link":"https:\/\/neshio.de\/es\/author\/a-gladon\/"},"uagb_comment_info":0,"uagb_excerpt":"Wenn es um Hautpflege geht, sind Dehnungsstreifen und Schwangerschaftsstreifen ein h\u00e4ufiges Thema. Viele von uns haben sie und f\u00fcr einige [&hellip;]","_links":{"self":[{"href":"https:\/\/neshio.de\/es\/wp-json\/wp\/v2\/posts\/325","targetHints":{"allow":["GET"]}}],"collection":[{"href":"https:\/\/neshio.de\/es\/wp-json\/wp\/v2\/posts"}],"about":[{"href":"https:\/\/neshio.de\/es\/wp-json\/wp\/v2\/types\/post"}],"author":[{"embeddable":true,"href":"https:\/\/neshio.de\/es\/wp-json\/wp\/v2\/users\/2"}],"replies":[{"embeddable":true,"href":"https:\/\/neshio.de\/es\/wp-json\/wp\/v2\/comments?post=325"}],"version-history":[{"count":9,"href":"https:\/\/neshio.de\/es\/wp-json\/wp\/v2\/posts\/325\/revisions"}],"predecessor-version":[{"id":407,"href":"https:\/\/neshio.de\/es\/wp-json\/wp\/v2\/posts\/325\/revisions\/407"}],"wp:featuredmedia":[{"embeddable":true,"href":"https:\/\/neshio.de\/es\/wp-json\/wp\/v2\/media\/328"}],"wp:attachment":[{"href":"https:\/\/neshio.de\/es\/wp-json\/wp\/v2\/media?parent=325"}],"wp:term":[{"taxonomy":"category","embeddable":true,"href":"https:\/\/neshio.de\/es\/wp-json\/wp\/v2\/categories?post=325"},{"taxonomy":"post_tag","embeddable":true,"href":"https:\/\/neshio.de\/es\/wp-json\/wp\/v2\/tags?post=325"}],"curies":[{"name":"wp","href":"https:\/\/api.w.org\/{rel}","templated":true}]}}