{"id":73,"date":"2021-04-27T14:35:20","date_gmt":"2021-04-27T14:35:20","guid":{"rendered":"https:\/\/neshio.de\/?p=73"},"modified":"2021-11-16T14:44:37","modified_gmt":"2021-11-16T14:44:37","slug":"keratin-haarverlaengerungen","status":"publish","type":"post","link":"https:\/\/neshio.de\/cs\/keratinove-leze-vlasu\/","title":{"rendered":"V\u0161e, co pot\u0159ebujete v\u011bd\u011bt o prodlu\u017eov\u00e1n\u00ed vlas\u016f keratinem"},"content":{"rendered":"<p>Jsou p\u0159ekvapiv\u011b nen\u00e1ro\u010dn\u00e9 na \u00fadr\u017ebu.<\/p>\n\n\n\n<p class=\"has-drop-cap\"><p>P\u0159esto\u017ee m\u00e1m v sou\u010dasn\u00e9 dob\u011b pom\u011brn\u011b dlouh\u00e9 a hust\u00e9 vlasy, chyb\u011bl mi objem a lesk vlas\u016f, co\u017e m\u011b p\u0159ivedlo k nov\u00e9 form\u011b prodlu\u017eov\u00e1n\u00ed: keratinov\u00e9mu prodlu\u017eov\u00e1n\u00ed vlas\u016f. A jak se uk\u00e1zalo, nejsou v\u016fbec nov\u00e9 - stylist\u00e9 celebrit pou\u017e\u00edvaj\u00ed keratinov\u00e9 prodlu\u017eov\u00e1n\u00ed vlas\u016f u\u017e l\u00e9ta. Zaj\u00edm\u00e1 v\u00e1s to? Anon. Obr\u00e1tila jsem se tedy na odborn\u00edky a na\u0161la dva stylisty celebrit, kte\u0159\u00ed na\u0161im obl\u00edben\u00fdm vystresovan\u00fdm hv\u011bzd\u00e1m p\u0159ipev\u0148uj\u00ed keratinov\u00e9 prodlou\u017een\u00ed vlas\u016f u\u017e des\u00edtky let. P\u0159e\u010dt\u011bte si o keratinov\u00e9m prodlu\u017eov\u00e1n\u00ed vlas\u016f a o tom, zda jsem se do n\u011bj pustila.<\/p><\/p>\n\n\n\n<figure class=\"wp-block-embed is-type-rich is-provider-instagram wp-block-embed-instagram\"><div class=\"wp-block-embed__wrapper\">\nhttps:\/\/www.instagram.com\/p\/CADhR7xjg-h\/?utm_source=ig_web_copy_link\n<\/div><\/figure>\n\n\n\n<h2 class=\"wp-block-heading\" id=\"mntl-sc-block_1-0-4\">Co jsou keratinov\u00e9 n\u00e1stavce na vlasy?<\/h2>\n\n\n\n<p>\"Keratinov\u00e9 prodlu\u017eov\u00e1n\u00ed vlas\u016f jsou jednotliv\u00e9 prameny vlas\u016f, kter\u00e9 jsou k vlas\u016fm p\u0159ilepeny lepidlem nebo mikrokuli\u010dkami,\" \u0159\u00edk\u00e1 Rita H. , kade\u0159nice celebrit, koloristka a majitelka salonu Rita v New Yorku. Obvykle jsou vyrobeny z prav\u00fdch, nezpracovan\u00fdch lidsk\u00fdch vlas\u016f. A i kdy\u017e se keratinov\u00e9 prodlu\u017eov\u00e1n\u00ed vlas\u016f dostalo do pov\u011bdom\u00ed ve\u0159ejnosti teprve ned\u00e1vno, pravdou je, \u017ee je tu s n\u00e1mi u\u017e cel\u00e9 v\u011bky.<\/p>\n\n\n\n<p>Jednotliv\u00e1 prodlou\u017een\u00ed jsou strategicky um\u00edst\u011bna v \u0159ad\u00e1ch tak, aby v\u017edy z\u016fstala zakryta va\u0161imi p\u0159\u00edrodn\u00edmi vlasy. (Ano, i kdy\u017e m\u00e1te slo\u017eit\u00fd \u00fa\u010des nebo cul\u00edk.) <\/p>\n\n\n\n<p>V z\u00e1vislosti na barv\u011b a struktu\u0159e va\u0161eho \u00fa\u010desu maj\u00ed n\u011bkter\u00e9 salony vzorky, kter\u00e9 v\u00e1m kade\u0159n\u00edk m\u016f\u017ee pou\u017e\u00edt je\u0161t\u011b t\u00fd\u017e den. Salony v\u00e1s v\u0161ak \u010dasto po\u017e\u00e1daj\u00ed, abyste p\u0159i\u0161li p\u0159edem, aby mohli objednat p\u0159esn\u00fd typ prodlou\u017een\u00ed, kter\u00fd pot\u0159ebuj\u00ed.<\/p>\n\n\n\n<h2 class=\"wp-block-heading\" id=\"mntl-sc-block_1-0-11\">Keratinov\u00e9 prodlu\u017eov\u00e1n\u00ed vlas\u016f vs. tradi\u010dn\u00ed prodlu\u017eov\u00e1n\u00ed vlas\u016f<\/h2>\n\n\n\n<p id=\"mntl-sc-block_1-0-12\">I kdy\u017e je na trhu spousta r\u016fzn\u00fdch typ\u016f prodlu\u017eov\u00e1n\u00ed vlas\u016f, keratinov\u00e9 prodlu\u017eov\u00e1n\u00ed vlas\u016f je jedinou mo\u017enost\u00ed, jak prodlou\u017eit vlasy.&nbsp;<em>opravdu<\/em>&nbsp;trval\u00e9.<\/p>\n\n\n\n<p>\"D\u0159\u00edve se pou\u017e\u00edvaly silikonov\u00e9 prodlu\u017eova\u010de, kter\u00e9, jak se uk\u00e1zalo, nejsou pro vlasy dobr\u00e9,\" \u0159\u00edk\u00e1 Ryan, kade\u0159n\u00edk celebrit a spoluzakladatel salonu Mark &amp; Ryan v New Yorku. Nyn\u00ed jsou keratinov\u00e9 prodlou\u017een\u00e9 vlasy obl\u00edbenou volbou na filmov\u00fdch premi\u00e9r\u00e1ch a \u010derven\u00fdch koberc\u00edch - ve skute\u010dnosti jsou tak b\u011b\u017en\u00e9, \u017ee pravd\u011bpodobn\u011b ani nepozn\u00e1te, \u017ee je va\u0161e obl\u00edben\u00e1 hv\u011bzda nos\u00ed.<\/p>\n\n\n\n<p>Na rozd\u00edl od do\u010dasn\u00fdch typ\u016f prodlu\u017eov\u00e1n\u00ed, jako je nap\u0159\u00edklad prodlu\u017eov\u00e1n\u00ed pomoc\u00ed p\u00e1sky nebo clip-in, m\u016f\u017eete keratinov\u00e9 prodlou\u017een\u00e9 vlasy su\u0161it na vzduchu, narovn\u00e1vat, kulmovat a upravovat stejn\u011b jako sv\u00e9 vlastn\u00ed vlasy. (Za ka\u017edou cenu byste se m\u011bli vyvarovat zamot\u00e1v\u00e1n\u00ed nebo \"tah\u00e1n\u00ed\", proto\u017ee prodlou\u017een\u00e9 vlasy jsou p\u0159ipevn\u011bny pomoc\u00ed vazeb. Jinak je m\u016f\u017eete upravovat jako obvykle).<\/p>\n\n\n\n<figure class=\"wp-block-embed is-type-rich is-provider-instagram wp-block-embed-instagram\"><div class=\"wp-block-embed__wrapper\">\nhttps:\/\/www.instagram.com\/p\/CBluS5CHtdE\/?utm_source=ig_embed\n<\/div><\/figure>\n\n\n\n<p><em>Pozn. redakce: Na v\u00fd\u0161e uveden\u00e9 fotografii jsou vlasy prodlou\u017een\u00e9 p\u00e1skou, ale stejn\u00e9ho v\u00fdsledku m\u016f\u017eete dos\u00e1hnout i s keratinov\u00fdmi prodlou\u017een\u00fdmi vlasy.<\/em><\/p>\n\n\n\n<h2 class=\"wp-block-heading\">V\u00fdhody keratinov\u00e9ho prodlu\u017eov\u00e1n\u00ed vlas\u016f<\/h2>\n\n\n\n<p>Keratinov\u00e9 prodlu\u017eov\u00e1n\u00ed vlas\u016f je obl\u00edben\u00fdm \u00fa\u010desem z ur\u010dit\u00e9ho d\u016fvodu.<\/p>\n\n\n\n<p>\"Keratinov\u00e9 prodlu\u017eov\u00e1n\u00ed vlas\u016f je pro va\u0161e vlasy men\u0161\u00edm zlem a je nen\u00e1ro\u010dn\u00e9 na \u00fadr\u017ebu,\" \u0159\u00edk\u00e1 Hazan. \"P\u0159i spr\u00e1vn\u00e9m proveden\u00ed vypadaj\u00ed velmi p\u0159irozen\u011b a jsou ide\u00e1ln\u00ed pro n\u011bkoho, kdo chce del\u0161\u00ed a hust\u0161\u00ed vlasy.\"<\/p>\n\n\n\n<p>Trygstad, mezi jeho\u017e klienty pat\u0159\u00ed nap\u0159\u00edklad Julianne Moore a Naomi Watts, tvrd\u00ed, \u017ee keratinov\u00e9 prodlu\u017eov\u00e1n\u00ed vlas\u016f m\u016f\u017ee \"doslova vzk\u0159\u00edsit va\u0161e vlasy z mrtv\u00fdch\". A\u0165 u\u017e si klient vlasy vy\u010derp\u00e1v\u00e1, nebo prost\u011b nem\u016f\u017ee dos\u00e1hnout po\u017eadovan\u00e9ho \u00fa\u010desu, keratinov\u00e9 prodlu\u017eov\u00e1n\u00ed vlas\u016f funguje jako kouzlo.<\/p>\n\n\n\n<p>\"M\u016f\u017eete vytvo\u0159it n\u011bco, co \u010dlov\u011bk nikdy p\u0159edt\u00edm nemohl m\u00edt, nebo m\u016f\u017eete vr\u00e1tit jeho vlasy tam, kde byly p\u0159edt\u00edm, ne\u017e si je zni\u010dil,\" \u0159\u00edk\u00e1.<\/p>\n\n\n\n<figure class=\"wp-block-embed is-type-rich is-provider-instagram wp-block-embed-instagram\"><div class=\"wp-block-embed__wrapper\">\nhttps:\/\/www.instagram.com\/p\/CEo7kM5nX_L\/?utm_source=ig_embed\n<\/div><\/figure>\n\n\n\n<h2 class=\"wp-block-heading\">Nev\u00fdhody keratinov\u00e9ho prodlu\u017eov\u00e1n\u00ed vlas\u016f<\/h2>\n\n\n\n<p>Ve vz\u00e1cn\u00fdch p\u0159\u00edpadech m\u016f\u017ee keratinov\u00e9 prodlu\u017eov\u00e1n\u00ed vlas\u016f zp\u016fsobit, \u017ee va\u0161e vlasy budou hor\u0161\u00ed ne\u017e p\u0159edt\u00edm.<\/p>\n\n\n\n<p>\"Keratinov\u00e9 prodlu\u017eov\u00e1n\u00ed vlas\u016f m\u016f\u017ee va\u0161e vlasy po\u0161kodit,\" \u0159\u00edk\u00e1 Hazan. \"Zejm\u00e9na pokud je nech\u00e1te p\u0159\u00edli\u0161 dlouho a nenech\u00e1te vlasy d\u00fdchat a r\u016fst bez velk\u00e9 z\u00e1t\u011b\u017ee dlouh\u00fdch p\u0159\u00ed\u010desk\u016f.\"<\/p>\n\n\n\n<p>Obvykle vydr\u017e\u00ed asi 3 a\u017e 5 m\u011bs\u00edc\u016f, z\u00e1le\u017e\u00ed na tom, jak dob\u0159e se o n\u011b star\u00e1te. Mohou dokonce vypadnout nebo se uvolnit. V takov\u00e9m p\u0159\u00edpad\u011b byste je m\u011bli dot\u00e1hnout. (P\u0159\u00edpadn\u011b mohou vydr\u017eet d\u00e9le - Trygstad \u0159\u00edk\u00e1: \"\u010c\u00edm pomaleji v\u00e1m vlasy rostou a \u010d\u00edm m\u00e9n\u011b s nimi pracujete, t\u00edm d\u00e9le prodlou\u017een\u00ed vydr\u017e\u00ed). Budete si je muset nechat odstranit v salonu - kade\u0159n\u00edci pou\u017e\u00edvaj\u00ed speci\u00e1ln\u00ed roztoky k jejich nam\u00e1\u010den\u00ed.\" em a n\u00e1stroji - vyzkou\u0161ejte to.&nbsp;<em>tak\u017ee ne<\/em>&nbsp;s\u00e1m.<\/p>\n\n\n\n<p>V nejhor\u0161\u00edm p\u0159\u00edpad\u011b m\u016f\u017ee doj\u00edt k nap\u011b\u0165ov\u00e9 alopecii, kdy vlasy vypad\u00e1vaj\u00ed po zv\u00fd\u0161en\u00e9m nap\u011bt\u00ed zp\u016fsoben\u00e9m n\u00e1stavci.<\/p>\n\n\n\n<h2 class=\"wp-block-heading\">Kdo je vhodn\u00fd pro keratinov\u00e9 prodlu\u017eov\u00e1n\u00ed vlas\u016f?<\/h2>\n\n\n\n<p>N\u011bkdo. Proto\u017ee keratinov\u00e9 prodlu\u017eov\u00e1n\u00ed vlas\u016f lze velmi individualizovat a p\u0159izp\u016fsobit va\u0161\u00ed specifick\u00e9, jedine\u010dn\u00e9 struktu\u0159e, lze je pou\u017e\u00edt pro jak\u00fdkoli typ vlas\u016f. Samoz\u0159ejm\u011b, n\u011bkte\u0159\u00ed lid\u00e9 se jim mohou cht\u00edt vyhnout - o tom pozd\u011bji - ale jinak je to bez debat.<\/p>\n\n\n\n<p>\"N\u00e1stavce jsou nyn\u00ed k dispozici v tolika textur\u00e1ch, \u017ee se hod\u00ed k jak\u00e9mukoli vzoru vln. D\u00edky tomu vypadaj\u00ed p\u0159irozen\u011b,\" \u0159\u00edk\u00e1 Trygstad. \"U hust\u00fdch vlas\u016f bude mo\u017en\u00e1 pot\u0159eba p\u0159idat o n\u011bco v\u00edce pramen\u016f, aby odpov\u00eddaly textu\u0159e, zat\u00edmco u ten\u010d\u00edch vlas\u016f sta\u010d\u00ed m\u00e1lo, proto\u017ee v\u011bt\u0161ina lid\u00ed chce jen d\u00e9lku a trochu tlou\u0161\u0165ky.\"<\/p>\n\n\n\n<figure class=\"wp-block-embed is-type-rich is-provider-instagram wp-block-embed-instagram\"><div class=\"wp-block-embed__wrapper\">\nhttps:\/\/www.instagram.com\/p\/CGezXEcjdoA\/?utm_source=ig_embed\n<\/div><\/figure>\n\n\n\n<p>P\u0159esto Trygstad \u0159\u00edk\u00e1.&nbsp;<em>maj\u00ed<\/em>&nbsp;alespo\u0148 4 cm vlas\u016f s , aby bylo t\u0159eba pracovat na jejich z\u00edsk\u00e1n\u00ed. A nemus\u00ed b\u00fdt pro v\u00e1s vhodn\u00e9, pokud se ke sv\u00fdm vlas\u016fm b\u011b\u017en\u011b nechov\u00e1te dob\u0159e.<\/p>\n\n\n\n<p>\"Pokud jste na vlasy n\u00e1ro\u010dn\u00ed, vyhn\u011bte se jim,\" \u0159\u00edk\u00e1 Trygstad. \"Pokud si po\u0161kod\u00edte vlasy, po\u0161kod\u00edte i n\u00e1stavce a je\u0161t\u011b v\u00edce po\u0161kod\u00edte vlasy.\"<\/p>\n\n\n\n<p>P\u0159esto\u017ee jsou nen\u00e1ro\u010dn\u00e9 na \u00fadr\u017ebu, je t\u0159eba zabr\u00e1nit jejich zamot\u00e1n\u00ed a zplstnat\u011bn\u00ed. Proto je v\u017edy dobr\u00e9 po\u0159\u00eddit si speci\u00e1ln\u00ed kart\u00e1\u010d na prodlu\u017eov\u00e1n\u00ed vlas\u016f, jako je tento od spole\u010dnosti Shen Beauty . Pokud v\u00e1m to nezn\u00ed jako n\u011bco, \u010demu se chcete v\u011bnovat, zamyslete se znovu.<\/p>\n\n\n\n<h2 class=\"wp-block-heading\" id=\"mntl-sc-block_1-0-57\">N\u00e1klady<\/h2>\n\n\n\n<p>Vzhledem k tomu, \u017ee keratinov\u00e1 prodlou\u017een\u00ed vlas\u016f jsou nejkvalitn\u011bj\u0161\u00edmi prodlou\u017een\u00edmi, kter\u00e1 m\u016f\u017eete z\u00edskat, rozhodn\u011b nejsou levn\u00e1.<\/p>\n\n\n\n<p>V z\u00e1vislosti na po\u017eadovan\u00e9m v\u00fdsledku mohou st\u00e1t od 500 eur (polovi\u010dn\u00ed hlava pro trochu v\u011bt\u0161\u00ed objem a plnost) do 3 000 eur za celou hlavu vylep\u0161en\u00ed. (N\u011bkdy i v\u00edce).<\/p>\n\n\n\n<p>Op\u011bt z\u00e1le\u017e\u00ed na tom, co chcete, kam se chyst\u00e1te a jak hustou m\u00e1te p\u0159irozenou strukturu.<\/p>\n\n\n\n<h2 class=\"wp-block-heading\" id=\"mntl-sc-block_1-0-64\">Odebr\u00e1n\u00ed t\u00e9to mo\u017enosti<\/h2>\n\n\n\n<p>A\u010dkoli jsem si tentokr\u00e1t keratinov\u00e9 prodlou\u017een\u00ed nenechala ud\u011blat, do budoucna ho rozhodn\u011b nevylu\u010duji - proto\u017ee \u010d\u00edm star\u0161\u00ed a po\u0161kozen\u011bj\u0161\u00ed vlasy m\u00e1m, t\u00edm v\u00edc si pravd\u011bpodobn\u011b budu cht\u00edt vlasy \"o\u017eivit\" slovy Trygstadov\u00e9.<\/p>\n\n\n\n<p>Na adrese .&nbsp;<em>poskytuje<\/em>&nbsp;n\u011bkter\u00e9 nev\u00fdhody, ale celkov\u011b je prodlu\u017eov\u00e1n\u00ed vlas\u016f keratinem neuv\u011b\u0159iteln\u00fdm zp\u016fsobem, jak dos\u00e1hnout d\u00e9lky, objemu a plnosti, kter\u00e9 byste sami nikdy nedos\u00e1hli. (Bez ohledu na to, kolik \u0161ampon\u016f na zhu\u0161\u0165ov\u00e1n\u00ed a prodlu\u017eov\u00e1n\u00ed vlas\u016f si koup\u00edte - v\u011b\u0159te mi, vyzkou\u0161ela jsem v\u0161echny). Jsou relativn\u011b bezpe\u010dn\u00e9, \u0161etrn\u00e9 k va\u0161im vlas\u016fm a vypadaj\u00ed p\u0159irozen\u011bji ne\u017e jak\u00fdkoli jin\u00fd typ prodlu\u017eov\u00e1n\u00ed na trhu.<\/p>\n\n\n\n<p>Pokud tedy chcete sv\u00fdm vlas\u016fm dodat vzpruhu - a\u0165 u\u017e ze stresu, nebo z nudy - m\u016f\u017ee b\u00fdt keratinov\u00e9 prodlu\u017eov\u00e1n\u00ed vlas\u016f p\u0159esn\u011b to, co hled\u00e1te. A va\u0161i obl\u00edbenci na \u010derven\u00e9m koberci by&nbsp;<em>rozhodn\u011b<\/em>&nbsp;schv\u00e1lit.<\/p>","protected":false},"excerpt":{"rendered":"<p>Sie sind \u00fcberraschend wartungsarm. Obwohl ich derzeit relativ lange, dicke Haare habe, habe ich das Volumen und den Glanz meiner [&hellip;]<\/p>\n","protected":false},"author":1,"featured_media":77,"comment_status":"closed","ping_status":"open","sticky":false,"template":"","format":"standard","meta":{"_acf_changed":false,"_uag_custom_page_level_css":"","site-sidebar-layout":"default","site-content-layout":"default","ast-site-content-layout":"default","site-content-style":"default","site-sidebar-style":"default","ast-global-header-display":"","ast-banner-title-visibility":"","ast-main-header-display":"","ast-hfb-above-header-display":"","ast-hfb-below-header-display":"","ast-hfb-mobile-header-display":"","site-post-title":"","ast-breadcrumbs-content":"","ast-featured-img":"","footer-sml-layout":"","ast-disable-related-posts":"","theme-transparent-header-meta":"default","adv-header-id-meta":"","stick-header-meta":"default","header-above-stick-meta":"","header-main-stick-meta":"","header-below-stick-meta":"","astra-migrate-meta-layouts":"default","ast-page-background-enabled":"default","ast-page-background-meta":{"desktop":{"background-color":"","background-image":"","background-repeat":"repeat","background-position":"center center","background-size":"auto","background-attachment":"scroll","background-type":"","background-media":"","overlay-type":"","overlay-color":"","overlay-opacity":"","overlay-gradient":""},"tablet":{"background-color":"","background-image":"","background-repeat":"repeat","background-position":"center center","background-size":"auto","background-attachment":"scroll","background-type":"","background-media":"","overlay-type":"","overlay-color":"","overlay-opacity":"","overlay-gradient":""},"mobile":{"background-color":"","background-image":"","background-repeat":"repeat","background-position":"center center","background-size":"auto","background-attachment":"scroll","background-type":"","background-media":"","overlay-type":"","overlay-color":"","overlay-opacity":"","overlay-gradient":""}},"ast-content-background-meta":{"desktop":{"background-color":"var(--ast-global-color-5)","background-image":"","background-repeat":"repeat","background-position":"center center","background-size":"auto","background-attachment":"scroll","background-type":"","background-media":"","overlay-type":"","overlay-color":"","overlay-opacity":"","overlay-gradient":""},"tablet":{"background-color":"var(--ast-global-color-5)","background-image":"","background-repeat":"repeat","background-position":"center center","background-size":"auto","background-attachment":"scroll","background-type":"","background-media":"","overlay-type":"","overlay-color":"","overlay-opacity":"","overlay-gradient":""},"mobile":{"background-color":"var(--ast-global-color-5)","background-image":"","background-repeat":"repeat","background-position":"center center","background-size":"auto","background-attachment":"scroll","background-type":"","background-media":"","overlay-type":"","overlay-color":"","overlay-opacity":"","overlay-gradient":""}},"footnotes":""},"categories":[11,12],"tags":[],"class_list":["post-73","post","type-post","status-publish","format-standard","has-post-thumbnail","hentry","category-haare","category-haarstyling"],"acf":[],"yoast_head":"<!-- This site is optimized with the Yoast SEO Premium plugin v20.12 (Yoast SEO v27.4) - https:\/\/yoast.com\/product\/yoast-seo-premium-wordpress\/ -->\n<title>Alles, was Sie \u00fcber Keratin-Haarverl\u00e4ngerungen wissen m\u00fcssen - NESHIO<\/title>\n<meta name=\"description\" content=\"Was ist eine Keratin Haarverl\u00e4ngerung und was sind die Nachteile? Hier erf\u00e4hrst du alles rund um das Thema und die Kosten! Hier lesen!\" \/>\n<meta name=\"robots\" content=\"index, follow, max-snippet:-1, max-image-preview:large, max-video-preview:-1\" \/>\n<link rel=\"canonical\" href=\"https:\/\/neshio.de\/cs\/keratinove-leze-vlasu\/\" \/>\n<meta property=\"og:locale\" content=\"cs_CZ\" \/>\n<meta property=\"og:type\" content=\"article\" \/>\n<meta property=\"og:title\" content=\"Alles, was Sie \u00fcber Keratin-Haarverl\u00e4ngerungen wissen m\u00fcssen\" \/>\n<meta property=\"og:description\" content=\"Was ist eine Keratin Haarverl\u00e4ngerung und was sind die Nachteile? Hier erf\u00e4hrst du alles rund um das Thema und die Kosten! Hier lesen!\" \/>\n<meta property=\"og:url\" content=\"https:\/\/neshio.de\/cs\/keratinove-leze-vlasu\/\" \/>\n<meta property=\"og:site_name\" content=\"NESHIO\" \/>\n<meta property=\"article:publisher\" content=\"https:\/\/www.facebook.com\/Neshio.Official\" \/>\n<meta property=\"article:published_time\" content=\"2021-04-27T14:35:20+00:00\" \/>\n<meta property=\"article:modified_time\" content=\"2021-11-16T14:44:37+00:00\" \/>\n<meta property=\"og:image\" content=\"https:\/\/neshio.de\/wp-content\/uploads\/2021\/04\/Keratin-Haarverlaengerung.jpg\" \/>\n\t<meta property=\"og:image:width\" content=\"900\" \/>\n\t<meta property=\"og:image:height\" content=\"671\" \/>\n\t<meta property=\"og:image:type\" content=\"image\/jpeg\" \/>\n<meta name=\"author\" content=\"Neshio\" \/>\n<meta name=\"twitter:card\" content=\"summary_large_image\" \/>\n<meta name=\"twitter:label1\" content=\"Napsal(a)\" \/>\n\t<meta name=\"twitter:data1\" content=\"Neshio\" \/>\n\t<meta name=\"twitter:label2\" content=\"Odhadovan\u00e1 doba \u010dten\u00ed\" \/>\n\t<meta name=\"twitter:data2\" content=\"5 minut\" \/>\n<script type=\"application\/ld+json\" class=\"yoast-schema-graph\">{\"@context\":\"https:\\\/\\\/schema.org\",\"@graph\":[{\"@type\":\"Article\",\"@id\":\"https:\\\/\\\/neshio.de\\\/keratin-haarverlaengerungen\\\/#article\",\"isPartOf\":{\"@id\":\"https:\\\/\\\/neshio.de\\\/keratin-haarverlaengerungen\\\/\"},\"author\":{\"name\":\"Neshio\",\"@id\":\"https:\\\/\\\/neshio.de\\\/#\\\/schema\\\/person\\\/cd50a9e3814d251c78e8f8115e950343\"},\"headline\":\"Alles, was Sie \u00fcber Keratin-Haarverl\u00e4ngerungen wissen m\u00fcssen\",\"datePublished\":\"2021-04-27T14:35:20+00:00\",\"dateModified\":\"2021-11-16T14:44:37+00:00\",\"mainEntityOfPage\":{\"@id\":\"https:\\\/\\\/neshio.de\\\/keratin-haarverlaengerungen\\\/\"},\"wordCount\":1326,\"publisher\":{\"@id\":\"https:\\\/\\\/neshio.de\\\/#organization\"},\"image\":{\"@id\":\"https:\\\/\\\/neshio.de\\\/keratin-haarverlaengerungen\\\/#primaryimage\"},\"thumbnailUrl\":\"https:\\\/\\\/neshio.de\\\/wp-content\\\/uploads\\\/2021\\\/04\\\/Keratin-Haarverlaengerung.jpg\",\"articleSection\":[\"Haare\",\"Haarstyling\"],\"inLanguage\":\"cs\"},{\"@type\":\"WebPage\",\"@id\":\"https:\\\/\\\/neshio.de\\\/keratin-haarverlaengerungen\\\/\",\"url\":\"https:\\\/\\\/neshio.de\\\/keratin-haarverlaengerungen\\\/\",\"name\":\"Alles, was Sie \u00fcber Keratin-Haarverl\u00e4ngerungen wissen m\u00fcssen - NESHIO\",\"isPartOf\":{\"@id\":\"https:\\\/\\\/neshio.de\\\/#website\"},\"primaryImageOfPage\":{\"@id\":\"https:\\\/\\\/neshio.de\\\/keratin-haarverlaengerungen\\\/#primaryimage\"},\"image\":{\"@id\":\"https:\\\/\\\/neshio.de\\\/keratin-haarverlaengerungen\\\/#primaryimage\"},\"thumbnailUrl\":\"https:\\\/\\\/neshio.de\\\/wp-content\\\/uploads\\\/2021\\\/04\\\/Keratin-Haarverlaengerung.jpg\",\"datePublished\":\"2021-04-27T14:35:20+00:00\",\"dateModified\":\"2021-11-16T14:44:37+00:00\",\"description\":\"Was ist eine Keratin Haarverl\u00e4ngerung und was sind die Nachteile? Hier erf\u00e4hrst du alles rund um das Thema und die Kosten! Hier lesen!\",\"breadcrumb\":{\"@id\":\"https:\\\/\\\/neshio.de\\\/keratin-haarverlaengerungen\\\/#breadcrumb\"},\"inLanguage\":\"cs\",\"potentialAction\":[{\"@type\":\"ReadAction\",\"target\":[\"https:\\\/\\\/neshio.de\\\/keratin-haarverlaengerungen\\\/\"]}]},{\"@type\":\"ImageObject\",\"inLanguage\":\"cs\",\"@id\":\"https:\\\/\\\/neshio.de\\\/keratin-haarverlaengerungen\\\/#primaryimage\",\"url\":\"https:\\\/\\\/neshio.de\\\/wp-content\\\/uploads\\\/2021\\\/04\\\/Keratin-Haarverlaengerung.jpg\",\"contentUrl\":\"https:\\\/\\\/neshio.de\\\/wp-content\\\/uploads\\\/2021\\\/04\\\/Keratin-Haarverlaengerung.jpg\",\"width\":900,\"height\":671,\"caption\":\"Keratin-Haarverlaengerung\"},{\"@type\":\"BreadcrumbList\",\"@id\":\"https:\\\/\\\/neshio.de\\\/keratin-haarverlaengerungen\\\/#breadcrumb\",\"itemListElement\":[{\"@type\":\"ListItem\",\"position\":1,\"name\":\"NESHIO\",\"item\":\"https:\\\/\\\/neshio.de\\\/\"},{\"@type\":\"ListItem\",\"position\":2,\"name\":\"Haare\",\"item\":\"https:\\\/\\\/neshio.de\\\/haare\\\/\"},{\"@type\":\"ListItem\",\"position\":3,\"name\":\"Alles, was Sie \u00fcber Keratin-Haarverl\u00e4ngerungen wissen m\u00fcssen\"}]},{\"@type\":\"WebSite\",\"@id\":\"https:\\\/\\\/neshio.de\\\/#website\",\"url\":\"https:\\\/\\\/neshio.de\\\/\",\"name\":\"NESHIO\",\"description\":\"Beauty und Gesundheit\",\"publisher\":{\"@id\":\"https:\\\/\\\/neshio.de\\\/#organization\"},\"potentialAction\":[{\"@type\":\"SearchAction\",\"target\":{\"@type\":\"EntryPoint\",\"urlTemplate\":\"https:\\\/\\\/neshio.de\\\/?s={search_term_string}\"},\"query-input\":{\"@type\":\"PropertyValueSpecification\",\"valueRequired\":true,\"valueName\":\"search_term_string\"}}],\"inLanguage\":\"cs\"},{\"@type\":\"Organization\",\"@id\":\"https:\\\/\\\/neshio.de\\\/#organization\",\"name\":\"NESHIO\",\"url\":\"https:\\\/\\\/neshio.de\\\/\",\"logo\":{\"@type\":\"ImageObject\",\"inLanguage\":\"cs\",\"@id\":\"https:\\\/\\\/neshio.de\\\/#\\\/schema\\\/logo\\\/image\\\/\",\"url\":\"https:\\\/\\\/neshio.de\\\/wp-content\\\/uploads\\\/2021\\\/04\\\/Neshio-Logo.png\",\"contentUrl\":\"https:\\\/\\\/neshio.de\\\/wp-content\\\/uploads\\\/2021\\\/04\\\/Neshio-Logo.png\",\"width\":247,\"height\":46,\"caption\":\"NESHIO\"},\"image\":{\"@id\":\"https:\\\/\\\/neshio.de\\\/#\\\/schema\\\/logo\\\/image\\\/\"},\"sameAs\":[\"https:\\\/\\\/www.facebook.com\\\/Neshio.Official\",\"https:\\\/\\\/www.instagram.com\\\/neshio_official\\\/\"]},{\"@type\":\"Person\",\"@id\":\"https:\\\/\\\/neshio.de\\\/#\\\/schema\\\/person\\\/cd50a9e3814d251c78e8f8115e950343\",\"name\":\"Neshio\",\"image\":{\"@type\":\"ImageObject\",\"inLanguage\":\"cs\",\"@id\":\"https:\\\/\\\/secure.gravatar.com\\\/avatar\\\/fc9886994fee920be4f18309945ff64d1be2a76e7b8bf237b78f54bd9bc80780?s=96&d=mm&r=g\",\"url\":\"https:\\\/\\\/secure.gravatar.com\\\/avatar\\\/fc9886994fee920be4f18309945ff64d1be2a76e7b8bf237b78f54bd9bc80780?s=96&d=mm&r=g\",\"contentUrl\":\"https:\\\/\\\/secure.gravatar.com\\\/avatar\\\/fc9886994fee920be4f18309945ff64d1be2a76e7b8bf237b78f54bd9bc80780?s=96&d=mm&r=g\",\"caption\":\"Neshio\"},\"sameAs\":[\"http:\\\/\\\/neshio.de\"]}]}<\/script>\n<!-- \/ Yoast SEO Premium plugin. -->","yoast_head_json":{"title":"V\u0161e, co pot\u0159ebujete v\u011bd\u011bt o prodlu\u017eov\u00e1n\u00ed vlas\u016f keratinem - NESHIO","description":"Co je keratinov\u00e9 prodlou\u017een\u00ed vlas\u016f a jak\u00e9 jsou jeho nev\u00fdhody? Zde se dozv\u00edte v\u0161e o tomto t\u00e9matu a n\u00e1kladech! \u010ct\u011bte zde!","robots":{"index":"index","follow":"follow","max-snippet":"max-snippet:-1","max-image-preview":"max-image-preview:large","max-video-preview":"max-video-preview:-1"},"canonical":"https:\/\/neshio.de\/cs\/keratinove-leze-vlasu\/","og_locale":"cs_CZ","og_type":"article","og_title":"Alles, was Sie \u00fcber Keratin-Haarverl\u00e4ngerungen wissen m\u00fcssen","og_description":"Was ist eine Keratin Haarverl\u00e4ngerung und was sind die Nachteile? Hier erf\u00e4hrst du alles rund um das Thema und die Kosten! Hier lesen!","og_url":"https:\/\/neshio.de\/cs\/keratinove-leze-vlasu\/","og_site_name":"NESHIO","article_publisher":"https:\/\/www.facebook.com\/Neshio.Official","article_published_time":"2021-04-27T14:35:20+00:00","article_modified_time":"2021-11-16T14:44:37+00:00","og_image":[{"width":900,"height":671,"url":"https:\/\/neshio.de\/wp-content\/uploads\/2021\/04\/Keratin-Haarverlaengerung.jpg","type":"image\/jpeg"}],"author":"Neshio","twitter_card":"summary_large_image","twitter_misc":{"Napsal(a)":"Neshio","Odhadovan\u00e1 doba \u010dten\u00ed":"5 minut"},"schema":{"@context":"https:\/\/schema.org","@graph":[{"@type":"Article","@id":"https:\/\/neshio.de\/keratin-haarverlaengerungen\/#article","isPartOf":{"@id":"https:\/\/neshio.de\/keratin-haarverlaengerungen\/"},"author":{"name":"Neshio","@id":"https:\/\/neshio.de\/#\/schema\/person\/cd50a9e3814d251c78e8f8115e950343"},"headline":"Alles, was Sie \u00fcber Keratin-Haarverl\u00e4ngerungen wissen m\u00fcssen","datePublished":"2021-04-27T14:35:20+00:00","dateModified":"2021-11-16T14:44:37+00:00","mainEntityOfPage":{"@id":"https:\/\/neshio.de\/keratin-haarverlaengerungen\/"},"wordCount":1326,"publisher":{"@id":"https:\/\/neshio.de\/#organization"},"image":{"@id":"https:\/\/neshio.de\/keratin-haarverlaengerungen\/#primaryimage"},"thumbnailUrl":"https:\/\/neshio.de\/wp-content\/uploads\/2021\/04\/Keratin-Haarverlaengerung.jpg","articleSection":["Haare","Haarstyling"],"inLanguage":"cs"},{"@type":"WebPage","@id":"https:\/\/neshio.de\/keratin-haarverlaengerungen\/","url":"https:\/\/neshio.de\/keratin-haarverlaengerungen\/","name":"V\u0161e, co pot\u0159ebujete v\u011bd\u011bt o prodlu\u017eov\u00e1n\u00ed vlas\u016f keratinem - NESHIO","isPartOf":{"@id":"https:\/\/neshio.de\/#website"},"primaryImageOfPage":{"@id":"https:\/\/neshio.de\/keratin-haarverlaengerungen\/#primaryimage"},"image":{"@id":"https:\/\/neshio.de\/keratin-haarverlaengerungen\/#primaryimage"},"thumbnailUrl":"https:\/\/neshio.de\/wp-content\/uploads\/2021\/04\/Keratin-Haarverlaengerung.jpg","datePublished":"2021-04-27T14:35:20+00:00","dateModified":"2021-11-16T14:44:37+00:00","description":"Co je keratinov\u00e9 prodlou\u017een\u00ed vlas\u016f a jak\u00e9 jsou jeho nev\u00fdhody? Zde se dozv\u00edte v\u0161e o tomto t\u00e9matu a n\u00e1kladech! \u010ct\u011bte zde!","breadcrumb":{"@id":"https:\/\/neshio.de\/keratin-haarverlaengerungen\/#breadcrumb"},"inLanguage":"cs","potentialAction":[{"@type":"ReadAction","target":["https:\/\/neshio.de\/keratin-haarverlaengerungen\/"]}]},{"@type":"ImageObject","inLanguage":"cs","@id":"https:\/\/neshio.de\/keratin-haarverlaengerungen\/#primaryimage","url":"https:\/\/neshio.de\/wp-content\/uploads\/2021\/04\/Keratin-Haarverlaengerung.jpg","contentUrl":"https:\/\/neshio.de\/wp-content\/uploads\/2021\/04\/Keratin-Haarverlaengerung.jpg","width":900,"height":671,"caption":"Keratin-Haarverlaengerung"},{"@type":"BreadcrumbList","@id":"https:\/\/neshio.de\/keratin-haarverlaengerungen\/#breadcrumb","itemListElement":[{"@type":"ListItem","position":1,"name":"NESHIO","item":"https:\/\/neshio.de\/"},{"@type":"ListItem","position":2,"name":"Haare","item":"https:\/\/neshio.de\/haare\/"},{"@type":"ListItem","position":3,"name":"Alles, was Sie \u00fcber Keratin-Haarverl\u00e4ngerungen wissen m\u00fcssen"}]},{"@type":"WebSite","@id":"https:\/\/neshio.de\/#website","url":"https:\/\/neshio.de\/","name":"NESHIO","description":"Kr\u00e1sa a zdrav\u00ed","publisher":{"@id":"https:\/\/neshio.de\/#organization"},"potentialAction":[{"@type":"SearchAction","target":{"@type":"EntryPoint","urlTemplate":"https:\/\/neshio.de\/?s={search_term_string}"},"query-input":{"@type":"PropertyValueSpecification","valueRequired":true,"valueName":"search_term_string"}}],"inLanguage":"cs"},{"@type":"Organization","@id":"https:\/\/neshio.de\/#organization","name":"NESHIO","url":"https:\/\/neshio.de\/","logo":{"@type":"ImageObject","inLanguage":"cs","@id":"https:\/\/neshio.de\/#\/schema\/logo\/image\/","url":"https:\/\/neshio.de\/wp-content\/uploads\/2021\/04\/Neshio-Logo.png","contentUrl":"https:\/\/neshio.de\/wp-content\/uploads\/2021\/04\/Neshio-Logo.png","width":247,"height":46,"caption":"NESHIO"},"image":{"@id":"https:\/\/neshio.de\/#\/schema\/logo\/image\/"},"sameAs":["https:\/\/www.facebook.com\/Neshio.Official","https:\/\/www.instagram.com\/neshio_official\/"]},{"@type":"Person","@id":"https:\/\/neshio.de\/#\/schema\/person\/cd50a9e3814d251c78e8f8115e950343","name":"Neshio","image":{"@type":"ImageObject","inLanguage":"cs","@id":"https:\/\/secure.gravatar.com\/avatar\/fc9886994fee920be4f18309945ff64d1be2a76e7b8bf237b78f54bd9bc80780?s=96&d=mm&r=g","url":"https:\/\/secure.gravatar.com\/avatar\/fc9886994fee920be4f18309945ff64d1be2a76e7b8bf237b78f54bd9bc80780?s=96&d=mm&r=g","contentUrl":"https:\/\/secure.gravatar.com\/avatar\/fc9886994fee920be4f18309945ff64d1be2a76e7b8bf237b78f54bd9bc80780?s=96&d=mm&r=g","caption":"Neshio"},"sameAs":["http:\/\/neshio.de"]}]}},"uagb_featured_image_src":{"full":["https:\/\/neshio.de\/wp-content\/uploads\/2021\/04\/Keratin-Haarverlaengerung.jpg",900,671,false],"thumbnail":["https:\/\/neshio.de\/wp-content\/uploads\/2021\/04\/Keratin-Haarverlaengerung-150x150.jpg",150,150,true],"medium":["https:\/\/neshio.de\/wp-content\/uploads\/2021\/04\/Keratin-Haarverlaengerung-300x224.jpg",300,224,true],"medium_large":["https:\/\/neshio.de\/wp-content\/uploads\/2021\/04\/Keratin-Haarverlaengerung-768x573.jpg",768,573,true],"large":["https:\/\/neshio.de\/wp-content\/uploads\/2021\/04\/Keratin-Haarverlaengerung.jpg",900,671,false],"1536x1536":["https:\/\/neshio.de\/wp-content\/uploads\/2021\/04\/Keratin-Haarverlaengerung.jpg",900,671,false],"2048x2048":["https:\/\/neshio.de\/wp-content\/uploads\/2021\/04\/Keratin-Haarverlaengerung.jpg",900,671,false],"trp-custom-language-flag":["https:\/\/neshio.de\/wp-content\/uploads\/2021\/04\/Keratin-Haarverlaengerung.jpg",16,12,false]},"uagb_author_info":{"display_name":"Neshio","author_link":"https:\/\/neshio.de\/cs\/author\/kerem085\/"},"uagb_comment_info":0,"uagb_excerpt":"Sie sind \u00fcberraschend wartungsarm. Obwohl ich derzeit relativ lange, dicke Haare habe, habe ich das Volumen und den Glanz meiner [&hellip;]","_links":{"self":[{"href":"https:\/\/neshio.de\/cs\/wp-json\/wp\/v2\/posts\/73","targetHints":{"allow":["GET"]}}],"collection":[{"href":"https:\/\/neshio.de\/cs\/wp-json\/wp\/v2\/posts"}],"about":[{"href":"https:\/\/neshio.de\/cs\/wp-json\/wp\/v2\/types\/post"}],"author":[{"embeddable":true,"href":"https:\/\/neshio.de\/cs\/wp-json\/wp\/v2\/users\/1"}],"replies":[{"embeddable":true,"href":"https:\/\/neshio.de\/cs\/wp-json\/wp\/v2\/comments?post=73"}],"version-history":[{"count":6,"href":"https:\/\/neshio.de\/cs\/wp-json\/wp\/v2\/posts\/73\/revisions"}],"predecessor-version":[{"id":270,"href":"https:\/\/neshio.de\/cs\/wp-json\/wp\/v2\/posts\/73\/revisions\/270"}],"wp:featuredmedia":[{"embeddable":true,"href":"https:\/\/neshio.de\/cs\/wp-json\/wp\/v2\/media\/77"}],"wp:attachment":[{"href":"https:\/\/neshio.de\/cs\/wp-json\/wp\/v2\/media?parent=73"}],"wp:term":[{"taxonomy":"category","embeddable":true,"href":"https:\/\/neshio.de\/cs\/wp-json\/wp\/v2\/categories?post=73"},{"taxonomy":"post_tag","embeddable":true,"href":"https:\/\/neshio.de\/cs\/wp-json\/wp\/v2\/tags?post=73"}],"curies":[{"name":"wp","href":"https:\/\/api.w.org\/{rel}","templated":true}]}}